{"id":49007,"date":"2019-04-03T14:14:30","date_gmt":"2019-04-03T11:14:30","guid":{"rendered":"http:\/\/arantv.az\/?p=49007"},"modified":"2019-04-03T14:14:30","modified_gmt":"2019-04-03T11:14:30","slug":"113-milyondan-cox-insan-k%c9%99skin-acliqla-mubariz%c9%99-aparir-bmt","status":"publish","type":"post","link":"https:\/\/arantv.az\/?p=49007","title":{"rendered":"113 milyondan \u00e7ox insan k\u0259skin acl\u0131qla m\u00fcbariz\u0259 apar\u0131r &#8211; BMT"},"content":{"rendered":"<p><strong>BMT-nin \u018frzaq v\u0259 K\u0259nd T\u0259s\u0259rr\u00fcfat\u0131 T\u0259\u015fkilat\u0131 (FAO) m\u00fcharib\u0259l\u0259r v\u0259 iqlim d\u0259yi\u015fikliyinin s\u0259b\u0259b oldu\u011fu f\u0259lak\u0259tl\u0259r\u0259 g\u00f6r\u0259 53 \u00f6lk\u0259d\u0259 113 milyondan \u00e7ox insan\u0131n k\u0259skin acl\u0131qla ya\u015fad\u0131\u011f\u0131n\u0131 bildirib.<\/strong><\/p>\n<p><span style=\"color: #000000;\"><strong>ARANTV.AZ<\/strong>\u00a0<a style=\"color: #000000;\" href=\"https:\/\/az.trend.az\/\" target=\"_blank\" rel=\"noopener\">Trend<\/a><\/span>-\u0259 istinad\u0259n x\u0259b\u0259r verir ki, FAO-nun \u0259rzaq b\u00f6hran\u0131na dair haz\u0131rlad\u0131\u011f\u0131 2019-cu il qlobal hesabat\u0131na g\u00f6r\u0259, d\u00fcnya \u0259halisinin \u00fc\u00e7d\u0259 ikisi acl\u0131q t\u0259hl\u00fck\u0259sin\u0259 m\u0259ruz qal\u0131r. Bu insanlar\u0131n \u0259ks\u0259riyy\u0259ti Y\u0259m\u0259n, Demokratik Konqo Respublikas\u0131, \u018ffqan\u0131stan v\u0259 Suriya kimi m\u00fcharib\u0259 il\u0259 \u00fczl\u0259\u015f\u0259n \u00f6lk\u0259l\u0259rd\u0259 ya\u015fay\u0131r.<\/p>\n<p>Afrika \u00f6lk\u0259l\u0259ri d\u0259 FAO-ya g\u00f6r\u0259 bu problemd\u0259n nisb\u0259tsiz bir \u015f\u0259kild\u0259 t\u0259sirl\u0259nir. Qit\u0259d\u0259ki t\u0259xmin\u0259n 72 milyon insan k\u0259skin acl\u0131qla ya\u015fay\u0131r. Hesabata g\u00f6r\u0259, qar\u015f\u0131durmalar v\u0259 t\u0259hl\u00fck\u0259sizlik bunun \u0259sas s\u0259b\u0259bl\u0259ri olsa da, iqtisadi silk\u0259l\u0259nm\u0259 v\u0259 iqlim d\u0259yi\u015fikliyin\u0259 ba\u011fl\u0131 quraql\u0131q v\u0259 sel kimi faktlar da m\u00fch\u00fcm d\u0259r\u0259c\u0259d\u0259 t\u0259sir g\u00f6st\u0259rir.<\/p>\n<p>FAO-nun f\u00f6vq\u0259lad\u0259 hallar \u00fczr\u0259 direktoru Dominik Burgeon hesab edir ki, q\u0131tl\u0131\u011f\u0131n s\u0259rh\u0259dind\u0259 olan \u00f6lk\u0259l\u0259rd\u0259 \u0259halinin t\u0259xmin\u0259n 80%-i \u0259kin\u00e7ilikl\u0259 m\u0259\u015f\u011fuldur.<\/p>\n<div id=\"AdviadNativeVideo0\" class=\"AdviadNativeVideo\"><\/div>\n<p>D.Burgeon bu \u00f6lk\u0259l\u0259rin h\u0259m t\u0259cili humanitar yard\u0131ma, h\u0259m d\u0259 k\u0259nd t\u0259s\u0259rr\u00fcfat\u0131n\u0131 d\u0259st\u0259kl\u0259m\u0259y\u0259 k\u00f6m\u0259k ed\u0259c\u0259k t\u0259dbirl\u0259r\u0259 ehtiyac\u0131 oldu\u011funu deyir. O, Venesuelada davam ed\u0259n siyasi b\u00f6hrana da diqq\u0259t \u00e7\u0259k\u0259r\u0259k yarana bil\u0259c\u0259k bir \u0259rzaq b\u00f6hran\u0131 bar\u0259d\u0259 x\u0259b\u0259rdarl\u0131q edib.<\/p>\n<p>Hesabat qlobal s\u0259viyy\u0259d\u0259 acl\u0131qla ba\u011fl\u0131 \u00e7ox az bir yax\u015f\u0131la\u015fma oldu\u011funu da g\u00f6st\u0259rir. Bel\u0259 ki, 2017-ci ild\u0259 124 milyon insan k\u0259skin acl\u0131\u011fa m\u0259ruz qal\u0131b.<\/p>\n<p>FAO 100 milyon insan\u0131n acl\u0131qla \u00fczl\u0259\u015fdiyin\u0259 dair ill\u0259rdir davam ed\u0259n v\u0259ziyy\u0259tin d\u0259yi\u015fm\u0259sinin m\u00fcmk\u00fcns\u00fczl\u00fcy\u00fc bar\u0259d\u0259 x\u0259b\u0259rdarl\u0131q edir.<\/p>\n","protected":false},"excerpt":{"rendered":"<p>BMT-nin \u018frzaq v\u0259 K\u0259nd T\u0259s\u0259rr\u00fcfat\u0131 T\u0259\u015fkilat\u0131 (FAO) m\u00fcharib\u0259l\u0259r v\u0259 iqlim d\u0259yi\u015fikliyinin s\u0259b\u0259b oldu\u011fu f\u0259lak\u0259tl\u0259r\u0259 g\u00f6r\u0259 53 \u00f6lk\u0259d\u0259 113 milyondan \u00e7ox insan\u0131n k\u0259skin acl\u0131qla ya\u015fad\u0131\u011f\u0131n\u0131 bildirib. ARANTV.AZ\u00a0Trend-\u0259 istinad\u0259n x\u0259b\u0259r verir ki, FAO-nun \u0259rzaq b\u00f6hran\u0131na dair haz\u0131rlad\u0131\u011f\u0131 2019-cu il qlobal hesabat\u0131na g\u00f6r\u0259, d\u00fcnya \u0259halisinin \u00fc\u00e7d\u0259 ikisi acl\u0131q t\u0259hl\u00fck\u0259sin\u0259 m\u0259ruz qal\u0131r. Bu insanlar\u0131n \u0259ks\u0259riyy\u0259ti Y\u0259m\u0259n, Demokratik Konqo Respublikas\u0131, \u018ffqan\u0131stan v\u0259 Suriya kimi m\u00fcharib\u0259 il\u0259 \u00fczl\u0259\u015f\u0259n \u00f6lk\u0259l\u0259rd\u0259 ya\u015fay\u0131r. Afrika \u00f6lk\u0259l\u0259ri d\u0259 FAO-ya g\u00f6r\u0259 bu problemd\u0259n nisb\u0259tsiz bir \u015f\u0259kild\u0259 t\u0259sirl\u0259nir. Qit\u0259d\u0259ki t\u0259xmin\u0259n 72 milyon insan k\u0259skin acl\u0131qla ya\u015fay\u0131r. Hesabata g\u00f6r\u0259, qar\u015f\u0131durmalar v\u0259 t\u0259hl\u00fck\u0259sizlik bunun \u0259sas&hellip;<\/p>\n","protected":false},"author":2,"featured_media":49008,"comment_status":"closed","ping_status":"closed","sticky":false,"template":"","format":"standard","meta":{"om_disable_all_campaigns":false,"_monsterinsights_skip_tracking":false,"_monsterinsights_sitenote_active":false,"_monsterinsights_sitenote_note":"","_monsterinsights_sitenote_category":0},"categories":[7],"tags":[],"aioseo_notices":[],"gutentor_comment":0,"rttpg_featured_image_url":{"full":["https:\/\/arantv.az\/wp-content\/uploads\/2019\/04\/743902.jpg",600,450,false],"landscape":["https:\/\/arantv.az\/wp-content\/uploads\/2019\/04\/743902.jpg",600,450,false],"portraits":["https:\/\/arantv.az\/wp-content\/uploads\/2019\/04\/743902.jpg",600,450,false],"thumbnail":["https:\/\/arantv.az\/wp-content\/uploads\/2019\/04\/743902-150x150.jpg",150,150,true],"medium":["https:\/\/arantv.az\/wp-content\/uploads\/2019\/04\/743902-300x225.jpg",300,225,true],"large":["https:\/\/arantv.az\/wp-content\/uploads\/2019\/04\/743902.jpg",600,450,false],"1536x1536":["https:\/\/arantv.az\/wp-content\/uploads\/2019\/04\/743902.jpg",600,450,false],"2048x2048":["https:\/\/arantv.az\/wp-content\/uploads\/2019\/04\/743902.jpg",600,450,false],"post-thumbnail":["https:\/\/arantv.az\/wp-content\/uploads\/2019\/04\/743902-240x172.jpg",240,172,true],"advps-thumb-one":["https:\/\/arantv.az\/wp-content\/uploads\/2019\/04\/743902.jpg",600,450,false]},"rttpg_author":{"display_name":"V\u00fcsal Rafiqo\u011flu","author_link":"https:\/\/arantv.az\/?author=2"},"rttpg_comment":0,"rttpg_category":"<a href=\"https:\/\/arantv.az\/?cat=7\" rel=\"category\">D\u00fcnya<\/a>","rttpg_excerpt":"BMT-nin \u018frzaq v\u0259 K\u0259nd T\u0259s\u0259rr\u00fcfat\u0131 T\u0259\u015fkilat\u0131 (FAO) m\u00fcharib\u0259l\u0259r v\u0259 iqlim d\u0259yi\u015fikliyinin s\u0259b\u0259b oldu\u011fu f\u0259lak\u0259tl\u0259r\u0259 g\u00f6r\u0259 53 \u00f6lk\u0259d\u0259 113 milyondan \u00e7ox insan\u0131n k\u0259skin acl\u0131qla ya\u015fad\u0131\u011f\u0131n\u0131 bildirib. ARANTV.AZ\u00a0Trend-\u0259 istinad\u0259n x\u0259b\u0259r verir ki, FAO-nun \u0259rzaq b\u00f6hran\u0131na dair haz\u0131rlad\u0131\u011f\u0131 2019-cu il qlobal hesabat\u0131na g\u00f6r\u0259, d\u00fcnya \u0259halisinin \u00fc\u00e7d\u0259 ikisi acl\u0131q t\u0259hl\u00fck\u0259sin\u0259 m\u0259ruz qal\u0131r. Bu insanlar\u0131n \u0259ks\u0259riyy\u0259ti Y\u0259m\u0259n, Demokratik Konqo Respublikas\u0131,&hellip;","_links":{"self":[{"href":"https:\/\/arantv.az\/index.php?rest_route=\/wp\/v2\/posts\/49007"}],"collection":[{"href":"https:\/\/arantv.az\/index.php?rest_route=\/wp\/v2\/posts"}],"about":[{"href":"https:\/\/arantv.az\/index.php?rest_route=\/wp\/v2\/types\/post"}],"author":[{"embeddable":true,"href":"https:\/\/arantv.az\/index.php?rest_route=\/wp\/v2\/users\/2"}],"replies":[{"embeddable":true,"href":"https:\/\/arantv.az\/index.php?rest_route=%2Fwp%2Fv2%2Fcomments&post=49007"}],"version-history":[{"count":0,"href":"https:\/\/arantv.az\/index.php?rest_route=\/wp\/v2\/posts\/49007\/revisions"}],"wp:featuredmedia":[{"embeddable":true,"href":"https:\/\/arantv.az\/index.php?rest_route=\/wp\/v2\/media\/49008"}],"wp:attachment":[{"href":"https:\/\/arantv.az\/index.php?rest_route=%2Fwp%2Fv2%2Fmedia&parent=49007"}],"wp:term":[{"taxonomy":"category","embeddable":true,"href":"https:\/\/arantv.az\/index.php?rest_route=%2Fwp%2Fv2%2Fcategories&post=49007"},{"taxonomy":"post_tag","embeddable":true,"href":"https:\/\/arantv.az\/index.php?rest_route=%2Fwp%2Fv2%2Ftags&post=49007"}],"curies":[{"name":"wp","href":"https:\/\/api.w.org\/{rel}","templated":true}]}}