{"id":49010,"date":"2019-04-03T14:15:27","date_gmt":"2019-04-03T11:15:27","guid":{"rendered":"http:\/\/arantv.az\/?p=49010"},"modified":"2019-04-03T14:15:27","modified_gmt":"2019-04-03T11:15:27","slug":"erm%c9%99nistanin-kecmis-mudafi%c9%99-naziri-az%c9%99rbaycan-ordusu-cox-guclu-v%c9%99-qudr%c9%99tlidir","status":"publish","type":"post","link":"https:\/\/arantv.az\/?p=49010","title":{"rendered":"Erm\u0259nistan\u0131n ke\u00e7mi\u015f m\u00fcdafi\u0259 naziri: \u201cAz\u0259rbaycan ordusu \u00e7ox g\u00fccl\u00fc v\u0259 q\u00fcdr\u0259tlidir\u201d"},"content":{"rendered":"<p><strong>Erm\u0259nistan\u0131n ke\u00e7mi\u015f m\u00fcdafi\u0259 naziri Vigen Sarkisyan jurnalistl\u0259r\u0259 a\u00e7\u0131qlama verib.<\/strong><\/p>\n<p><strong>ARANTV.AZ<\/strong>\u00a0 \u00f6lk\u0259.az-a istinad\u0259n\u00a0x\u0259b\u0259r verir ki, Sarkisyan Az\u0259rbaycan ordusunun g\u00fcc\u00fcn\u00fc v\u0259 b\u00f6y\u00fckl\u00fcy\u00fcn\u00fc etiraf edib:<br \/>\n&#8220;V\u0259ziyy\u0259td\u0259n as\u0131l\u0131 olmayaraq, erm\u0259ni t\u0259r\u0259fi Az\u0259rbaycan\u0131n h\u0259r\u0259k\u0259tl\u0259rin\u0259 cavab verm\u0259lidir. Az\u0259rbaycan ordusu \u00e7ox g\u00fccl\u00fc, t\u0259hl\u00fck\u0259li v\u0259 q\u00fcdr\u0259tlidir. Az\u0259rbaycan ordusu Erm\u0259nistan \u00fc\u00e7\u00fcn, h\u0259yat\u0131m\u0131z\u00a0 v\u0259 m\u00fcst\u0259qilliyimiz \u00fc\u00e7\u00fcn t\u0259hl\u00fck\u0259dir. Biz h\u0259r zaman haz\u0131r olmal\u0131y\u0131q. 2016-c\u0131 ilin aprel ay\u0131ndan d\u0259rs \u00e7\u0131xarmal\u0131y\u0131q&#8221;.<\/p>\n","protected":false},"excerpt":{"rendered":"<p>Erm\u0259nistan\u0131n ke\u00e7mi\u015f m\u00fcdafi\u0259 naziri Vigen Sarkisyan jurnalistl\u0259r\u0259 a\u00e7\u0131qlama verib. ARANTV.AZ\u00a0 \u00f6lk\u0259.az-a istinad\u0259n\u00a0x\u0259b\u0259r verir ki, Sarkisyan Az\u0259rbaycan ordusunun g\u00fcc\u00fcn\u00fc v\u0259 b\u00f6y\u00fckl\u00fcy\u00fcn\u00fc etiraf edib: &#8220;V\u0259ziyy\u0259td\u0259n as\u0131l\u0131 olmayaraq, erm\u0259ni t\u0259r\u0259fi Az\u0259rbaycan\u0131n h\u0259r\u0259k\u0259tl\u0259rin\u0259 cavab verm\u0259lidir. Az\u0259rbaycan ordusu \u00e7ox g\u00fccl\u00fc, t\u0259hl\u00fck\u0259li v\u0259 q\u00fcdr\u0259tlidir. Az\u0259rbaycan ordusu Erm\u0259nistan \u00fc\u00e7\u00fcn, h\u0259yat\u0131m\u0131z\u00a0 v\u0259 m\u00fcst\u0259qilliyimiz \u00fc\u00e7\u00fcn t\u0259hl\u00fck\u0259dir. Biz h\u0259r zaman haz\u0131r olmal\u0131y\u0131q. 2016-c\u0131 ilin aprel ay\u0131ndan d\u0259rs \u00e7\u0131xarmal\u0131y\u0131q&#8221;.<\/p>\n","protected":false},"author":2,"featured_media":49011,"comment_status":"closed","ping_status":"closed","sticky":false,"template":"","format":"standard","meta":{"om_disable_all_campaigns":false,"_monsterinsights_skip_tracking":false,"_monsterinsights_sitenote_active":false,"_monsterinsights_sitenote_note":"","_monsterinsights_sitenote_category":0},"categories":[4],"tags":[],"aioseo_notices":[],"gutentor_comment":0,"rttpg_featured_image_url":{"full":["https:\/\/arantv.az\/wp-content\/uploads\/2019\/04\/743914.jpg",800,600,false],"landscape":["https:\/\/arantv.az\/wp-content\/uploads\/2019\/04\/743914.jpg",800,600,false],"portraits":["https:\/\/arantv.az\/wp-content\/uploads\/2019\/04\/743914.jpg",800,600,false],"thumbnail":["https:\/\/arantv.az\/wp-content\/uploads\/2019\/04\/743914-150x150.jpg",150,150,true],"medium":["https:\/\/arantv.az\/wp-content\/uploads\/2019\/04\/743914-300x225.jpg",300,225,true],"large":["https:\/\/arantv.az\/wp-content\/uploads\/2019\/04\/743914.jpg",640,480,false],"1536x1536":["https:\/\/arantv.az\/wp-content\/uploads\/2019\/04\/743914.jpg",800,600,false],"2048x2048":["https:\/\/arantv.az\/wp-content\/uploads\/2019\/04\/743914.jpg",800,600,false],"post-thumbnail":["https:\/\/arantv.az\/wp-content\/uploads\/2019\/04\/743914-240x172.jpg",240,172,true],"advps-thumb-one":["https:\/\/arantv.az\/wp-content\/uploads\/2019\/04\/743914.jpg",800,600,false]},"rttpg_author":{"display_name":"V\u00fcsal Rafiqo\u011flu","author_link":"https:\/\/arantv.az\/?author=2"},"rttpg_comment":0,"rttpg_category":"<a href=\"https:\/\/arantv.az\/?cat=4\" rel=\"category\">Siyas\u0259t<\/a>","rttpg_excerpt":"Erm\u0259nistan\u0131n ke\u00e7mi\u015f m\u00fcdafi\u0259 naziri Vigen Sarkisyan jurnalistl\u0259r\u0259 a\u00e7\u0131qlama verib. ARANTV.AZ\u00a0 \u00f6lk\u0259.az-a istinad\u0259n\u00a0x\u0259b\u0259r verir ki, Sarkisyan Az\u0259rbaycan ordusunun g\u00fcc\u00fcn\u00fc v\u0259 b\u00f6y\u00fckl\u00fcy\u00fcn\u00fc etiraf edib: &#8220;V\u0259ziyy\u0259td\u0259n as\u0131l\u0131 olmayaraq, erm\u0259ni t\u0259r\u0259fi Az\u0259rbaycan\u0131n h\u0259r\u0259k\u0259tl\u0259rin\u0259 cavab verm\u0259lidir. Az\u0259rbaycan ordusu \u00e7ox g\u00fccl\u00fc, t\u0259hl\u00fck\u0259li v\u0259 q\u00fcdr\u0259tlidir. Az\u0259rbaycan ordusu Erm\u0259nistan \u00fc\u00e7\u00fcn, h\u0259yat\u0131m\u0131z\u00a0 v\u0259 m\u00fcst\u0259qilliyimiz \u00fc\u00e7\u00fcn t\u0259hl\u00fck\u0259dir. Biz h\u0259r zaman haz\u0131r olmal\u0131y\u0131q. 2016-c\u0131 ilin aprel&hellip;","_links":{"self":[{"href":"https:\/\/arantv.az\/index.php?rest_route=\/wp\/v2\/posts\/49010"}],"collection":[{"href":"https:\/\/arantv.az\/index.php?rest_route=\/wp\/v2\/posts"}],"about":[{"href":"https:\/\/arantv.az\/index.php?rest_route=\/wp\/v2\/types\/post"}],"author":[{"embeddable":true,"href":"https:\/\/arantv.az\/index.php?rest_route=\/wp\/v2\/users\/2"}],"replies":[{"embeddable":true,"href":"https:\/\/arantv.az\/index.php?rest_route=%2Fwp%2Fv2%2Fcomments&post=49010"}],"version-history":[{"count":0,"href":"https:\/\/arantv.az\/index.php?rest_route=\/wp\/v2\/posts\/49010\/revisions"}],"wp:featuredmedia":[{"embeddable":true,"href":"https:\/\/arantv.az\/index.php?rest_route=\/wp\/v2\/media\/49011"}],"wp:attachment":[{"href":"https:\/\/arantv.az\/index.php?rest_route=%2Fwp%2Fv2%2Fmedia&parent=49010"}],"wp:term":[{"taxonomy":"category","embeddable":true,"href":"https:\/\/arantv.az\/index.php?rest_route=%2Fwp%2Fv2%2Fcategories&post=49010"},{"taxonomy":"post_tag","embeddable":true,"href":"https:\/\/arantv.az\/index.php?rest_route=%2Fwp%2Fv2%2Ftags&post=49010"}],"curies":[{"name":"wp","href":"https:\/\/api.w.org\/{rel}","templated":true}]}}