{"id":49013,"date":"2019-04-03T15:10:05","date_gmt":"2019-04-03T12:10:05","guid":{"rendered":"http:\/\/arantv.az\/?p=49013"},"modified":"2019-04-03T15:10:05","modified_gmt":"2019-04-03T12:10:05","slug":"%c9%99vv%c9%99l-f%c9%99hl%c9%99-sonra-nazir-indi-is%c9%99-rektor-heyd%c9%99r-%c9%99s%c9%99dovun-dosyesi","status":"publish","type":"post","link":"https:\/\/arantv.az\/?p=49013","title":{"rendered":"\u018fvv\u0259l f\u0259hl\u0259, sonra nazir, indi is\u0259 rektor &#8211; Heyd\u0259r \u018fs\u0259dovun dosyesi"},"content":{"rendered":"<p>X\u0259b\u0259r verdiyimiz kimi, bu g\u00fcn Prezident \u0130lham \u018fliyev Az\u0259rbaycan D\u00f6vl\u0259t D\u0259niz Akademiyas\u0131na yeni rektoru t\u0259yin edib.<\/p>\n<p><b>ARANTV.AZ<\/b>-\u0131n m\u0259lumat\u0131na g\u00f6r\u0259, d\u00f6vl\u0259t ba\u015f\u00e7\u0131s\u0131n\u0131n imzalad\u0131\u011f\u0131 s\u0259r\u0259ncama \u0259sas\u0259n, Heyd\u0259r \u018fs\u0259dov Az\u0259rbaycan D\u00f6vl\u0259t D\u0259niz Akademiyas\u0131n\u0131n rektoru v\u0259zif\u0259sin\u0259 t\u0259yinat al\u0131b.<br \/>\nH.\u018fs\u0259dov 1959-cu il oktyabr ay\u0131n\u0131n 24-d\u0259 anadan olub. 1978-ci ild\u0259 Bak\u0131 Sovet Ticar\u0259ti Texnikumunun m\u00fchasibat u\u00e7otu fak\u00fclt\u0259sini, 1983-c\u00fc ild\u0259 is\u0259 D.B\u00fcnyadzad\u0259 ad\u0131na Az\u0259rbaycan Xalq T\u0259s\u0259rr\u00fcfat\u0131 \u0130nstitutunun U\u00e7ot-iqtisad fak\u00fclt\u0259sini bitirib.<\/p>\n<p>1978-1984-c\u00fc ill\u0259rd\u0259 \u0130nstitutda oxudu\u011fu ill\u0259rd\u0259 f\u0259hl\u0259, m\u00fchasib, b\u00f6y\u00fck m\u00fchasib, b\u00f6y\u00fck t\u0259fti\u015f\u00e7i v\u0259zif\u0259l\u0259rind\u0259 \u00e7al\u0131\u015fm\u0131\u015fd\u0131r. 1983-1992-ci ill\u0259rd\u0259 Az\u0259rbaycan D\u00f6vl\u0259t \u0130qtisad \u0130nstitutunda m\u00fc\u0259llim, ba\u015f m\u00fc\u0259llim v\u0259zif\u0259l\u0259rind\u0259 i\u015fl\u0259mi\u015f, 1987-ci ild\u0259 M.V.Lomonosov ad\u0131na Moskva D\u00f6vl\u0259t Universitetind\u0259 namiz\u0259dlik dissertasiyas\u0131n\u0131 m\u00fcdafi\u0259 ed\u0259r\u0259k iqtisad elml\u0259ri namiz\u0259di alimlik d\u0259r\u0259c\u0259sini al\u0131b. 1992-1995-ci ill\u0259rd\u0259 T\u00fcrkiy\u0259nin M\u0259rm\u0259r\u0259 Universitetinin doktorant\u0131 olub.<\/p>\n<p><img class=\"imgbcodecent\" src=\"https:\/\/upload.az\/foto\/arxiv\/2017--1554283464.jpg\" alt=\"\u018fvv\u0259l f\u0259hl\u0259, sonra nazir, indi is\u0259 rektor - Heyd\u0259r \u018fs\u0259dovun dosyesi\" \/><\/p>\n<div id=\"AdviadNativeVideo0\" class=\"AdviadNativeVideo\"><\/div>\n<p>1995-ci ild\u0259 Az\u0259rbaycan Respublikas\u0131 Prezidentinin S\u0259r\u0259ncam\u0131 il\u0259 Maliyy\u0259 nazirinin m\u00fcavini t\u0259yin edilib, 1996-2007-ci ill\u0259rd\u0259 Maliyy\u0259 Nazirliyi yan\u0131nda Ba\u015f D\u00f6vl\u0259t X\u0259zin\u0259darl\u0131\u011f\u0131n\u0131n Ba\u015f direktoru, Az\u0259rbaycan Respublikas\u0131 Maliyy\u0259 nazirinin m\u00fcavini, 2007-2013-c\u00fc ill\u0259rd\u0259 is\u0259 Az\u0259rbaycan Respublikas\u0131 Hesablama Palatas\u0131n\u0131n s\u0259dri v\u0259zif\u0259l\u0259rind\u0259 \u00e7al\u0131\u015f\u0131b.<\/p>\n<p>H.\u018fs\u0259dov prezidentin 22 oktyabr 2013-c\u00fc il tarixli s\u0259r\u0259ncam\u0131 il\u0259 Az\u0259rbaycan\u0131n k\u0259nd t\u0259s\u0259rr\u00fcfat\u0131 naziri v\u0259zif\u0259sin\u0259 t\u0259yin edilib. 2018-ci ilin aprelin ay\u0131nda is\u0259 v\u0259zif\u0259sind\u0259n azad olunub.<\/p>\n<p>O, 2011-ci ild\u0259 2-ci d\u0259r\u0259c\u0259li &#8220;V\u0259t\u0259n\u0259 xidm\u0259t\u0259 g\u00f6r\u0259&#8221; ordeni il\u0259 t\u0259ltif olunub. 3 monoqrafiyan\u0131n v\u0259 30-dan \u00e7ox elmi \u0259s\u0259rin m\u00fc\u0259llifidir. Ail\u0259lidir. \u00dc\u00e7 \u00f6vlad\u0131 var.<\/p>\n<p><img class=\"imgbcodecent\" src=\"https:\/\/upload.az\/foto\/arxiv\/milli-1554283647.jpg\" alt=\"\u018fvv\u0259l f\u0259hl\u0259, sonra nazir, indi is\u0259 rektor - Heyd\u0259r \u018fs\u0259dovun dosyesi\" \/><\/p>\n<p>big.az<\/p>\n","protected":false},"excerpt":{"rendered":"<p>X\u0259b\u0259r verdiyimiz kimi, bu g\u00fcn Prezident \u0130lham \u018fliyev Az\u0259rbaycan D\u00f6vl\u0259t D\u0259niz Akademiyas\u0131na yeni rektoru t\u0259yin edib. ARANTV.AZ-\u0131n m\u0259lumat\u0131na g\u00f6r\u0259, d\u00f6vl\u0259t ba\u015f\u00e7\u0131s\u0131n\u0131n imzalad\u0131\u011f\u0131 s\u0259r\u0259ncama \u0259sas\u0259n, Heyd\u0259r \u018fs\u0259dov Az\u0259rbaycan D\u00f6vl\u0259t D\u0259niz Akademiyas\u0131n\u0131n rektoru v\u0259zif\u0259sin\u0259 t\u0259yinat al\u0131b. H.\u018fs\u0259dov 1959-cu il oktyabr ay\u0131n\u0131n 24-d\u0259 anadan olub. 1978-ci ild\u0259 Bak\u0131 Sovet Ticar\u0259ti Texnikumunun m\u00fchasibat u\u00e7otu fak\u00fclt\u0259sini, 1983-c\u00fc ild\u0259 is\u0259 D.B\u00fcnyadzad\u0259 ad\u0131na Az\u0259rbaycan Xalq T\u0259s\u0259rr\u00fcfat\u0131 \u0130nstitutunun U\u00e7ot-iqtisad fak\u00fclt\u0259sini bitirib. 1978-1984-c\u00fc ill\u0259rd\u0259 \u0130nstitutda oxudu\u011fu ill\u0259rd\u0259 f\u0259hl\u0259, m\u00fchasib, b\u00f6y\u00fck m\u00fchasib, b\u00f6y\u00fck t\u0259fti\u015f\u00e7i v\u0259zif\u0259l\u0259rind\u0259 \u00e7al\u0131\u015fm\u0131\u015fd\u0131r. 1983-1992-ci ill\u0259rd\u0259 Az\u0259rbaycan D\u00f6vl\u0259t \u0130qtisad \u0130nstitutunda m\u00fc\u0259llim, ba\u015f m\u00fc\u0259llim v\u0259zif\u0259l\u0259rind\u0259 i\u015fl\u0259mi\u015f, 1987-ci ild\u0259 M.V.Lomonosov&hellip;<\/p>\n","protected":false},"author":2,"featured_media":49014,"comment_status":"closed","ping_status":"closed","sticky":false,"template":"","format":"standard","meta":{"om_disable_all_campaigns":false,"_monsterinsights_skip_tracking":false,"_monsterinsights_sitenote_active":false,"_monsterinsights_sitenote_note":"","_monsterinsights_sitenote_category":0},"categories":[19],"tags":[],"aioseo_notices":[],"gutentor_comment":0,"rttpg_featured_image_url":{"full":["https:\/\/arantv.az\/wp-content\/uploads\/2019\/04\/1159016.jpg",648,371,false],"landscape":["https:\/\/arantv.az\/wp-content\/uploads\/2019\/04\/1159016.jpg",648,371,false],"portraits":["https:\/\/arantv.az\/wp-content\/uploads\/2019\/04\/1159016.jpg",648,371,false],"thumbnail":["https:\/\/arantv.az\/wp-content\/uploads\/2019\/04\/1159016-150x150.jpg",150,150,true],"medium":["https:\/\/arantv.az\/wp-content\/uploads\/2019\/04\/1159016-300x172.jpg",300,172,true],"large":["https:\/\/arantv.az\/wp-content\/uploads\/2019\/04\/1159016.jpg",640,366,false],"1536x1536":["https:\/\/arantv.az\/wp-content\/uploads\/2019\/04\/1159016.jpg",648,371,false],"2048x2048":["https:\/\/arantv.az\/wp-content\/uploads\/2019\/04\/1159016.jpg",648,371,false],"post-thumbnail":["https:\/\/arantv.az\/wp-content\/uploads\/2019\/04\/1159016-240x172.jpg",240,172,true],"advps-thumb-one":["https:\/\/arantv.az\/wp-content\/uploads\/2019\/04\/1159016.jpg",648,371,false]},"rttpg_author":{"display_name":"V\u00fcsal Rafiqo\u011flu","author_link":"https:\/\/arantv.az\/?author=2"},"rttpg_comment":0,"rttpg_category":"<a href=\"https:\/\/arantv.az\/?cat=19\" rel=\"category\">G\u00fcnd\u0259m<\/a>","rttpg_excerpt":"X\u0259b\u0259r verdiyimiz kimi, bu g\u00fcn Prezident \u0130lham \u018fliyev Az\u0259rbaycan D\u00f6vl\u0259t D\u0259niz Akademiyas\u0131na yeni rektoru t\u0259yin edib. ARANTV.AZ-\u0131n m\u0259lumat\u0131na g\u00f6r\u0259, d\u00f6vl\u0259t ba\u015f\u00e7\u0131s\u0131n\u0131n imzalad\u0131\u011f\u0131 s\u0259r\u0259ncama \u0259sas\u0259n, Heyd\u0259r \u018fs\u0259dov Az\u0259rbaycan D\u00f6vl\u0259t D\u0259niz Akademiyas\u0131n\u0131n rektoru v\u0259zif\u0259sin\u0259 t\u0259yinat al\u0131b. H.\u018fs\u0259dov 1959-cu il oktyabr ay\u0131n\u0131n 24-d\u0259 anadan olub. 1978-ci ild\u0259 Bak\u0131 Sovet Ticar\u0259ti Texnikumunun m\u00fchasibat u\u00e7otu fak\u00fclt\u0259sini, 1983-c\u00fc ild\u0259 is\u0259 D.B\u00fcnyadzad\u0259&hellip;","_links":{"self":[{"href":"https:\/\/arantv.az\/index.php?rest_route=\/wp\/v2\/posts\/49013"}],"collection":[{"href":"https:\/\/arantv.az\/index.php?rest_route=\/wp\/v2\/posts"}],"about":[{"href":"https:\/\/arantv.az\/index.php?rest_route=\/wp\/v2\/types\/post"}],"author":[{"embeddable":true,"href":"https:\/\/arantv.az\/index.php?rest_route=\/wp\/v2\/users\/2"}],"replies":[{"embeddable":true,"href":"https:\/\/arantv.az\/index.php?rest_route=%2Fwp%2Fv2%2Fcomments&post=49013"}],"version-history":[{"count":0,"href":"https:\/\/arantv.az\/index.php?rest_route=\/wp\/v2\/posts\/49013\/revisions"}],"wp:featuredmedia":[{"embeddable":true,"href":"https:\/\/arantv.az\/index.php?rest_route=\/wp\/v2\/media\/49014"}],"wp:attachment":[{"href":"https:\/\/arantv.az\/index.php?rest_route=%2Fwp%2Fv2%2Fmedia&parent=49013"}],"wp:term":[{"taxonomy":"category","embeddable":true,"href":"https:\/\/arantv.az\/index.php?rest_route=%2Fwp%2Fv2%2Fcategories&post=49013"},{"taxonomy":"post_tag","embeddable":true,"href":"https:\/\/arantv.az\/index.php?rest_route=%2Fwp%2Fv2%2Ftags&post=49013"}],"curies":[{"name":"wp","href":"https:\/\/api.w.org\/{rel}","templated":true}]}}