{"id":49017,"date":"2019-04-03T15:17:58","date_gmt":"2019-04-03T12:17:58","guid":{"rendered":"http:\/\/arantv.az\/?p=49017"},"modified":"2019-04-03T16:02:26","modified_gmt":"2019-04-03T13:02:26","slug":"randan-sogan-ixracina-qadaga-yayin-sonuna-q%c9%99d%c9%99r-davam-ed%c9%99-bil%c9%99r","status":"publish","type":"post","link":"https:\/\/arantv.az\/?p=49017","title":{"rendered":"\u0130randan so\u011fan ixrac\u0131na qada\u011fa yay\u0131n sonuna q\u0259d\u0259r davam ed\u0259 bil\u0259r"},"content":{"rendered":"<blockquote><p><em><strong>\u0130randa yerli bazarda v\u0259ziyy\u0259t nizama sal\u0131nana q\u0259d\u0259r kartof v\u0259 so\u011fan ixrac\u0131na qoyulan qada\u011fa q\u00fcvv\u0259d\u0259 qalacaq.<\/strong><\/em><\/p><\/blockquote>\n<p><strong>ARANTV.AZ\u00a0<\/strong>\u00a0<span style=\"color: #000000;\"><a style=\"color: #000000;\" href=\"http:\/\/az.trend.az\/\" target=\"_blank\" rel=\"noopener\">Trend<\/a><\/span>-\u0259 istinad\u0259n bildirir ki, bunu \u00f6lk\u0259nin s\u0259naye, m\u0259d\u0259n v\u0259 ticar\u0259t naziri Rza R\u0259hmani deyib.<\/p>\n<p>\u0130ran\u0131n K\u0259nd T\u0259s\u0259rr\u00fcfat\u0131 Nazirliyinin K\u0259nd T\u0259s\u0259rr\u00fcfat\u0131 Sektoru T\u0259hl\u00fck\u0259l\u0259rinin Azald\u0131lmas\u0131 v\u0259 F\u00f6vq\u0259lad\u0259 Hallar\u0131n \u0130dar\u0259 Edilm\u0259si \u0130dar\u0259sinin ba\u015f direktoru M\u0259h\u0259mm\u0259d Mus\u0259vi is\u0259 bildirib ki, sel v\u0259 da\u015fq\u0131nlar n\u0259tic\u0259sind\u0259 12 g\u00fcn \u0259rzind\u0259 \u0130ran\u0131n 12 vilay\u0259tinin k\u0259nd t\u0259s\u0259rr\u00fcfat\u0131na 45 trilyon rialdan \u00e7ox (t\u0259xmin\u0259n 1,07 milyard dollar) ziyan d\u0259yib. Bu ziyan n\u0259tic\u0259sind\u0259 kartof v\u0259 so\u011fan\u0131n ixrac\u0131 dayand\u0131r\u0131l\u0131b.<\/p>\n<div id=\"AdviadNativeVideo0\" class=\"AdviadNativeVideo\"><\/div>\n<p>Qeyd ed\u0259k ki, \u0130randa ild\u0259 t\u0259xmin\u0259n 5 milyon ton kartof istehsal edilir. 4,5 milyon tonu \u00f6lk\u0259daxili t\u0259l\u0259bat\u0131 \u00f6d\u0259yir, 500 min ton kartof is\u0259 ixrac \u00fc\u00e7\u00fcn n\u0259z\u0259rd\u0259 tutulur.<\/p>\n<p>K\u0259nd t\u0259s\u0259rr\u00fcfat\u0131na d\u0259y\u0259n ziyanlar\u0131 n\u0259z\u0259r\u0259 alsaq, kartof v\u0259 so\u011fan\u0131n ixrac\u0131na qoyulan qada\u011fan\u0131n yay\u0131n sonunad\u0259k davam ed\u0259c\u0259yini proqnozla\u015fd\u0131rmaq olar.<\/p>\n","protected":false},"excerpt":{"rendered":"<p>\u0130randa yerli bazarda v\u0259ziyy\u0259t nizama sal\u0131nana q\u0259d\u0259r kartof v\u0259 so\u011fan ixrac\u0131na qoyulan qada\u011fa q\u00fcvv\u0259d\u0259 qalacaq. ARANTV.AZ\u00a0\u00a0Trend-\u0259 istinad\u0259n bildirir ki, bunu \u00f6lk\u0259nin s\u0259naye, m\u0259d\u0259n v\u0259 ticar\u0259t naziri Rza R\u0259hmani deyib. \u0130ran\u0131n K\u0259nd T\u0259s\u0259rr\u00fcfat\u0131 Nazirliyinin K\u0259nd T\u0259s\u0259rr\u00fcfat\u0131 Sektoru T\u0259hl\u00fck\u0259l\u0259rinin Azald\u0131lmas\u0131 v\u0259 F\u00f6vq\u0259lad\u0259 Hallar\u0131n \u0130dar\u0259 Edilm\u0259si \u0130dar\u0259sinin ba\u015f direktoru M\u0259h\u0259mm\u0259d Mus\u0259vi is\u0259 bildirib ki, sel v\u0259 da\u015fq\u0131nlar n\u0259tic\u0259sind\u0259 12 g\u00fcn \u0259rzind\u0259 \u0130ran\u0131n 12 vilay\u0259tinin k\u0259nd t\u0259s\u0259rr\u00fcfat\u0131na 45 trilyon rialdan \u00e7ox (t\u0259xmin\u0259n 1,07 milyard dollar) ziyan d\u0259yib. Bu ziyan n\u0259tic\u0259sind\u0259 kartof v\u0259 so\u011fan\u0131n ixrac\u0131 dayand\u0131r\u0131l\u0131b. Qeyd ed\u0259k ki, \u0130randa ild\u0259 t\u0259xmin\u0259n 5 milyon ton&hellip;<\/p>\n","protected":false},"author":2,"featured_media":49018,"comment_status":"closed","ping_status":"closed","sticky":false,"template":"","format":"standard","meta":{"om_disable_all_campaigns":false,"_monsterinsights_skip_tracking":false,"_monsterinsights_sitenote_active":false,"_monsterinsights_sitenote_note":"","_monsterinsights_sitenote_category":0},"categories":[7],"tags":[],"aioseo_notices":[],"gutentor_comment":0,"rttpg_featured_image_url":{"full":["https:\/\/arantv.az\/wp-content\/uploads\/2019\/04\/sogan_2334786565.jpg",800,600,false],"landscape":["https:\/\/arantv.az\/wp-content\/uploads\/2019\/04\/sogan_2334786565.jpg",800,600,false],"portraits":["https:\/\/arantv.az\/wp-content\/uploads\/2019\/04\/sogan_2334786565.jpg",800,600,false],"thumbnail":["https:\/\/arantv.az\/wp-content\/uploads\/2019\/04\/sogan_2334786565-150x150.jpg",150,150,true],"medium":["https:\/\/arantv.az\/wp-content\/uploads\/2019\/04\/sogan_2334786565-300x225.jpg",300,225,true],"large":["https:\/\/arantv.az\/wp-content\/uploads\/2019\/04\/sogan_2334786565.jpg",640,480,false],"1536x1536":["https:\/\/arantv.az\/wp-content\/uploads\/2019\/04\/sogan_2334786565.jpg",800,600,false],"2048x2048":["https:\/\/arantv.az\/wp-content\/uploads\/2019\/04\/sogan_2334786565.jpg",800,600,false],"post-thumbnail":["https:\/\/arantv.az\/wp-content\/uploads\/2019\/04\/sogan_2334786565-240x172.jpg",240,172,true],"advps-thumb-one":["https:\/\/arantv.az\/wp-content\/uploads\/2019\/04\/sogan_2334786565.jpg",800,600,false]},"rttpg_author":{"display_name":"V\u00fcsal Rafiqo\u011flu","author_link":"https:\/\/arantv.az\/?author=2"},"rttpg_comment":0,"rttpg_category":"<a href=\"https:\/\/arantv.az\/?cat=7\" rel=\"category\">D\u00fcnya<\/a>","rttpg_excerpt":"\u0130randa yerli bazarda v\u0259ziyy\u0259t nizama sal\u0131nana q\u0259d\u0259r kartof v\u0259 so\u011fan ixrac\u0131na qoyulan qada\u011fa q\u00fcvv\u0259d\u0259 qalacaq. ARANTV.AZ\u00a0\u00a0Trend-\u0259 istinad\u0259n bildirir ki, bunu \u00f6lk\u0259nin s\u0259naye, m\u0259d\u0259n v\u0259 ticar\u0259t naziri Rza R\u0259hmani deyib. \u0130ran\u0131n K\u0259nd T\u0259s\u0259rr\u00fcfat\u0131 Nazirliyinin K\u0259nd T\u0259s\u0259rr\u00fcfat\u0131 Sektoru T\u0259hl\u00fck\u0259l\u0259rinin Azald\u0131lmas\u0131 v\u0259 F\u00f6vq\u0259lad\u0259 Hallar\u0131n \u0130dar\u0259 Edilm\u0259si \u0130dar\u0259sinin ba\u015f direktoru M\u0259h\u0259mm\u0259d Mus\u0259vi is\u0259 bildirib ki, sel v\u0259 da\u015fq\u0131nlar n\u0259tic\u0259sind\u0259&hellip;","_links":{"self":[{"href":"https:\/\/arantv.az\/index.php?rest_route=\/wp\/v2\/posts\/49017"}],"collection":[{"href":"https:\/\/arantv.az\/index.php?rest_route=\/wp\/v2\/posts"}],"about":[{"href":"https:\/\/arantv.az\/index.php?rest_route=\/wp\/v2\/types\/post"}],"author":[{"embeddable":true,"href":"https:\/\/arantv.az\/index.php?rest_route=\/wp\/v2\/users\/2"}],"replies":[{"embeddable":true,"href":"https:\/\/arantv.az\/index.php?rest_route=%2Fwp%2Fv2%2Fcomments&post=49017"}],"version-history":[{"count":0,"href":"https:\/\/arantv.az\/index.php?rest_route=\/wp\/v2\/posts\/49017\/revisions"}],"wp:featuredmedia":[{"embeddable":true,"href":"https:\/\/arantv.az\/index.php?rest_route=\/wp\/v2\/media\/49018"}],"wp:attachment":[{"href":"https:\/\/arantv.az\/index.php?rest_route=%2Fwp%2Fv2%2Fmedia&parent=49017"}],"wp:term":[{"taxonomy":"category","embeddable":true,"href":"https:\/\/arantv.az\/index.php?rest_route=%2Fwp%2Fv2%2Fcategories&post=49017"},{"taxonomy":"post_tag","embeddable":true,"href":"https:\/\/arantv.az\/index.php?rest_route=%2Fwp%2Fv2%2Ftags&post=49017"}],"curies":[{"name":"wp","href":"https:\/\/api.w.org\/{rel}","templated":true}]}}