{"id":49020,"date":"2019-04-03T15:23:50","date_gmt":"2019-04-03T12:23:50","guid":{"rendered":"http:\/\/arantv.az\/?p=49020"},"modified":"2019-04-03T15:23:50","modified_gmt":"2019-04-03T12:23:50","slug":"aprel-doyusl%c9%99rind%c9%99-az%c9%99rbaycanda-yuks%c9%99k-doyus-mubariz%c9%99-ruhu-erm%c9%99nistanda-is%c9%99-m%c9%99glubiyy%c9%99t-acizlik-ruhu-ozunu-gost%c9%99rdi","status":"publish","type":"post","link":"https:\/\/arantv.az\/?p=49020","title":{"rendered":"&#8220;Aprel d\u00f6y\u00fc\u015fl\u0259rind\u0259 Az\u0259rbaycanda y\u00fcks\u0259k d\u00f6y\u00fc\u015f, m\u00fcbariz\u0259 ruhu, Erm\u0259nistanda is\u0259 m\u0259\u011flubiyy\u0259t, acizlik ruhu \u00f6z\u00fcn\u00fc g\u00f6st\u0259rdi&#8221;"},"content":{"rendered":"<blockquote><p><em><strong>Prezident \u0130lham \u018fliyev h\u0259rb\u00e7il\u0259rl\u0259 g\u00f6r\u00fc\u015f\u00fcnd\u0259 \u00e7ox m\u00fch\u00fcm m\u0259qamlara toxundu v\u0259 orduda b\u00f6y\u00fck ruh y\u00fcks\u0259kliyi yaratd\u0131.<\/strong><\/em><\/p><\/blockquote>\n<p><strong>ARANTV.AZ<\/strong>\u00a0 x\u0259b\u0259r verir ki, bunu\u00a0<a href=\"http:\/\/trend.az\/\" target=\"_blank\" rel=\"noopener\">Trend<\/a>-\u0259 Milli M\u0259clisin deputat\u0131 Elman M\u0259mm\u0259dov Az\u0259rbaycan Prezidenti, Silahl\u0131 Q\u00fcvv\u0259l\u0259rin Ali Ba\u015f Komandan\u0131 \u0130lham \u018fliyevin M\u00fcdafi\u0259 Nazirliyinin X\u00fcsusi T\u0259yinatl\u0131 Q\u00fcvv\u0259l\u0259rinin N sayl\u0131 h\u0259rbi hiss\u0259sind\u0259 h\u0259rb\u00e7il\u0259rl\u0259 g\u00f6r\u00fc\u015f\u00fcnd\u0259 s\u0259sl\u0259ndirdiyi fikirl\u0259ri \u015f\u0259rh ed\u0259rk\u0259n deyib.<\/p>\n<p>E.M\u0259mm\u0259dov bildirib ki, Az\u0259rbaycan Prezidenti g\u00f6r\u00fc\u015f zaman\u0131 aprel d\u00f6y\u00fc\u015fl\u0259rin\u0259 x\u00fcsusi toxunaraq qeyd etdi ki, bu d\u00f6y\u00fc\u015fl\u0259r zaman\u0131 qazan\u0131lan u\u011furlar v\u0259ziyy\u0259t\u0259 kimin n\u0259zar\u0259t etdiyini s\u00fcbut etdi: &#8220;Aprel d\u00f6y\u00fc\u015fl\u0259ri Az\u0259rbaycan Ordusunun \u00fcst\u00fcnl\u00fcy\u00fcn\u00fc, ordu-xalq birliyini, Silahl\u0131 Q\u00fcvv\u0259l\u0259rimizin \u00e7ox y\u00fcks\u0259k d\u00f6y\u00fc\u015f qabiliyy\u0259tin\u0259 malik oldu\u011funu s\u00fcbut etdi. Eyni zamanda, aprel d\u00f6y\u00fc\u015fl\u0259ri h\u0259m L\u0259l\u0259t\u0259p\u0259, h\u0259m d\u0259 Tal\u0131\u015f istiqam\u0259tind\u0259 Qaraba\u011f m\u00fcharib\u0259si tarixind\u0259 bir d\u00f6n\u00fc\u015f n\u00f6qt\u0259si oldu&#8221;.<\/p>\n<p>Mill\u0259t v\u0259kili \u0259lav\u0259 edib ki, Aprel z\u0259f\u0259ri h\u0259m Az\u0259rbaycanda, h\u0259m d\u00fc\u015fm\u0259n d\u00f6vl\u0259td\u0259 psixoloji duruma \u00e7ox ciddi t\u0259sir etdi: &#8220;Aprel d\u00f6y\u00fc\u015fl\u0259rind\u0259 Az\u0259rbaycanda y\u00fcks\u0259k d\u00f6y\u00fc\u015f, v\u0259t\u0259np\u0259rv\u0259rlik \u0259hvali-ruhiyy\u0259si, m\u00fcbariz\u0259 ruhu, Erm\u0259nistanda is\u0259 m\u0259\u011flubiyy\u0259t, acizlik ruhu \u00f6z\u00fcn\u00fc g\u00f6st\u0259rdi. Hesab edir\u0259m ki, aprel d\u00f6y\u00fc\u015fl\u0259ri torpaqlar\u0131m\u0131z\u0131n i\u015f\u011faldan azad edilm\u0259si u\u011frunda aparaca\u011f\u0131m\u0131z u\u011furlu d\u00f6y\u00fc\u015fl\u0259rin ba\u015flan\u011f\u0131c\u0131n\u0131n \u0259sas\u0131n\u0131 qoydu&#8221;.<\/p>\n<p>O xat\u0131rlad\u0131b ki, aprel d\u00f6y\u00fc\u015fl\u0259rind\u0259n m\u00fc\u0259yy\u0259n m\u00fcdd\u0259t sonra is\u0259 Az\u0259rbaycan Ordusu Nax\u00e7\u0131vanda G\u00fcnn\u00fct k\u0259ndi istiqam\u0259tind\u0259 \u00e7ox m\u00fch\u00fcm strateji y\u00fcks\u0259klikl\u0259r\u0259 sahib oldu v\u0259 bu g\u00fcn \u00e7ox m\u00fch\u00fcm \u0259razil\u0259r\u0259 n\u0259zar\u0259t edir: &#8220;Bu u\u011furlar getdikc\u0259 artacaq v\u0259 bizi son b\u00f6y\u00fck q\u0259l\u0259b\u0259y\u0259, b\u00f6y\u00fck qay\u0131d\u0131\u015fa do\u011fru aparacaq. \u00c7\u00fcnki bu g\u00fcn Az\u0259rbaycan\u0131n g\u00fccl\u00fc ordusu var v\u0259 h\u0259r zaman torpaqlar\u0131m\u0131z\u0131 erm\u0259ni i\u015f\u011fal\u0131ndan azad etm\u0259y\u0259 haz\u0131rd\u0131r&#8221;.<\/p>\n","protected":false},"excerpt":{"rendered":"<p>Prezident \u0130lham \u018fliyev h\u0259rb\u00e7il\u0259rl\u0259 g\u00f6r\u00fc\u015f\u00fcnd\u0259 \u00e7ox m\u00fch\u00fcm m\u0259qamlara toxundu v\u0259 orduda b\u00f6y\u00fck ruh y\u00fcks\u0259kliyi yaratd\u0131. ARANTV.AZ\u00a0 x\u0259b\u0259r verir ki, bunu\u00a0Trend-\u0259 Milli M\u0259clisin deputat\u0131 Elman M\u0259mm\u0259dov Az\u0259rbaycan Prezidenti, Silahl\u0131 Q\u00fcvv\u0259l\u0259rin Ali Ba\u015f Komandan\u0131 \u0130lham \u018fliyevin M\u00fcdafi\u0259 Nazirliyinin X\u00fcsusi T\u0259yinatl\u0131 Q\u00fcvv\u0259l\u0259rinin N sayl\u0131 h\u0259rbi hiss\u0259sind\u0259 h\u0259rb\u00e7il\u0259rl\u0259 g\u00f6r\u00fc\u015f\u00fcnd\u0259 s\u0259sl\u0259ndirdiyi fikirl\u0259ri \u015f\u0259rh ed\u0259rk\u0259n deyib. E.M\u0259mm\u0259dov bildirib ki, Az\u0259rbaycan Prezidenti g\u00f6r\u00fc\u015f zaman\u0131 aprel d\u00f6y\u00fc\u015fl\u0259rin\u0259 x\u00fcsusi toxunaraq qeyd etdi ki, bu d\u00f6y\u00fc\u015fl\u0259r zaman\u0131 qazan\u0131lan u\u011furlar v\u0259ziyy\u0259t\u0259 kimin n\u0259zar\u0259t etdiyini s\u00fcbut etdi: &#8220;Aprel d\u00f6y\u00fc\u015fl\u0259ri Az\u0259rbaycan Ordusunun \u00fcst\u00fcnl\u00fcy\u00fcn\u00fc, ordu-xalq birliyini, Silahl\u0131 Q\u00fcvv\u0259l\u0259rimizin \u00e7ox y\u00fcks\u0259k d\u00f6y\u00fc\u015f qabiliyy\u0259tin\u0259 malik oldu\u011funu&hellip;<\/p>\n","protected":false},"author":2,"featured_media":49021,"comment_status":"closed","ping_status":"closed","sticky":false,"template":"","format":"standard","meta":{"om_disable_all_campaigns":false,"_monsterinsights_skip_tracking":false,"_monsterinsights_sitenote_active":false,"_monsterinsights_sitenote_note":"","_monsterinsights_sitenote_category":0},"categories":[4],"tags":[],"aioseo_notices":[],"gutentor_comment":0,"rttpg_featured_image_url":{"full":["https:\/\/arantv.az\/wp-content\/uploads\/2019\/04\/elman_memmedov_0258.jpg",800,600,false],"landscape":["https:\/\/arantv.az\/wp-content\/uploads\/2019\/04\/elman_memmedov_0258.jpg",800,600,false],"portraits":["https:\/\/arantv.az\/wp-content\/uploads\/2019\/04\/elman_memmedov_0258.jpg",800,600,false],"thumbnail":["https:\/\/arantv.az\/wp-content\/uploads\/2019\/04\/elman_memmedov_0258-150x150.jpg",150,150,true],"medium":["https:\/\/arantv.az\/wp-content\/uploads\/2019\/04\/elman_memmedov_0258-300x225.jpg",300,225,true],"large":["https:\/\/arantv.az\/wp-content\/uploads\/2019\/04\/elman_memmedov_0258.jpg",640,480,false],"1536x1536":["https:\/\/arantv.az\/wp-content\/uploads\/2019\/04\/elman_memmedov_0258.jpg",800,600,false],"2048x2048":["https:\/\/arantv.az\/wp-content\/uploads\/2019\/04\/elman_memmedov_0258.jpg",800,600,false],"post-thumbnail":["https:\/\/arantv.az\/wp-content\/uploads\/2019\/04\/elman_memmedov_0258-240x172.jpg",240,172,true],"advps-thumb-one":["https:\/\/arantv.az\/wp-content\/uploads\/2019\/04\/elman_memmedov_0258.jpg",800,600,false]},"rttpg_author":{"display_name":"V\u00fcsal Rafiqo\u011flu","author_link":"https:\/\/arantv.az\/?author=2"},"rttpg_comment":0,"rttpg_category":"<a href=\"https:\/\/arantv.az\/?cat=4\" rel=\"category\">Siyas\u0259t<\/a>","rttpg_excerpt":"Prezident \u0130lham \u018fliyev h\u0259rb\u00e7il\u0259rl\u0259 g\u00f6r\u00fc\u015f\u00fcnd\u0259 \u00e7ox m\u00fch\u00fcm m\u0259qamlara toxundu v\u0259 orduda b\u00f6y\u00fck ruh y\u00fcks\u0259kliyi yaratd\u0131. ARANTV.AZ\u00a0 x\u0259b\u0259r verir ki, bunu\u00a0Trend-\u0259 Milli M\u0259clisin deputat\u0131 Elman M\u0259mm\u0259dov Az\u0259rbaycan Prezidenti, Silahl\u0131 Q\u00fcvv\u0259l\u0259rin Ali Ba\u015f Komandan\u0131 \u0130lham \u018fliyevin M\u00fcdafi\u0259 Nazirliyinin X\u00fcsusi T\u0259yinatl\u0131 Q\u00fcvv\u0259l\u0259rinin N sayl\u0131 h\u0259rbi hiss\u0259sind\u0259 h\u0259rb\u00e7il\u0259rl\u0259 g\u00f6r\u00fc\u015f\u00fcnd\u0259 s\u0259sl\u0259ndirdiyi fikirl\u0259ri \u015f\u0259rh ed\u0259rk\u0259n deyib. E.M\u0259mm\u0259dov bildirib ki, Az\u0259rbaycan Prezidenti&hellip;","_links":{"self":[{"href":"https:\/\/arantv.az\/index.php?rest_route=\/wp\/v2\/posts\/49020"}],"collection":[{"href":"https:\/\/arantv.az\/index.php?rest_route=\/wp\/v2\/posts"}],"about":[{"href":"https:\/\/arantv.az\/index.php?rest_route=\/wp\/v2\/types\/post"}],"author":[{"embeddable":true,"href":"https:\/\/arantv.az\/index.php?rest_route=\/wp\/v2\/users\/2"}],"replies":[{"embeddable":true,"href":"https:\/\/arantv.az\/index.php?rest_route=%2Fwp%2Fv2%2Fcomments&post=49020"}],"version-history":[{"count":0,"href":"https:\/\/arantv.az\/index.php?rest_route=\/wp\/v2\/posts\/49020\/revisions"}],"wp:featuredmedia":[{"embeddable":true,"href":"https:\/\/arantv.az\/index.php?rest_route=\/wp\/v2\/media\/49021"}],"wp:attachment":[{"href":"https:\/\/arantv.az\/index.php?rest_route=%2Fwp%2Fv2%2Fmedia&parent=49020"}],"wp:term":[{"taxonomy":"category","embeddable":true,"href":"https:\/\/arantv.az\/index.php?rest_route=%2Fwp%2Fv2%2Fcategories&post=49020"},{"taxonomy":"post_tag","embeddable":true,"href":"https:\/\/arantv.az\/index.php?rest_route=%2Fwp%2Fv2%2Ftags&post=49020"}],"curies":[{"name":"wp","href":"https:\/\/api.w.org\/{rel}","templated":true}]}}