{"id":49041,"date":"2019-04-03T15:52:39","date_gmt":"2019-04-03T12:52:39","guid":{"rendered":"http:\/\/arantv.az\/?p=49041"},"modified":"2019-04-03T15:52:39","modified_gmt":"2019-04-03T12:52:39","slug":"vuqar-r%c9%99himzad%c9%99-aprel-doyusl%c9%99ri-az%c9%99rbaycanin-hec-vaxt-isgalla-barismayacagini-gost%c9%99rdi","status":"publish","type":"post","link":"https:\/\/arantv.az\/?p=49041","title":{"rendered":"V\u00fcqar R\u0259himzad\u0259: &#8220;Aprel d\u00f6y\u00fc\u015fl\u0259ri Az\u0259rbaycan\u0131n he\u00e7 vaxt i\u015f\u011falla bar\u0131\u015fmayaca\u011f\u0131n\u0131 g\u00f6st\u0259rdi&#8221;"},"content":{"rendered":"<p><strong>\u201cM\u00fcst\u0259qil Az\u0259rbaycan\u0131n Aprel z\u0259f\u0259rind\u0259n art\u0131q 3 il \u00f6t\u00fcr. M\u0259hz t\u0259qvimin bu g\u00fcn\u00fc, bu q\u0259l\u0259b\u0259 m\u00fcasir tariximizin \u015fanl\u0131 s\u0259hif\u0259l\u0259rind\u0259n biridir. G\u00fccl\u00fc Ordumuz, qorxmaz Az\u0259rbaycan \u0259sg\u0259ri d\u00fc\u015fm\u0259nin ne\u00e7\u0259 ildir formala\u015fd\u0131rd\u0131\u011f\u0131 mifi da\u011f\u0131daraq i\u015f\u011fal alt\u0131nda olan torpaqlar\u0131m\u0131z\u0131n bir hiss\u0259sini azad etdi, strateji \u0259h\u0259miyy\u0259t\u0259 malik y\u00fcks\u0259klikl\u0259ri \u0259l\u0259 ke\u00e7irdi, bununla da n\u0259y\u0259 qadir oldu\u011funu b\u00fct\u00fcn d\u00fcnyaya n\u00fcmayi\u015f etdirdi\u201d.<\/strong><\/p>\n<p><b>ARANTV.AZ\u00a0<\/b>x\u0259b\u0259r verir ki, bu fikirl\u0259ri Yeni Az\u0259rbaycan Partiyas\u0131 Siyasi \u015euras\u0131n\u0131n \u00fczv\u00fc, \u201c\u0130ki sahil\u201d q\u0259zetinin ba\u015f redaktoru V\u00fcqar R\u0259himzad\u0259 deyib.<\/p>\n<p>O bildirib ki, ordumuz s\u00fclh dan\u0131\u015f\u0131qlar\u0131 bir n\u0259tic\u0259 verm\u0259zs\u0259 Az\u0259rbaycan i\u015f\u011fal alt\u0131nda olan torpaqlar\u0131n\u0131 h\u0259rb yolu il\u0259 geri qaytara bil\u0259c\u0259yini s\u00fcbut etdi:<\/p>\n<p>\u201cAprelin 2-d\u0259 M\u00fcdafi\u0259 Nazirliyinin X\u00fcsusi T\u0259yinatl\u0131 Q\u00fcvv\u0259l\u0259rinin N sayl\u0131 h\u0259rbi hiss\u0259sind\u0259 olan Az\u0259rbaycan Prezidenti, Silahl\u0131 Q\u00fcvv\u0259l\u0259rin Ali Ba\u015f Komandan\u0131 c\u0259nab \u0130lham \u018fliyev \u00e7\u0131x\u0131\u015f\u0131 zaman\u0131 b\u0259yan edib ki, Aprel d\u00f6y\u00fc\u015fl\u0259ri tariximizin \u015fanl\u0131 s\u0259hif\u0259sidir. \u201cAprel d\u00f6y\u00fc\u015fl\u0259ri bizim b\u00f6y\u00fck tarixi q\u0259l\u0259b\u0259mizdir, m\u00fcasir tariximizd\u0259 \u0259n u\u011furlu h\u0259rbi \u0259m\u0259liyyatlardan biridir&#8230; Aprel d\u00f6y\u00fc\u015fl\u0259ri b\u00fct\u00fcn d\u00fcnyaya g\u00f6st\u0259rdi ki, Az\u0259rbaycan Ordusu bu g\u00fcn \u0259n y\u00fcks\u0259k keyfiyy\u0259tl\u0259r\u0259 malikdir v\u0259 ist\u0259nil\u0259n anda ist\u0259nil\u0259n v\u0259zif\u0259ni icra ed\u0259 bil\u0259r. Erm\u0259nistan\u0131n yaratd\u0131\u011f\u0131 mif tamamil\u0259 darmada\u011f\u0131n edildi\u201d dey\u0259n Ali Ba\u015f Komandan Aprel d\u00f6y\u00fc\u015fl\u0259rinin \u0259h\u0259miyy\u0259tini vur\u011fulamaqla yana\u015f\u0131, ordumuzun g\u00fcc\u00fcn\u00fc d\u0259 ortaya qoyub\u201d.<\/p>\n<p>V\u00fcqar R\u0259himzad\u0259 ordu quruculu\u011funda \u0259ld\u0259 olunan u\u011furlara toxunaraq bildirib ki, ordumuz u\u011furla inki\u015faf edir, maddi-texniki bazas\u0131 yenil\u0259nir, \u015f\u0259xsi hey\u0259tin pe\u015f\u0259karl\u0131q qabiliyy\u0259ti, \u0259hval-ruhiyy\u0259si g\u00fcnb\u0259g\u00fcn art\u0131r: \u201cBu g\u00fcn Az\u0259rbaycan Ordusu \u0259n m\u00fcasir texnika, silah v\u0259 sursatla t\u0259min edilir. Bu amil is\u0259 onu dem\u0259y\u0259 \u0259sas verir ki, Az\u0259rbaycan Ordusu d\u00fcnya miqyas\u0131nda \u0259n g\u00fccl\u00fc ordular s\u0131ras\u0131ndad\u0131r. Bu amil is\u0259 Da\u011fl\u0131q Qaraba\u011f m\u00fcnaqi\u015f\u0259sinin h\u0259llind\u0259 \u00f6lk\u0259mizin \u00fcst\u00fcnl\u00fcy\u00fcn\u00fc t\u0259min ed\u0259n \u0259sas faktorlardan biri kimi \u00e7\u0131x\u0131\u015f edir\u201d.<\/p>\n<p>Ba\u015f redaktor vur\u011fulay\u0131b ki, Aprel d\u00f6y\u00fc\u015fl\u0259ri bir daha n\u00fcmayi\u015f etdirdi ki, Az\u0259rbaycan he\u00e7 vaxt i\u015f\u011falla bar\u0131\u015fmayacaq, \u00f6lk\u0259mizin \u0259razi b\u00fct\u00f6vl\u00fcy\u00fc qeyd-\u015f\u0259rtsiz b\u0259rpa edil\u0259c\u0259k: \u201cS\u00f6zs\u00fcz ki, bu g\u00fcn Erm\u0259nistan-Az\u0259rbaycan Da\u011fl\u0131q Qaraba\u011f m\u00fcnaqi\u015f\u0259sinin h\u0259lli il\u0259 ba\u011fl\u0131 \u00f6lk\u0259mizin m\u00f6vqeyind\u0259 he\u00e7 bir d\u0259yi\u015fiklik yoxdur. Torpaqlar\u0131m\u0131z i\u015f\u011faldan azad edilm\u0259li, qa\u00e7q\u0131n v\u0259 m\u0259cburi k\u00f6\u00e7k\u00fcnl\u0259r \u00f6z do\u011fma yurd-yuvalar\u0131na qay\u0131tmal\u0131, regionda s\u00fclh v\u0259 sabitlik b\u0259rq\u0259rar edilm\u0259lidir. Az\u0259rbaycan\u0131n AT\u018fT-in Minsk qrupunun h\u0259ms\u0259dr d\u00f6vl\u0259tl\u0259ri, el\u0259c\u0259 d\u0259 beyn\u0259lxalq birlik qar\u015f\u0131s\u0131nda t\u0259l\u0259bi budur. \u00c7\u00fcnki Da\u011fl\u0131q Qaraba\u011f Az\u0259rbaycan\u0131n \u0259z\u0259li, tarixi torpa\u011f\u0131d\u0131r\u201d.<\/p>\n<p>V\u00fcqar R\u0259himzad\u0259 bildirib ki, Aprel d\u00f6y\u00fc\u015fl\u0259ri n\u0259tic\u0259sind\u0259 d\u00fc\u015fm\u0259nin n\u0259zar\u0259tind\u0259n \u00e7\u0131xan Cocuq M\u0259rcanl\u0131 k\u0259ndi bu g\u00fcn s\u00fcr\u0259tl\u0259 ini\u015faf edir: \u201cArt\u0131q burada yeni h\u0259yat ba\u015flay\u0131b. Q\u0131sa zaman k\u0259siyind\u0259 k\u0259ndd\u0259 150 ev, m\u0259kt\u0259b, u\u015faq ba\u011f\u00e7as\u0131, m\u0259scid tikilib, yeni i\u015f yerl\u0259ri yarad\u0131l\u0131b. \u015e\u00fcbh\u0259siz ki, g\u00fccl\u00fc Ordumuz i\u015f\u011fal alt\u0131ndak\u0131 b\u00fct\u00fcn torpaqlar\u0131 azad ed\u0259c\u0259k v\u0259 Cocuq M\u0259rcanl\u0131 kimi, b\u00fct\u00fcn k\u0259nd v\u0259 q\u0259s\u0259b\u0259l\u0259r yenid\u0259n qurulacaq\u201d.publika.az<\/p>\n","protected":false},"excerpt":{"rendered":"<p>\u201cM\u00fcst\u0259qil Az\u0259rbaycan\u0131n Aprel z\u0259f\u0259rind\u0259n art\u0131q 3 il \u00f6t\u00fcr. M\u0259hz t\u0259qvimin bu g\u00fcn\u00fc, bu q\u0259l\u0259b\u0259 m\u00fcasir tariximizin \u015fanl\u0131 s\u0259hif\u0259l\u0259rind\u0259n biridir. G\u00fccl\u00fc Ordumuz, qorxmaz Az\u0259rbaycan \u0259sg\u0259ri d\u00fc\u015fm\u0259nin ne\u00e7\u0259 ildir formala\u015fd\u0131rd\u0131\u011f\u0131 mifi da\u011f\u0131daraq i\u015f\u011fal alt\u0131nda olan torpaqlar\u0131m\u0131z\u0131n bir hiss\u0259sini azad etdi, strateji \u0259h\u0259miyy\u0259t\u0259 malik y\u00fcks\u0259klikl\u0259ri \u0259l\u0259 ke\u00e7irdi, bununla da n\u0259y\u0259 qadir oldu\u011funu b\u00fct\u00fcn d\u00fcnyaya n\u00fcmayi\u015f etdirdi\u201d. ARANTV.AZ\u00a0x\u0259b\u0259r verir ki, bu fikirl\u0259ri Yeni Az\u0259rbaycan Partiyas\u0131 Siyasi \u015euras\u0131n\u0131n \u00fczv\u00fc, \u201c\u0130ki sahil\u201d q\u0259zetinin ba\u015f redaktoru V\u00fcqar R\u0259himzad\u0259 deyib. O bildirib ki, ordumuz s\u00fclh dan\u0131\u015f\u0131qlar\u0131 bir n\u0259tic\u0259 verm\u0259zs\u0259 Az\u0259rbaycan i\u015f\u011fal alt\u0131nda olan torpaqlar\u0131n\u0131 h\u0259rb yolu il\u0259 geri&hellip;<\/p>\n","protected":false},"author":2,"featured_media":49042,"comment_status":"closed","ping_status":"closed","sticky":false,"template":"","format":"standard","meta":{"om_disable_all_campaigns":false,"_monsterinsights_skip_tracking":false,"_monsterinsights_sitenote_active":false,"_monsterinsights_sitenote_note":"","_monsterinsights_sitenote_category":0},"categories":[4],"tags":[],"aioseo_notices":[],"gutentor_comment":0,"rttpg_featured_image_url":{"full":["https:\/\/arantv.az\/wp-content\/uploads\/2019\/04\/vuqar_rehimzade_esas_5.jpg",800,450,false],"landscape":["https:\/\/arantv.az\/wp-content\/uploads\/2019\/04\/vuqar_rehimzade_esas_5.jpg",800,450,false],"portraits":["https:\/\/arantv.az\/wp-content\/uploads\/2019\/04\/vuqar_rehimzade_esas_5.jpg",800,450,false],"thumbnail":["https:\/\/arantv.az\/wp-content\/uploads\/2019\/04\/vuqar_rehimzade_esas_5-150x150.jpg",150,150,true],"medium":["https:\/\/arantv.az\/wp-content\/uploads\/2019\/04\/vuqar_rehimzade_esas_5-300x169.jpg",300,169,true],"large":["https:\/\/arantv.az\/wp-content\/uploads\/2019\/04\/vuqar_rehimzade_esas_5.jpg",640,360,false],"1536x1536":["https:\/\/arantv.az\/wp-content\/uploads\/2019\/04\/vuqar_rehimzade_esas_5.jpg",800,450,false],"2048x2048":["https:\/\/arantv.az\/wp-content\/uploads\/2019\/04\/vuqar_rehimzade_esas_5.jpg",800,450,false],"post-thumbnail":["https:\/\/arantv.az\/wp-content\/uploads\/2019\/04\/vuqar_rehimzade_esas_5-240x172.jpg",240,172,true],"advps-thumb-one":["https:\/\/arantv.az\/wp-content\/uploads\/2019\/04\/vuqar_rehimzade_esas_5.jpg",800,450,false]},"rttpg_author":{"display_name":"V\u00fcsal Rafiqo\u011flu","author_link":"https:\/\/arantv.az\/?author=2"},"rttpg_comment":0,"rttpg_category":"<a href=\"https:\/\/arantv.az\/?cat=4\" rel=\"category\">Siyas\u0259t<\/a>","rttpg_excerpt":"\u201cM\u00fcst\u0259qil Az\u0259rbaycan\u0131n Aprel z\u0259f\u0259rind\u0259n art\u0131q 3 il \u00f6t\u00fcr. M\u0259hz t\u0259qvimin bu g\u00fcn\u00fc, bu q\u0259l\u0259b\u0259 m\u00fcasir tariximizin \u015fanl\u0131 s\u0259hif\u0259l\u0259rind\u0259n biridir. G\u00fccl\u00fc Ordumuz, qorxmaz Az\u0259rbaycan \u0259sg\u0259ri d\u00fc\u015fm\u0259nin ne\u00e7\u0259 ildir formala\u015fd\u0131rd\u0131\u011f\u0131 mifi da\u011f\u0131daraq i\u015f\u011fal alt\u0131nda olan torpaqlar\u0131m\u0131z\u0131n bir hiss\u0259sini azad etdi, strateji \u0259h\u0259miyy\u0259t\u0259 malik y\u00fcks\u0259klikl\u0259ri \u0259l\u0259 ke\u00e7irdi, bununla da n\u0259y\u0259 qadir oldu\u011funu b\u00fct\u00fcn d\u00fcnyaya n\u00fcmayi\u015f etdirdi\u201d. ARANTV.AZ\u00a0x\u0259b\u0259r verir&hellip;","_links":{"self":[{"href":"https:\/\/arantv.az\/index.php?rest_route=\/wp\/v2\/posts\/49041"}],"collection":[{"href":"https:\/\/arantv.az\/index.php?rest_route=\/wp\/v2\/posts"}],"about":[{"href":"https:\/\/arantv.az\/index.php?rest_route=\/wp\/v2\/types\/post"}],"author":[{"embeddable":true,"href":"https:\/\/arantv.az\/index.php?rest_route=\/wp\/v2\/users\/2"}],"replies":[{"embeddable":true,"href":"https:\/\/arantv.az\/index.php?rest_route=%2Fwp%2Fv2%2Fcomments&post=49041"}],"version-history":[{"count":0,"href":"https:\/\/arantv.az\/index.php?rest_route=\/wp\/v2\/posts\/49041\/revisions"}],"wp:featuredmedia":[{"embeddable":true,"href":"https:\/\/arantv.az\/index.php?rest_route=\/wp\/v2\/media\/49042"}],"wp:attachment":[{"href":"https:\/\/arantv.az\/index.php?rest_route=%2Fwp%2Fv2%2Fmedia&parent=49041"}],"wp:term":[{"taxonomy":"category","embeddable":true,"href":"https:\/\/arantv.az\/index.php?rest_route=%2Fwp%2Fv2%2Fcategories&post=49041"},{"taxonomy":"post_tag","embeddable":true,"href":"https:\/\/arantv.az\/index.php?rest_route=%2Fwp%2Fv2%2Ftags&post=49041"}],"curies":[{"name":"wp","href":"https:\/\/api.w.org\/{rel}","templated":true}]}}