{"id":49056,"date":"2019-04-03T16:15:15","date_gmt":"2019-04-03T13:15:15","guid":{"rendered":"http:\/\/arantv.az\/?p=49056"},"modified":"2019-04-03T16:15:15","modified_gmt":"2019-04-03T13:15:15","slug":"milli-m%c9%99clisd%c9%99-insan-huquqlari-uzr%c9%99-birg%c9%99-isci-qrupun-iclasi-kecirilir","status":"publish","type":"post","link":"https:\/\/arantv.az\/?p=49056","title":{"rendered":"Milli M\u0259clisd\u0259 \u0130nsan H\u00fcquqlar\u0131 \u00fczr\u0259 Birg\u0259 \u0130\u015f\u00e7i Qrupun iclas\u0131 ke\u00e7irilir"},"content":{"rendered":"<p><strong>Milli M\u0259clisd\u0259 \u0130nsan H\u00fcquqlar\u0131 \u00fczr\u0259 Birg\u0259 \u0130\u015f\u00e7i Qrupun iclas\u0131 \u00f6z i\u015fin\u0259 ba\u015flay\u0131b.<\/strong><\/p>\n<p><strong>ARANTV.AZ\u00a0<\/strong>\u00a0<span style=\"color: #000000;\"><a style=\"color: #000000;\" href=\"https:\/\/az.trend.az\/\" target=\"_blank\" rel=\"noopener\">Trend<\/a><\/span>-\u0259 istinad\u0259n x\u0259b\u0259r verir ki, iclas\u0131 Milli M\u0259clisin Beyn\u0259lxalq \u0259laq\u0259l\u0259r v\u0259 parlamentl\u0259raras\u0131 m\u00fcnasib\u0259tl\u0259r komit\u0259sinin s\u0259dri S\u0259m\u0259d Seyidov a\u00e7\u0131q elan edib.<\/p>\n<p>S.Seyidov iclasda m\u00fczakir\u0259 olunacaq m\u0259s\u0259l\u0259l\u0259r bar\u0259d\u0259 q\u0131sa m\u0259lumat verib v\u0259 sonra iclas qapal\u0131 \u015f\u0259kild\u0259 davam etdirilib.<\/p>\n<div id=\"AdviadNativeVideo0\" class=\"AdviadNativeVideo\"><\/div>\n<p>Qeyd ed\u0259k ki, iclasda Az\u0259rbaycan Prezidentinin h\u00fcquq m\u00fchafiz\u0259 orqanlar\u0131 il\u0259 i\u015f v\u0259 h\u0259rbi m\u0259s\u0259l\u0259l\u0259r \u00fczr\u0259 k\u00f6m\u0259k\u00e7isi-\u015f\u00f6b\u0259 m\u00fcdiri Fuad \u018fl\u0259sg\u0259rov, Az\u0259rbaycan\u0131n \u0130nsan H\u00fcquqlar\u0131 \u00fczr\u0259 Avropa M\u0259hk\u0259m\u0259si yan\u0131nda daimi n\u00fcmay\u0259nd\u0259si, Az\u0259rbaycan Prezidenti Administrasiyas\u0131n\u0131n H\u00fcquq-m\u00fchafiz\u0259 orqanlar\u0131 il\u0259 i\u015f v\u0259 h\u0259rbi m\u0259s\u0259l\u0259l\u0259r \u015f\u00f6b\u0259sinin \u0130nsan h\u00fcquqlar\u0131n\u0131n m\u00fcdafi\u0259si m\u0259s\u0259l\u0259l\u0259ri sektorunun m\u00fcdiri \u00c7ingiz \u018fsg\u0259rov, Prezident Administrasiyas\u0131n\u0131n H\u00fcquq m\u00fchafiz\u0259 orqanlar\u0131 il\u0259 i\u015f \u015f\u00f6b\u0259sinin \u018ffv m\u0259s\u0259l\u0259l\u0259ri sektorunun m\u00fcdiri K\u0259mal\u0259 \u0130smay\u0131lova, daxili i\u015fl\u0259r nazirinin m\u00fcavini, Ba\u015f T\u0259\u015fkilati-\u0130nspeksiya \u0130dar\u0259sinin r\u0259isi Fazil Quliyev, Ba\u015f Prokurorlu\u011fun D\u00f6vl\u0259t ittiham\u0131n\u0131n m\u00fcdafi\u0259si \u00fczr\u0259 idar\u0259sinin r\u0259isi \u0130lqar C\u0259f\u0259rov, \u018fdliyy\u0259 Nazirliyinin \u0130nsan h\u00fcquqlar\u0131 v\u0259 ictimaiyy\u0259tl\u0259 \u0259laq\u0259l\u0259r idar\u0259sinin r\u0259is m\u00fcavini Aynur Sabitova, Az\u0259rbaycan\u0131n Avropa \u015euras\u0131 Parlament Asambleyas\u0131ndak\u0131 n\u00fcmay\u0259nd\u0259 hey\u0259tinin r\u0259hb\u0259ri S\u0259m\u0259d Seyidov, parlamentin H\u00fcquq siyas\u0259ti v\u0259 d\u00f6vl\u0259t quruculu\u011fu komit\u0259sinin s\u0259dri \u018fli H\u00fcseynli, komit\u0259nin \u00fczv\u00fc \u00c7ingiz Q\u0259nizad\u0259, h\u00fcquq m\u00fcdafi\u0259\u00e7il\u0259ri &#8211; Novella C\u0259f\u0259ro\u011flu, S\u0259ad\u0259t B\u0259n\u0259niyarl\u0131, \u018fv\u0259z H\u0259s\u0259nov, Mirvari Q\u0259hr\u0259manl\u0131, Arzu Abdullayeva i\u015ftirak edir.<\/p>\n","protected":false},"excerpt":{"rendered":"<p>Milli M\u0259clisd\u0259 \u0130nsan H\u00fcquqlar\u0131 \u00fczr\u0259 Birg\u0259 \u0130\u015f\u00e7i Qrupun iclas\u0131 \u00f6z i\u015fin\u0259 ba\u015flay\u0131b. ARANTV.AZ\u00a0\u00a0Trend-\u0259 istinad\u0259n x\u0259b\u0259r verir ki, iclas\u0131 Milli M\u0259clisin Beyn\u0259lxalq \u0259laq\u0259l\u0259r v\u0259 parlamentl\u0259raras\u0131 m\u00fcnasib\u0259tl\u0259r komit\u0259sinin s\u0259dri S\u0259m\u0259d Seyidov a\u00e7\u0131q elan edib. S.Seyidov iclasda m\u00fczakir\u0259 olunacaq m\u0259s\u0259l\u0259l\u0259r bar\u0259d\u0259 q\u0131sa m\u0259lumat verib v\u0259 sonra iclas qapal\u0131 \u015f\u0259kild\u0259 davam etdirilib. Qeyd ed\u0259k ki, iclasda Az\u0259rbaycan Prezidentinin h\u00fcquq m\u00fchafiz\u0259 orqanlar\u0131 il\u0259 i\u015f v\u0259 h\u0259rbi m\u0259s\u0259l\u0259l\u0259r \u00fczr\u0259 k\u00f6m\u0259k\u00e7isi-\u015f\u00f6b\u0259 m\u00fcdiri Fuad \u018fl\u0259sg\u0259rov, Az\u0259rbaycan\u0131n \u0130nsan H\u00fcquqlar\u0131 \u00fczr\u0259 Avropa M\u0259hk\u0259m\u0259si yan\u0131nda daimi n\u00fcmay\u0259nd\u0259si, Az\u0259rbaycan Prezidenti Administrasiyas\u0131n\u0131n H\u00fcquq-m\u00fchafiz\u0259 orqanlar\u0131 il\u0259 i\u015f v\u0259 h\u0259rbi m\u0259s\u0259l\u0259l\u0259r \u015f\u00f6b\u0259sinin \u0130nsan h\u00fcquqlar\u0131n\u0131n m\u00fcdafi\u0259si&hellip;<\/p>\n","protected":false},"author":2,"featured_media":49057,"comment_status":"closed","ping_status":"closed","sticky":false,"template":"","format":"standard","meta":{"om_disable_all_campaigns":false,"_monsterinsights_skip_tracking":false,"_monsterinsights_sitenote_active":false,"_monsterinsights_sitenote_note":"","_monsterinsights_sitenote_category":0},"categories":[1],"tags":[],"aioseo_notices":[],"gutentor_comment":0,"rttpg_featured_image_url":{"full":["https:\/\/arantv.az\/wp-content\/uploads\/2019\/04\/milli_meclis_0001-1.jpg",482,361,false],"landscape":["https:\/\/arantv.az\/wp-content\/uploads\/2019\/04\/milli_meclis_0001-1.jpg",482,361,false],"portraits":["https:\/\/arantv.az\/wp-content\/uploads\/2019\/04\/milli_meclis_0001-1.jpg",482,361,false],"thumbnail":["https:\/\/arantv.az\/wp-content\/uploads\/2019\/04\/milli_meclis_0001-1-150x150.jpg",150,150,true],"medium":["https:\/\/arantv.az\/wp-content\/uploads\/2019\/04\/milli_meclis_0001-1-300x225.jpg",300,225,true],"large":["https:\/\/arantv.az\/wp-content\/uploads\/2019\/04\/milli_meclis_0001-1.jpg",482,361,false],"1536x1536":["https:\/\/arantv.az\/wp-content\/uploads\/2019\/04\/milli_meclis_0001-1.jpg",482,361,false],"2048x2048":["https:\/\/arantv.az\/wp-content\/uploads\/2019\/04\/milli_meclis_0001-1.jpg",482,361,false],"post-thumbnail":["https:\/\/arantv.az\/wp-content\/uploads\/2019\/04\/milli_meclis_0001-1-240x172.jpg",240,172,true],"advps-thumb-one":["https:\/\/arantv.az\/wp-content\/uploads\/2019\/04\/milli_meclis_0001-1.jpg",482,361,false]},"rttpg_author":{"display_name":"V\u00fcsal Rafiqo\u011flu","author_link":"https:\/\/arantv.az\/?author=2"},"rttpg_comment":0,"rttpg_category":"<a href=\"https:\/\/arantv.az\/?cat=1\" rel=\"category\">C\u0259miyy\u0259t<\/a>","rttpg_excerpt":"Milli M\u0259clisd\u0259 \u0130nsan H\u00fcquqlar\u0131 \u00fczr\u0259 Birg\u0259 \u0130\u015f\u00e7i Qrupun iclas\u0131 \u00f6z i\u015fin\u0259 ba\u015flay\u0131b. ARANTV.AZ\u00a0\u00a0Trend-\u0259 istinad\u0259n x\u0259b\u0259r verir ki, iclas\u0131 Milli M\u0259clisin Beyn\u0259lxalq \u0259laq\u0259l\u0259r v\u0259 parlamentl\u0259raras\u0131 m\u00fcnasib\u0259tl\u0259r komit\u0259sinin s\u0259dri S\u0259m\u0259d Seyidov a\u00e7\u0131q elan edib. S.Seyidov iclasda m\u00fczakir\u0259 olunacaq m\u0259s\u0259l\u0259l\u0259r bar\u0259d\u0259 q\u0131sa m\u0259lumat verib v\u0259 sonra iclas qapal\u0131 \u015f\u0259kild\u0259 davam etdirilib. Qeyd ed\u0259k ki, iclasda Az\u0259rbaycan Prezidentinin h\u00fcquq&hellip;","_links":{"self":[{"href":"https:\/\/arantv.az\/index.php?rest_route=\/wp\/v2\/posts\/49056"}],"collection":[{"href":"https:\/\/arantv.az\/index.php?rest_route=\/wp\/v2\/posts"}],"about":[{"href":"https:\/\/arantv.az\/index.php?rest_route=\/wp\/v2\/types\/post"}],"author":[{"embeddable":true,"href":"https:\/\/arantv.az\/index.php?rest_route=\/wp\/v2\/users\/2"}],"replies":[{"embeddable":true,"href":"https:\/\/arantv.az\/index.php?rest_route=%2Fwp%2Fv2%2Fcomments&post=49056"}],"version-history":[{"count":0,"href":"https:\/\/arantv.az\/index.php?rest_route=\/wp\/v2\/posts\/49056\/revisions"}],"wp:featuredmedia":[{"embeddable":true,"href":"https:\/\/arantv.az\/index.php?rest_route=\/wp\/v2\/media\/49057"}],"wp:attachment":[{"href":"https:\/\/arantv.az\/index.php?rest_route=%2Fwp%2Fv2%2Fmedia&parent=49056"}],"wp:term":[{"taxonomy":"category","embeddable":true,"href":"https:\/\/arantv.az\/index.php?rest_route=%2Fwp%2Fv2%2Fcategories&post=49056"},{"taxonomy":"post_tag","embeddable":true,"href":"https:\/\/arantv.az\/index.php?rest_route=%2Fwp%2Fv2%2Ftags&post=49056"}],"curies":[{"name":"wp","href":"https:\/\/api.w.org\/{rel}","templated":true}]}}