{"id":49059,"date":"2019-04-03T16:16:33","date_gmt":"2019-04-03T13:16:33","guid":{"rendered":"http:\/\/arantv.az\/?p=49059"},"modified":"2019-04-03T16:16:33","modified_gmt":"2019-04-03T13:16:33","slug":"bakida-t%c9%99cili-yardim-masini-q%c9%99zaya-dusdu-video","status":"publish","type":"post","link":"https:\/\/arantv.az\/?p=49059","title":{"rendered":"Bak\u0131da t\u0259cili yard\u0131m ma\u015f\u0131n\u0131 q\u0259zaya d\u00fc\u015fd\u00fc &#8211; V\u0130DEO"},"content":{"rendered":"<p>Bir ne\u00e7\u0259 d\u0259qiq\u0259 \u0259vv\u0259l Bak\u0131da t\u0259cili tibbi yard\u0131m avtomobilinin i\u015ftirak\u0131 il\u0259 q\u0259za ba\u015f verib.<\/p>\n<p>Hadis\u0259nin g\u00f6r\u00fcnt\u00fcl\u0259ri sosial \u015f\u0259b\u0259k\u0259d\u0259 payla\u015f\u0131l\u0131b.<\/p>\n<p>M\u0259lumatlara g\u00f6r\u0259, q\u0259za Karl Marks dair\u0259si yax\u0131nl\u0131\u011f\u0131nda qeyd\u0259 al\u0131n\u0131b.<\/p>\n<p>Hadis\u0259 zaman\u0131 &#8220;Mercedes&#8221; markal\u0131 t\u0259cili tibbi yard\u0131m ma\u015f\u0131n\u0131 &#8220;K\u0130A&#8221; markal\u0131 avtomobill\u0259 toqqu\u015fub. Q\u0259zadan sonra t\u0259cili yard\u0131m ma\u015f\u0131n\u0131 yol k\u0259nar\u0131ndak\u0131 dir\u0259y\u0259 \u00e7\u0131rp\u0131l\u0131b.<\/p>\n<p>&#8220;Oxu.az&#8221;<\/p>\n<div class=\"embed-responsive embed-responsive-16by9\"><iframe loading=\"lazy\" id=\"nmqembedid\" class=\"embed-responsive-item\" title=\"video player\" src=\"https:\/\/izle.az\/embed\/09cvyEmsTC3SS0rMLtUrKdNPzU1KTdE3NzM1AAA~\" width=\"600\" height=\"340\" frameborder=\"0\" scrolling=\"no\" allowfullscreen=\"allowfullscreen\" data-mce-fragment=\"1\"><\/iframe><\/div>\n<div class=\"datespan clearfix\"><\/div>\n","protected":false},"excerpt":{"rendered":"<p>Bir ne\u00e7\u0259 d\u0259qiq\u0259 \u0259vv\u0259l Bak\u0131da t\u0259cili tibbi yard\u0131m avtomobilinin i\u015ftirak\u0131 il\u0259 q\u0259za ba\u015f verib. Hadis\u0259nin g\u00f6r\u00fcnt\u00fcl\u0259ri sosial \u015f\u0259b\u0259k\u0259d\u0259 payla\u015f\u0131l\u0131b. M\u0259lumatlara g\u00f6r\u0259, q\u0259za Karl Marks dair\u0259si yax\u0131nl\u0131\u011f\u0131nda qeyd\u0259 al\u0131n\u0131b. Hadis\u0259 zaman\u0131 &#8220;Mercedes&#8221; markal\u0131 t\u0259cili tibbi yard\u0131m ma\u015f\u0131n\u0131 &#8220;K\u0130A&#8221; markal\u0131 avtomobill\u0259 toqqu\u015fub. Q\u0259zadan sonra t\u0259cili yard\u0131m ma\u015f\u0131n\u0131 yol k\u0259nar\u0131ndak\u0131 dir\u0259y\u0259 \u00e7\u0131rp\u0131l\u0131b. &#8220;Oxu.az&#8221;<\/p>\n","protected":false},"author":2,"featured_media":49061,"comment_status":"closed","ping_status":"closed","sticky":false,"template":"","format":"standard","meta":{"om_disable_all_campaigns":false,"_monsterinsights_skip_tracking":false,"_monsterinsights_sitenote_active":false,"_monsterinsights_sitenote_note":"","_monsterinsights_sitenote_category":0},"categories":[5],"tags":[],"aioseo_notices":[],"gutentor_comment":0,"rttpg_featured_image_url":{"full":["https:\/\/arantv.az\/wp-content\/uploads\/2019\/04\/1554296738foto1.jpg",549,309,false],"landscape":["https:\/\/arantv.az\/wp-content\/uploads\/2019\/04\/1554296738foto1.jpg",549,309,false],"portraits":["https:\/\/arantv.az\/wp-content\/uploads\/2019\/04\/1554296738foto1.jpg",549,309,false],"thumbnail":["https:\/\/arantv.az\/wp-content\/uploads\/2019\/04\/1554296738foto1-150x150.jpg",150,150,true],"medium":["https:\/\/arantv.az\/wp-content\/uploads\/2019\/04\/1554296738foto1-300x169.jpg",300,169,true],"large":["https:\/\/arantv.az\/wp-content\/uploads\/2019\/04\/1554296738foto1.jpg",549,309,false],"1536x1536":["https:\/\/arantv.az\/wp-content\/uploads\/2019\/04\/1554296738foto1.jpg",549,309,false],"2048x2048":["https:\/\/arantv.az\/wp-content\/uploads\/2019\/04\/1554296738foto1.jpg",549,309,false],"post-thumbnail":["https:\/\/arantv.az\/wp-content\/uploads\/2019\/04\/1554296738foto1-240x172.jpg",240,172,true],"advps-thumb-one":["https:\/\/arantv.az\/wp-content\/uploads\/2019\/04\/1554296738foto1.jpg",549,309,false]},"rttpg_author":{"display_name":"V\u00fcsal Rafiqo\u011flu","author_link":"https:\/\/arantv.az\/?author=2"},"rttpg_comment":0,"rttpg_category":"<a href=\"https:\/\/arantv.az\/?cat=5\" rel=\"category\">Hadis\u0259<\/a>","rttpg_excerpt":"Bir ne\u00e7\u0259 d\u0259qiq\u0259 \u0259vv\u0259l Bak\u0131da t\u0259cili tibbi yard\u0131m avtomobilinin i\u015ftirak\u0131 il\u0259 q\u0259za ba\u015f verib. Hadis\u0259nin g\u00f6r\u00fcnt\u00fcl\u0259ri sosial \u015f\u0259b\u0259k\u0259d\u0259 payla\u015f\u0131l\u0131b. M\u0259lumatlara g\u00f6r\u0259, q\u0259za Karl Marks dair\u0259si yax\u0131nl\u0131\u011f\u0131nda qeyd\u0259 al\u0131n\u0131b. Hadis\u0259 zaman\u0131 &#8220;Mercedes&#8221; markal\u0131 t\u0259cili tibbi yard\u0131m ma\u015f\u0131n\u0131 &#8220;K\u0130A&#8221; markal\u0131 avtomobill\u0259 toqqu\u015fub. Q\u0259zadan sonra t\u0259cili yard\u0131m ma\u015f\u0131n\u0131 yol k\u0259nar\u0131ndak\u0131 dir\u0259y\u0259 \u00e7\u0131rp\u0131l\u0131b. &#8220;Oxu.az&#8221;","_links":{"self":[{"href":"https:\/\/arantv.az\/index.php?rest_route=\/wp\/v2\/posts\/49059"}],"collection":[{"href":"https:\/\/arantv.az\/index.php?rest_route=\/wp\/v2\/posts"}],"about":[{"href":"https:\/\/arantv.az\/index.php?rest_route=\/wp\/v2\/types\/post"}],"author":[{"embeddable":true,"href":"https:\/\/arantv.az\/index.php?rest_route=\/wp\/v2\/users\/2"}],"replies":[{"embeddable":true,"href":"https:\/\/arantv.az\/index.php?rest_route=%2Fwp%2Fv2%2Fcomments&post=49059"}],"version-history":[{"count":0,"href":"https:\/\/arantv.az\/index.php?rest_route=\/wp\/v2\/posts\/49059\/revisions"}],"wp:featuredmedia":[{"embeddable":true,"href":"https:\/\/arantv.az\/index.php?rest_route=\/wp\/v2\/media\/49061"}],"wp:attachment":[{"href":"https:\/\/arantv.az\/index.php?rest_route=%2Fwp%2Fv2%2Fmedia&parent=49059"}],"wp:term":[{"taxonomy":"category","embeddable":true,"href":"https:\/\/arantv.az\/index.php?rest_route=%2Fwp%2Fv2%2Fcategories&post=49059"},{"taxonomy":"post_tag","embeddable":true,"href":"https:\/\/arantv.az\/index.php?rest_route=%2Fwp%2Fv2%2Ftags&post=49059"}],"curies":[{"name":"wp","href":"https:\/\/api.w.org\/{rel}","templated":true}]}}