{"id":491254,"date":"2022-07-02T08:04:31","date_gmt":"2022-07-02T05:04:31","guid":{"rendered":"https:\/\/arantv.az\/?p=491254"},"modified":"2022-07-02T08:04:31","modified_gmt":"2022-07-02T05:04:31","slug":"bu-strateji-sah%c9%99-daim-diqq%c9%99td%c9%99-saxlanilir","status":"publish","type":"post","link":"https:\/\/arantv.az\/?p=491254","title":{"rendered":"Bu strateji sah\u0259 daim diqq\u0259td\u0259 saxlan\u0131l\u0131r"},"content":{"rendered":"<p><em><strong>Az\u0259rbaycan h\u00f6kum\u0259ti d\u00fcnyan\u0131 t\u0259hdid ed\u0259n \u0259rzaq t\u0259hl\u00fck\u0259sizliyi v\u0259 qida \u00e7at\u0131\u015fmazl\u0131\u011f\u0131na qar\u015f\u0131 ard\u0131c\u0131l proqramlar h\u0259yata ke\u00e7irir<\/strong><\/em><\/p>\n<p>D\u00fcnyan\u0131 narahat ed\u0259n qlobal iqlim d\u0259yi\u015fikliyi, el\u0259c\u0259 d\u0259 COVID-19 pandemiyas\u0131, Ukraynada ba\u015f ver\u0259n hadis\u0259l\u0259r, el\u0259c\u0259 d\u0259 enerji da\u015f\u0131y\u0131c\u0131lar\u0131 bazar\u0131ndak\u0131 k\u0259skin bahala\u015fma planetimizi \u0259rzaq t\u0259minat\u0131 v\u0259 k\u0259skin bahala\u015fma t\u0259hl\u00fck\u0259si il\u0259 \u00fcz-\u00fcz\u0259 qoyub.<\/p>\n<p>Bu s\u0259b\u0259bl\u0259r \u00fcz\u00fcnd\u0259n d\u00fcnyan\u0131n cari ilin pay\u0131z\u0131ndan etibar\u0259n \u0259rzaq q\u0131tl\u0131\u011f\u0131 il\u0259 \u00fczl\u0259\u015f\u0259c\u0259yi, 2023-c\u00fc ild\u0259 problemin daha da d\u0259rinl\u0259\u015f\u0259c\u0259yi g\u00f6zl\u0259nilir. BMT-nin Ba\u015f katibi Antonio Quterre\u015f d\u0259 bu yax\u0131nlarda bildirib ki, Rusiya-Ukrayna m\u00fcnaqi\u015f\u0259si davam etdikc\u0259 qlobal \u0259rzaq t\u0259hl\u00fck\u0259sizliyi \u00fc\u00e7\u00fcn riskl\u0259r art\u0131r. O, Rusiya-Ukrayna m\u00fcharib\u0259sinin d\u00fcnya \u00fc\u00e7\u00fcn n\u0259tic\u0259l\u0259rinin daha da pisl\u0259\u015fdiyini v\u0259 94 \u00f6lk\u0259d\u0259n 1,6 milyard insana t\u0259sir etdiyini bildirib.<\/p>\n<p>BMT-nin Ticar\u0259t v\u0259 ixrac\u0131n inki\u015faf\u0131 \u00fczr\u0259 konfrans\u0131n\u0131n s\u0259dri Rebekka Qrinspen bir m\u00fcdd\u0259t \u0259vv\u0259l bildirib ki, \u0259rzaq b\u00f6hran\u0131 g\u0259l\u0259n il qlobal f\u0259lak\u0259t\u0259 \u00e7evril\u0259c\u0259k. O qeyd edib ki, Rusiya v\u0259 Ukraynadan ixrac olunan k\u0259nd t\u0259s\u0259rr\u00fcfat\u0131 m\u0259hsullar\u0131 v\u0259 g\u00fcbr\u0259l\u0259rin d\u00fcnya bazarlar\u0131na qaytar\u0131lmamas\u0131 ehtimal\u0131 2023-c\u00fc ild\u0259 qlobal f\u0259lak\u0259t t\u0259hl\u00fck\u0259si yarad\u0131r: \u201cM\u00f6vcud \u0259rzaq b\u00f6hran\u0131 2023-c\u00fc ild\u0259 s\u00fcr\u0259tl\u0259 qlobal \u0259rzaq f\u0259lak\u0259tin\u0259 \u00e7evril\u0259 bil\u0259r. Enerji qiym\u0259tl\u0259ri art\u0131b v\u0259 Qara d\u0259niz regionundan g\u00fcbr\u0259 ixrac\u0131na qoyulan m\u0259hdudiyy\u0259tl\u0259r g\u00fcbr\u0259 qiym\u0259tl\u0259rinin \u0259rzaq qiym\u0259tl\u0259rind\u0259n daha s\u00fcr\u0259tl\u0259 artmas\u0131na s\u0259b\u0259b olub\u201d.<\/p>\n<p>BMT r\u0259smil\u0259ri qeyd edirl\u0259r ki, \u0259g\u0259r m\u00fcnaqi\u015f\u0259, tax\u0131l v\u0259 g\u00fcbr\u0259nin y\u00fcks\u0259k qiym\u0259tl\u0259ri n\u00f6vb\u0259ti \u0259kin m\u00f6vs\u00fcm\u00fcn\u0259 q\u0259d\u0259r davam ed\u0259rs\u0259, m\u00f6vcud b\u00f6hran dig\u0259r \u0259sas bitkil\u0259r\u0259, x\u00fcsusil\u0259 d\u0259 d\u00fcy\u00fcy\u0259 ke\u00e7\u0259 bil\u0259r. \u015e\u00fcbh\u0259siz, h\u0259r bir \u00f6lk\u0259nin \u0259rzaq t\u0259hl\u00fck\u0259sizliyi onun iqtisadi suverenliyinin v\u0259\u00a0iqtisadi t\u0259hl\u00fck\u0259sizliyinin m\u00fch\u00fcm t\u0259rkib hiss\u0259sini t\u0259\u015fkil edir.\u00a0Bu m\u0259nada haz\u0131rda \u00f6lk\u0259mizd\u0259 \u0259rzaq t\u0259hl\u00fck\u0259sizliyi v\u0259 qida t\u0259minat\u0131 istiqam\u0259tind\u0259 b\u00fct\u00fcn z\u0259ruri add\u0131mlar at\u0131l\u0131r. T\u0259bii ki, Az\u0259rbaycan qloballa\u015fan d\u00fcnyan\u0131n bir hiss\u0259sidir. M\u00fcasir d\u00f6vrd\u0259 t\u0259dric olunmu\u015f halda v\u0259 ya f\u0259rdi qaydada \u00f6lk\u0259nin \u0259rzaq t\u0259hl\u00fck\u0259sizliyini t\u0259min etm\u0259k qeyri-m\u00fcmk\u00fcnd\u00fcr. T\u0259bii ki, d\u00fcnyada ba\u015f ver\u0259n iqtisadi prosesl\u0259r \u00f6lk\u0259miz\u0259 d\u0259 \u00f6z t\u0259sirini g\u00f6st\u0259rm\u0259kd\u0259dir. Bu bax\u0131mdan \u0259rzaq t\u0259hl\u00fck\u0259sizliyinin davaml\u0131 olaraq m\u00f6hk\u0259ml\u0259ndirilm\u0259si Az\u0259rbaycanda h\u0259yata ke\u00e7iril\u0259n sosial-iqtisadi siyas\u0259tin \u0259sas prioritetl\u0259rind\u0259n biridir. Bu strateji m\u0259s\u0259l\u0259 daim diqq\u0259td\u0259 saxlan\u0131l\u0131r v\u0259 \u0259rzaq ehtiyatlar\u0131na x\u00fcsusi \u00f6n\u0259m verilir. H\u00f6kum\u0259t d\u00fcnyan\u0131 t\u0259hdid ed\u0259n qida t\u0259minat\u0131 v\u0259 bahala\u015fma t\u0259hl\u00fck\u0259sin\u0259 qar\u015f\u0131 ard\u0131c\u0131l proqramlar h\u0259yata ke\u00e7irir. \u201cAz\u0259rbaycan Respublikas\u0131n\u0131n 2021-ci il d\u00f6vl\u0259t b\u00fcdc\u0259sinin icras\u0131na dair illik hesabat\u201d\u0131nda qeyd edilib ki, aqrar sah\u0259d\u0259 apar\u0131lan islahat t\u0259dbirl\u0259rin\u0259 uy\u011fun olaraq i\u015f\u011faldan azad olunmu\u015f \u0259razil\u0259rd\u0259n yeni torpaqlar\u0131n \u0259kin d\u00f6vriyy\u0259sin\u0259 c\u0259lb edilm\u0259si il\u0259 ba\u011fl\u0131 t\u0259l\u0259b olunan \u0259lav\u0259 x\u0259rcl\u0259r d\u0259 n\u0259z\u0259r\u0259 al\u0131nmaqla, k\u0259nd t\u0259s\u0259rr\u00fcfat\u0131 m\u0259hsullar\u0131 istehsal\u00e7\u0131lar\u0131na d\u00f6vl\u0259t t\u0259r\u0259find\u0259n maliyy\u0259 d\u0259st\u0259yi olaraq Az\u0259rbaycan Respublikas\u0131nda \u0259rzaq t\u0259hl\u00fck\u0259sizliyinin t\u0259min edilm\u0259si il\u0259 ba\u011fl\u0131 t\u0259dbirl\u0259rin maliyy\u0259l\u0259\u015fdirilm\u0259si \u00fc\u00e7\u00fcn 454,8 milyon manat v\u0259 ya bu m\u0259qs\u0259d \u00fc\u00e7\u00fcn d\u00f6vl\u0259t b\u00fcdc\u0259sind\u0259n ayr\u0131lm\u0131\u015f 467,5 milyon manat m\u0259bl\u0259\u011find\u0259 v\u0259saitin 97,3 faizi s\u0259rf edilib ki, bu da 2020-ci ill\u0259 m\u00fcqayis\u0259d\u0259 52,2 milyon manat v\u0259 ya 13,0 faiz \u00e7oxdur.<\/p>\n<p>2016-c\u0131 il dekabr\u0131n 6-da\u00a0 Prezident \u0130lham \u018fliyevin S\u0259r\u0259ncam\u0131 il\u0259 t\u0259sdiql\u0259nmi\u015f Az\u0259rbaycan Respublikas\u0131nda k\u0259nd t\u0259s\u0259rr\u00fcfat\u0131 m\u0259hsullar\u0131n\u0131n istehsal\u0131na v\u0259 emal\u0131na dair Strateji Yol X\u0259rit\u0259sind\u0259 \u00f6lk\u0259nin \u0259rzaq t\u0259hl\u00fck\u0259sizliyinin dayan\u0131ql\u0131l\u0131\u011f\u0131n\u0131n t\u0259min edilm\u0259si \u00fc\u00e7\u00fcn institutsional potensial\u0131n g\u00fccl\u0259ndirilm\u0259si strateji h\u0259d\u0259f kimi elan edilmi\u015f v\u0259 s\u00f6z\u00fcged\u0259n h\u0259d\u0259f\u0259 \u00e7atmaq \u00fc\u00e7\u00fcn \u0259sas prioritetl\u0259r m\u00fc\u0259yy\u0259nl\u0259\u015fdirilmi\u015fdir.<\/p>\n<p>B\u00fct\u00fcn aidiyy\u0259ti qurumlar, el\u0259c\u0259 d\u0259 Az\u0259rbaycan \u0130qtisadiyyat Nazirliyi t\u0259r\u0259find\u0259n \u00f6lk\u0259mizd\u0259 \u0259rzaq t\u0259hl\u00fck\u0259sizliyinin t\u0259mini il\u0259 ba\u011fl\u0131 yeni mexanizmin haz\u0131rlanmas\u0131 \u00fc\u00e7\u00fcn davaml\u0131 t\u0259klifl\u0259r verilir. Bu t\u0259klifl\u0259r\u0259 \u0259rzaq m\u0259hsullar\u0131 istehsal ed\u0259n m\u00fc\u0259ssis\u0259l\u0259r\u0259, sahibkarlara, k\u0259nd t\u0259s\u0259rr\u00fcfat\u0131 il\u0259 m\u0259\u015f\u011ful olan \u015firk\u0259tl\u0259r\u0259 subsidiyalar\u0131n, g\u00fcz\u0259\u015ftli kreditl\u0259rin verilm\u0259si daxildir.<\/p>\n<p>Haz\u0131rda Az\u0259rbaycanda \u0259rzaq t\u0259hl\u00fck\u0259sizliyinin t\u0259min edilm\u0259si \u00fc\u00e7\u00fcn strateji m\u0259hsullar aras\u0131nda m\u00fch\u00fcm yeri tutan tax\u0131l istehsal\u0131n\u0131n art\u0131r\u0131lmas\u0131 istiqam\u0259tind\u0259\u00a0m\u00fch\u00fcm add\u0131mlar at\u0131l\u0131r. \u0130lk n\u00f6vb\u0259d\u0259 m\u0259hsuldarl\u0131\u011f\u0131n artmas\u0131na xidm\u0259t ed\u0259n iri tax\u0131l\u00e7\u0131l\u0131q t\u0259s\u0259rr\u00fcfatlar\u0131 yarad\u0131l\u0131r. Bundan ba\u015fqa, \u0259rzaq t\u0259hl\u00fck\u0259sizliyinin t\u0259min edilm\u0259si v\u0259 \u0259rzaq bu\u011fdas\u0131na olan t\u0259l\u0259bat\u0131 \u00f6d\u0259m\u0259k \u00fc\u00e7\u00fcn xaricd\u0259 tax\u0131l \u0259kini \u00fc\u00e7\u00fcn geni\u015f torpaqlar icar\u0259y\u0259 g\u00f6t\u00fcr\u00fclm\u0259si istiqam\u0259tind\u0259 i\u015fl\u0259r davam edir.<\/p>\n","protected":false},"excerpt":{"rendered":"<p>Az\u0259rbaycan h\u00f6kum\u0259ti d\u00fcnyan\u0131 t\u0259hdid ed\u0259n \u0259rzaq t\u0259hl\u00fck\u0259sizliyi v\u0259 qida \u00e7at\u0131\u015fmazl\u0131\u011f\u0131na qar\u015f\u0131 ard\u0131c\u0131l proqramlar h\u0259yata ke\u00e7irir D\u00fcnyan\u0131 narahat ed\u0259n qlobal iqlim d\u0259yi\u015fikliyi, el\u0259c\u0259 d\u0259 COVID-19 pandemiyas\u0131, Ukraynada ba\u015f ver\u0259n hadis\u0259l\u0259r, el\u0259c\u0259 d\u0259 enerji da\u015f\u0131y\u0131c\u0131lar\u0131 bazar\u0131ndak\u0131 k\u0259skin bahala\u015fma planetimizi \u0259rzaq t\u0259minat\u0131 v\u0259 k\u0259skin bahala\u015fma t\u0259hl\u00fck\u0259si il\u0259 \u00fcz-\u00fcz\u0259 qoyub. Bu s\u0259b\u0259bl\u0259r \u00fcz\u00fcnd\u0259n d\u00fcnyan\u0131n cari ilin pay\u0131z\u0131ndan etibar\u0259n \u0259rzaq q\u0131tl\u0131\u011f\u0131 il\u0259 \u00fczl\u0259\u015f\u0259c\u0259yi, 2023-c\u00fc ild\u0259 problemin daha da d\u0259rinl\u0259\u015f\u0259c\u0259yi g\u00f6zl\u0259nilir. BMT-nin Ba\u015f katibi Antonio Quterre\u015f d\u0259 bu yax\u0131nlarda bildirib ki, Rusiya-Ukrayna m\u00fcnaqi\u015f\u0259si davam etdikc\u0259 qlobal \u0259rzaq t\u0259hl\u00fck\u0259sizliyi \u00fc\u00e7\u00fcn riskl\u0259r art\u0131r. O, Rusiya-Ukrayna m\u00fcharib\u0259sinin d\u00fcnya \u00fc\u00e7\u00fcn&hellip;<\/p>\n","protected":false},"author":2,"featured_media":491255,"comment_status":"closed","ping_status":"closed","sticky":false,"template":"","format":"standard","meta":{"om_disable_all_campaigns":false,"_monsterinsights_skip_tracking":false,"_monsterinsights_sitenote_active":false,"_monsterinsights_sitenote_note":"","_monsterinsights_sitenote_category":0},"categories":[19],"tags":[],"aioseo_notices":[],"gutentor_comment":0,"rttpg_featured_image_url":{"full":["https:\/\/arantv.az\/wp-content\/uploads\/2022\/07\/234e6913159428720974203697810196306.jpg",975,540,false],"landscape":["https:\/\/arantv.az\/wp-content\/uploads\/2022\/07\/234e6913159428720974203697810196306.jpg",975,540,false],"portraits":["https:\/\/arantv.az\/wp-content\/uploads\/2022\/07\/234e6913159428720974203697810196306.jpg",975,540,false],"thumbnail":["https:\/\/arantv.az\/wp-content\/uploads\/2022\/07\/234e6913159428720974203697810196306-500x280.jpg",500,280,true],"medium":["https:\/\/arantv.az\/wp-content\/uploads\/2022\/07\/234e6913159428720974203697810196306-660x365.jpg",660,365,true],"large":["https:\/\/arantv.az\/wp-content\/uploads\/2022\/07\/234e6913159428720974203697810196306-840x465.jpg",640,354,true],"1536x1536":["https:\/\/arantv.az\/wp-content\/uploads\/2022\/07\/234e6913159428720974203697810196306.jpg",975,540,false],"2048x2048":["https:\/\/arantv.az\/wp-content\/uploads\/2022\/07\/234e6913159428720974203697810196306.jpg",975,540,false],"post-thumbnail":["https:\/\/arantv.az\/wp-content\/uploads\/2022\/07\/234e6913159428720974203697810196306-240x172.jpg",240,172,true],"advps-thumb-one":["https:\/\/arantv.az\/wp-content\/uploads\/2022\/07\/234e6913159428720974203697810196306.jpg",975,540,false]},"rttpg_author":{"display_name":"V\u00fcsal Rafiqo\u011flu","author_link":"https:\/\/arantv.az\/?author=2"},"rttpg_comment":0,"rttpg_category":"<a href=\"https:\/\/arantv.az\/?cat=19\" rel=\"category\">G\u00fcnd\u0259m<\/a>","rttpg_excerpt":"Az\u0259rbaycan h\u00f6kum\u0259ti d\u00fcnyan\u0131 t\u0259hdid ed\u0259n \u0259rzaq t\u0259hl\u00fck\u0259sizliyi v\u0259 qida \u00e7at\u0131\u015fmazl\u0131\u011f\u0131na qar\u015f\u0131 ard\u0131c\u0131l proqramlar h\u0259yata ke\u00e7irir D\u00fcnyan\u0131 narahat ed\u0259n qlobal iqlim d\u0259yi\u015fikliyi, el\u0259c\u0259 d\u0259 COVID-19 pandemiyas\u0131, Ukraynada ba\u015f ver\u0259n hadis\u0259l\u0259r, el\u0259c\u0259 d\u0259 enerji da\u015f\u0131y\u0131c\u0131lar\u0131 bazar\u0131ndak\u0131 k\u0259skin bahala\u015fma planetimizi \u0259rzaq t\u0259minat\u0131 v\u0259 k\u0259skin bahala\u015fma t\u0259hl\u00fck\u0259si il\u0259 \u00fcz-\u00fcz\u0259 qoyub. Bu s\u0259b\u0259bl\u0259r \u00fcz\u00fcnd\u0259n d\u00fcnyan\u0131n cari ilin pay\u0131z\u0131ndan etibar\u0259n \u0259rzaq&hellip;","_links":{"self":[{"href":"https:\/\/arantv.az\/index.php?rest_route=\/wp\/v2\/posts\/491254"}],"collection":[{"href":"https:\/\/arantv.az\/index.php?rest_route=\/wp\/v2\/posts"}],"about":[{"href":"https:\/\/arantv.az\/index.php?rest_route=\/wp\/v2\/types\/post"}],"author":[{"embeddable":true,"href":"https:\/\/arantv.az\/index.php?rest_route=\/wp\/v2\/users\/2"}],"replies":[{"embeddable":true,"href":"https:\/\/arantv.az\/index.php?rest_route=%2Fwp%2Fv2%2Fcomments&post=491254"}],"version-history":[{"count":0,"href":"https:\/\/arantv.az\/index.php?rest_route=\/wp\/v2\/posts\/491254\/revisions"}],"wp:featuredmedia":[{"embeddable":true,"href":"https:\/\/arantv.az\/index.php?rest_route=\/wp\/v2\/media\/491255"}],"wp:attachment":[{"href":"https:\/\/arantv.az\/index.php?rest_route=%2Fwp%2Fv2%2Fmedia&parent=491254"}],"wp:term":[{"taxonomy":"category","embeddable":true,"href":"https:\/\/arantv.az\/index.php?rest_route=%2Fwp%2Fv2%2Fcategories&post=491254"},{"taxonomy":"post_tag","embeddable":true,"href":"https:\/\/arantv.az\/index.php?rest_route=%2Fwp%2Fv2%2Ftags&post=491254"}],"curies":[{"name":"wp","href":"https:\/\/api.w.org\/{rel}","templated":true}]}}