{"id":491260,"date":"2022-07-02T08:05:54","date_gmt":"2022-07-02T05:05:54","guid":{"rendered":"https:\/\/arantv.az\/?p=491260"},"modified":"2022-07-02T08:05:54","modified_gmt":"2022-07-02T05:05:54","slug":"olk%c9%99l%c9%99rin-suverenliyin%c9%99-%c9%99razi-butovluyun%c9%99-horm%c9%99t-v%c9%99-qarsiliqli-anlasmaya-sadiqlik-qosulmama-h%c9%99r%c9%99katinin-prinsipl%c9%99ri","status":"publish","type":"post","link":"https:\/\/arantv.az\/?p=491260","title":{"rendered":"\u00d6lk\u0259l\u0259rin suverenliyin\u0259, \u0259razi b\u00fct\u00f6vl\u00fcy\u00fcn\u0259 h\u00f6rm\u0259t v\u0259 qar\u015f\u0131l\u0131ql\u0131 anla\u015fmaya sadiqlik &#8211; Qo\u015fulmama H\u0259r\u0259kat\u0131n\u0131n prinsipl\u0259ri"},"content":{"rendered":"<p><em><strong>Qo\u015fulmama H\u0259r\u0259kat\u0131 Parlament \u015e\u0259b\u0259k\u0259sinin \u00abD\u00fcnyada s\u00fclh\u00fcn v\u0259 dayan\u0131ql\u0131 inki\u015faf\u0131n t\u0259\u015fviqind\u0259 milli parlamentl\u0259rin rolunun g\u00fccl\u0259ndirilm\u0259si\u00bb m\u00f6vzusuna h\u0259sr olunan Bak\u0131 konfrans\u0131 t\u0259sisat\u0131n siyasi, humanitar platforma olmas\u0131n\u0131n t\u0259sdiqidir<\/strong><\/em><\/p>\n<p>BMT Ba\u015f Assambleyas\u0131ndan sonra d\u00fcnyan\u0131n 120 d\u00f6vl\u0259tinin t\u0259msil olundu\u011fu \u0259n b\u00f6y\u00fck siyasi t\u0259sisat kimi b\u00f6y\u00fck n\u00fcfuza malik Qo\u015fulmama H\u0259r\u0259kat\u0131na 2011-ci ild\u0259 \u00fczv q\u0259bul olunan Az\u0259rbaycan q\u0131sa m\u00fcdd\u0259td\u0259 beyn\u0259lxalq h\u00fcququn norma v\u0259 prinsipl\u0259rini q\u0259tiyy\u0259tl\u0259 m\u00fcdafi\u0259 etm\u0259kl\u0259 b\u00f6y\u00fck n\u00fcfuz qazanm\u0131\u015fd\u0131r. H\u0259r\u0259kata \u00fczv \u00f6lk\u0259l\u0259rin d\u00f6vl\u0259t v\u0259 h\u00f6kum\u0259t ba\u015f\u00e7\u0131lar\u0131n\u0131n 2016-c\u0131 ild\u0259 ke\u00e7irilmi\u015f XVII Zirv\u0259 G\u00f6r\u00fc\u015f\u00fcnd\u0259 n\u00f6vb\u0259ti sammitin Bak\u0131 \u015f\u0259h\u0259rind\u0259 ke\u00e7irilm\u0259si v\u0259 2019-2022-ci ill\u0259r \u00fczr\u0259 s\u0259drliyin Az\u0259rbaycana h\u0259val\u0259 edilm\u0259si bar\u0259d\u0259 yekdil q\u0259rar q\u0259bul olunmas\u0131 \u00f6lk\u0259miz\u0259 g\u00f6st\u0259ril\u0259n h\u00f6rm\u0259tin, inam\u0131n v\u0259 etimad\u0131n t\u0259zah\u00fcr\u00fc idi. H\u0259r\u0259kata s\u0259drliyi d\u00f6vr\u00fcnd\u0259 prioritetl\u0259rini v\u0259 f\u0259aliyy\u0259tini b\u00fct\u00fcn \u00f6lk\u0259l\u0259rin suverenliyin\u0259, \u0259razi b\u00fct\u00f6vl\u00fcy\u00fcn\u0259 h\u00f6rm\u0259t, d\u00f6vl\u0259tl\u0259rin daxili i\u015fl\u0259rin\u0259 qar\u0131\u015fmamaq, qar\u015f\u0131l\u0131ql\u0131 maraqlar\u0131n qorunmas\u0131 v\u0259 \u0259m\u0259kda\u015fl\u0131\u011f\u0131n t\u0259\u015fviqi kimi prinsipl\u0259ri ehtiva ed\u0259n Bandunq prinsipl\u0259ri \u00fcz\u0259rind\u0259 quran Az\u0259rbaycan quruma s\u0259drliyi d\u00f6vr\u00fcnd\u0259 dig\u0259r t\u0259sisatlarla dialoqun qurulmas\u0131 v\u0259 inki\u015faf etdirilm\u0259si, \u0259m\u0259kda\u015fl\u0131\u011f\u0131n co\u011frafiyas\u0131n\u0131n geni\u015fl\u0259ndirilm\u0259si \u00fc\u00e7\u00fcn s\u0259yl\u0259rini art\u0131rd\u0131. Humanist t\u0259\u015f\u0259bb\u00fcsl\u0259ri il\u0259 diqq\u0259ti c\u0259lb ed\u0259n Az\u0259rbaycan 2018-ci ild\u0259n etibar\u0259n Qo\u015fulmama H\u0259r\u0259kat\u0131na \u00fczv d\u00f6vl\u0259tl\u0259rin v\u0259t\u0259nda\u015flar\u0131na \u00f6lk\u0259mizin ali m\u0259kt\u0259bl\u0259rind\u0259 t\u0259hsil almaq m\u0259qs\u0259dil\u0259 tam \u00f6d\u0259ni\u015fli t\u0259qa\u00fcdl\u0259r verir. \u00dczv d\u00f6vl\u0259tl\u0259rd\u0259n 37 g\u0259nc bu proqramdan faydalan\u0131r. Az\u0259rbaycan\u0131n Qo\u015fulmama H\u0259r\u0259kat\u0131 tarixind\u0259 ilk d\u0259f\u0259 olaraq 40 \u00f6lk\u0259ni t\u0259msil ed\u0259n G\u0259ncl\u0259r Sammitinin ke\u00e7irilm\u0259si t\u0259\u015f\u0259bb\u00fcs\u00fc il\u0259 \u00e7\u0131x\u0131\u015f etm\u0259si \u00f6lk\u0259mizd\u0259 g\u0259ncl\u0259r siyas\u0259tinin prioritet kimi diqq\u0259td\u0259 saxlan\u0131lmas\u0131n\u0131n t\u0259zah\u00fcr\u00fcd\u00fcr. Davos \u00dcmumd\u00fcnya \u0130qtisadi Forumunun hesabatlar\u0131nda qeyd olundu\u011fu kimi, elektrik enerjisinin \u0259l\u00e7atanl\u0131q \u0259msal\u0131na g\u00f6r\u0259 d\u00fcnyada ikinci yerd\u0259 olan Az\u0259rbaycan \u015e\u0259rq-Q\u0259rb v\u0259 \u015eimal-C\u0259nub n\u0259qliyyat d\u0259hlizl\u0259ri layih\u0259l\u0259rinin f\u0259al i\u015ftirak\u00e7\u0131s\u0131 olaraq haz\u0131rda dig\u0259r m\u00fch\u00fcm layih\u0259l\u0259rd\u0259 d\u0259 t\u0259msil olunur. Elektrik enerjisinin istehsal\u0131 \u00fc\u00e7\u00fcn Az\u0259rbaycanda ancaq ekoloji t\u0259miz qaz v\u0259 su elektrik stansiyalar\u0131ndan istifad\u0259 olunmas\u0131 \u00f6lk\u0259miz\u0259 mara\u011f\u0131 daha da art\u0131r\u0131r. Z\u0259ngin tolerantl\u0131q, multikulturalizm \u0259n\u0259n\u0259l\u0259rin\u0259 malik respublikam\u0131z azt\u0259minatl\u0131 \u00f6lk\u0259l\u0259r\u0259 yard\u0131mlar\u0131n g\u00f6st\u0259rilm\u0259sind\u0259 d\u0259 f\u0259rql\u0259nir. T\u00f6r\u0259tdiyi f\u0259sadlarla yadda qalan pandemiya d\u00f6vr\u00fcnd\u0259 80-d\u0259n art\u0131q \u00f6lk\u0259y\u0259 humanitar yard\u0131m g\u00f6st\u0259r\u0259n, \u00abvaksin mill\u0259t\u00e7iliyi\u00bbn\u0259 qar\u015f\u0131 birg\u0259 m\u00fcbariz\u0259 t\u0259\u015f\u0259bb\u00fcs\u00fc il\u0259 d\u00fcnya d\u00f6vl\u0259tl\u0259rin\u0259i m\u00fcraci\u0259t ed\u0259n Az\u0259rbaycan \u00dcmumd\u00fcnya S\u0259hiyy\u0259 T\u0259\u015fkilat\u0131na ian\u0259 ayr\u0131lmas\u0131nda da f\u0259al i\u015ftirak etmi\u015f, m\u0259d\u0259niyy\u0259tl\u0259raras\u0131 dialoqun t\u0259\u015fviq olunmas\u0131 \u00fc\u00e7\u00fcn \u0259sas qlobal platforma kimi tan\u0131nm\u0131\u015fd\u0131r.<\/p>\n<p>D\u00fcn\u0259n Heyd\u0259r \u018fliyev M\u0259rk\u0259zind\u0259 \u00f6z i\u015fin\u0259 ba\u015flayan Qo\u015fulmama H\u0259r\u0259kat\u0131 Parlament \u015e\u0259b\u0259k\u0259sinin \u00abD\u00fcnyada s\u00fclh\u00fcn v\u0259 dayan\u0131ql\u0131 inki\u015faf\u0131n t\u0259\u015fviqind\u0259 milli parlamentl\u0259rin rolunun g\u00fccl\u0259ndirilm\u0259si\u201d\u00bb m\u00f6vzusuna h\u0259sr olunan v\u0259 \u00fc\u00e7 g\u00fcn davam ed\u0259c\u0259k Bak\u0131 konfrans\u0131nda d\u00fcnyan\u0131n 40-dan \u00e7ox \u00f6lk\u0259sini t\u0259msil ed\u0259n parlament n\u00fcmay\u0259nd\u0259 hey\u0259tl\u0259rinin, 9 beyn\u0259lxalq parlament t\u0259\u015fkilat\u0131n\u0131n i\u015ftirak\u0131 H\u0259r\u0259kat\u0131n n\u00fcfuzuna, qurumun haz\u0131rk\u0131 s\u0259dri Az\u0259rbaycana y\u00fcks\u0259k etimad\u0131n ifad\u0259sidir. Konfransda \u00e7\u0131x\u0131\u015f ed\u0259r\u0259k, m\u00fczakir\u0259 olunan m\u0259s\u0259l\u0259nin qlobal \u0259h\u0259miyy\u0259tini diqq\u0259t\u0259 \u00e7atd\u0131ran Prezident \u0130lham \u018fliyev Bak\u0131da Qo\u015fulmama H\u0259r\u0259kat\u0131n\u0131n Parlament \u015e\u0259b\u0259k\u0259sinin yarad\u0131lmas\u0131n\u0131 h\u0259mr\u0259ylik v\u0259 qar\u015f\u0131l\u0131ql\u0131 d\u0259st\u0259yin g\u00fccl\u0259ndirilm\u0259si istiqam\u0259tind\u0259 at\u0131lan add\u0131m adland\u0131rd\u0131. Bildirildi ki, humanizmi \u0259ks etdir\u0259n Az\u0259rbaycan\u0131n bu t\u0259\u015f\u0259bb\u00fcs\u00fcn\u00fcn d\u0259st\u0259kl\u0259nm\u0259si, parlamentl\u0259raras\u0131 \u015f\u0259b\u0259k\u0259nin formala\u015fmas\u0131 t\u0259kc\u0259 H\u0259r\u0259kata \u00fczv \u00f6lk\u0259l\u0259r aras\u0131nda h\u0259mr\u0259yliy\u0259 t\u00f6hf\u0259 verm\u0259y\u0259c\u0259k, eyni zamanda, d\u00fcnyan\u0131n m\u00fcxt\u0259lif parlament t\u0259\u015fkilatlar\u0131 il\u0259 s\u0131x i\u015f m\u00fcnasib\u0259tl\u0259ri intensivl\u0259\u015fdir\u0259c\u0259k. Qeyd olundu\u011fu kimi, Qo\u015fulmama H\u0259r\u0259kat\u0131 t\u0259\u015fkilat \u00fczvl\u0259rinin s\u0259sinin d\u00fcnyaya yay\u0131lmas\u0131 \u00fc\u00e7\u00fcn siyasi, humanist platformad\u0131r.<\/p>\n<p>\u00abParlament \u015f\u0259b\u0259k\u0259si bizim t\u0259kc\u0259 ir\u0259li s\u00fcrd\u00fcy\u00fcm\u00fcz v\u0259 d\u0259st\u0259yinizi qazand\u0131\u011f\u0131m\u0131z yegan\u0259 t\u0259\u015f\u0259bb\u00fcs deyil. Dig\u0259r vacib bir t\u0259\u015f\u0259bb\u00fcs g\u0259ncl\u0259r \u015f\u0259b\u0259k\u0259sidir. N\u00f6vb\u0259ti ay burada, Bak\u0131da ba\u015fqa \u00f6n\u0259mli bir t\u0259dbir, Qo\u015fulmama H\u0259r\u0259kat\u0131n\u0131n G\u0259ncl\u0259r Sammiti ke\u00e7iril\u0259c\u0259kdir. Bunlar Qo\u015fulmama H\u0259r\u0259kat\u0131n\u0131n institusional inki\u015faf\u0131 \u00fc\u00e7\u00fcn at\u0131lm\u0131\u015f add\u0131mlard\u0131r v\u0259 hesab edir\u0259m ki, bu istiqam\u0259td\u0259 praktiki add\u0131mlar\u0131n at\u0131lmas\u0131 \u00fc\u00e7\u00fcn vaxt yeti\u015fib. Az\u0259rbaycan\u0131n ir\u0259li s\u00fcrd\u00fcy\u00fc v\u0259 \u00fczv d\u00f6vl\u0259tl\u0259r t\u0259r\u0259find\u0259n d\u0259st\u0259kl\u0259nmi\u015f dig\u0259r bir t\u0259\u015f\u0259bb\u00fcs Nyu-Yorkda Qo\u015fulmama H\u0259r\u0259kat\u0131n\u0131n D\u0259st\u0259k Ofisinin yarad\u0131lmas\u0131d\u0131r\u00bb s\u00f6zl\u0259ri il\u0259 qurumun x\u0259tti il\u0259 institusional inki\u015faf istiqam\u0259tind\u0259 daha \u00e7ox add\u0131mlar\u0131n at\u0131lmas\u0131n\u0131\u00a0\u00f6lk\u0259l\u0259r aras\u0131nda h\u0259mr\u0259yliyin g\u00fccl\u0259ndirilm\u0259sin\u0259 d\u0259st\u0259k adland\u0131ran Prezident \u0130lham \u018fliyev bildirmi\u015fdir ki, H\u0259r\u0259kata qo\u015fuldu\u011fu ilk g\u00fcnl\u0259rd\u0259n t\u0259\u015f\u0259bb\u00fcsl\u0259ri il\u0259 diqq\u0259ti c\u0259lb ed\u0259n Az\u0259rbaycan\u0131n\u00a0Qo\u015fulmama H\u0259r\u0259kat\u0131na s\u0259drliyinin 2023-c\u00fc ilin ax\u0131r\u0131na kimi uzad\u0131lmas\u0131 islahat\u00e7\u0131 d\u00f6vl\u0259t kimi tan\u0131nan, iqtisadi, siyasi q\u00fcdr\u0259ti il\u0259 se\u00e7il\u0259n, diplomatik u\u011furlar\u0131 d\u0259st\u0259kl\u0259n\u0259n \u00f6lk\u0259miz\u0259 beyn\u0259lxalq s\u0259viyy\u0259d\u0259 g\u00f6st\u0259ril\u0259n etimad\u0131n, inam\u0131n t\u0259zah\u00fcr\u00fc, Prezident \u0130lham \u018fliyevin s\u0259drlik f\u0259aliyy\u0259tinin y\u00fcks\u0259k qiym\u0259tl\u0259ndirilm\u0259sinin m\u0259ntiqi n\u0259tic\u0259sidir.<\/p>\n<p>Az\u0259rbaycan\u0131n Qo\u015fulmama H\u0259r\u0259kat\u0131na s\u0259drliyi m\u00fcdd\u0259tin\u0259 t\u0259sad\u00fcf ed\u0259n COVID-19 il\u0259 m\u00fcbariz\u0259d\u0259 tolerant \u00f6lk\u0259 kimi t\u0259kc\u0259 \u00f6lk\u0259 daxilind\u0259 deyil, beyn\u0259lxalq arenada bu x\u0259st\u0259likl\u0259 m\u00fcbariz\u0259d\u0259 f\u0259all\u0131q g\u00f6st\u0259r\u0259n, multikultural d\u0259y\u0259rl\u0259r\u0259 sadiqliyini ba\u015fqa \u00f6lk\u0259l\u0259r\u0259 yard\u0131mlar\u0131 il\u0259 bildir\u0259n Az\u0259rbaycan\u0131n t\u0259\u015f\u0259bb\u00fcs\u00fc il\u0259 Qo\u015fulmama H\u0259r\u0259kat\u0131n\u0131n onlayn Zirv\u0259 toplant\u0131s\u0131n\u0131n ke\u00e7irilm\u0259si xeyirxahl\u0131q n\u00fcmun\u0259si kimi beyn\u0259lxalq s\u0259viyy\u0259d\u0259 d\u0259st\u0259kl\u0259ndi. \u00abBunun n\u0259tic\u0259sind\u0259 biz 2020-ci ilin dekabr ay\u0131nda u\u011furla ke\u00e7irilmi\u015f, COVID-19 il\u0259 m\u00fcbariz\u0259y\u0259 h\u0259sr edilmi\u015f BMT Ba\u015f Assambleyas\u0131n\u0131n X\u00fcsusi Sessiyas\u0131n\u0131n \u00e7a\u011f\u0131r\u0131lmas\u0131 il\u0259 ba\u011fl\u0131 \u00fczv d\u00f6vl\u0259tl\u0259r t\u0259r\u0259find\u0259n d\u0259st\u0259kl\u0259nmi\u015f t\u0259\u015f\u0259bb\u00fcs\u00fc ir\u0259li s\u00fcrd\u00fck. Bizim s\u0259yl\u0259rimiz t\u0259kc\u0259 h\u0259mr\u0259yliyin g\u00fccl\u0259ndirilm\u0259si v\u0259 d\u0259st\u0259yin t\u0259min edilm\u0259sin\u0259 y\u00f6n\u0259lm\u0259mi\u015fdir, eyni zamanda, \u00f6lk\u0259l\u0259r\u0259 d\u0259st\u0259k, tibbi v\u0259 humanitar yard\u0131mla ba\u011fl\u0131 bizim m\u0259lumat bazas\u0131ndan istifad\u0259 etm\u0259y\u0259 ba\u015flam\u0131\u015f \u00dcmumd\u00fcnya S\u0259hiyy\u0259 T\u0259\u015fkilat\u0131 \u00fc\u00e7\u00fcn d\u0259 faydal\u0131 oldu\u00bb s\u00f6yl\u0259m\u0259kl\u0259 80-d\u0259n \u00e7ox \u00f6lk\u0259y\u0259 maliyy\u0259 v\u0259 humanitar yard\u0131m\u0131n g\u00f6st\u0259rilm\u0259sini xat\u0131rladan d\u00f6vl\u0259t ba\u015f\u00e7\u0131m\u0131z qeyd etdi ki, Az\u0259rbaycan\u0131n \u00dcmumd\u00fcnya S\u0259hiyy\u0259 T\u0259\u015fkilat\u0131na ay\u0131rd\u0131\u011f\u0131 10 milyon AB\u015e dollar\u0131 m\u0259bl\u0259\u011find\u0259 ian\u0259nin yar\u0131s\u0131 Qo\u015fulmama H\u0259r\u0259kat\u0131n\u0131n \u00fczv d\u00f6vl\u0259tl\u0259rin\u0259 verilmi\u015fdir.<\/p>\n<p>Pandemiyan\u0131n t\u0259hl\u00fck\u0259li v\u0259ziyy\u0259t ald\u0131\u011f\u0131 \u00e7\u0259tin g\u00fcnl\u0259rd\u0259 \u00abpeyv\u0259nd mill\u0259t\u00e7iliyi\u00bbn\u0259 qar\u015f\u0131 etiraz\u0131n\u0131 a\u00e7\u0131q \u015f\u0259kild\u0259 bildir\u0259n Prezident \u0130lham \u018fliyev Qo\u015fulmama H\u0259r\u0259kat\u0131n\u0131n s\u0259dri kimi d\u0259 vaksinl\u0259rin b\u00f6l\u00fcnm\u0259sind\u0259 ayr\u0131-se\u00e7kilik hallar\u0131n\u0131 t\u0259nqid etmi\u015fdir: \u00abHam\u0131m\u0131z\u0131n xatirind\u0259dir ki, pandemiyan\u0131n ilk g\u00fcnl\u0259ri v\u0259 aylar\u0131nda b\u0259zi z\u0259ngin \u00f6lk\u0259l\u0259r onlara laz\u0131m oldu\u011fundan ola bilsin \u00fc\u00e7 v\u0259 ya d\u00f6rd d\u0259f\u0259 \u00e7ox peyv\u0259ndl\u0259ri t\u0259dar\u00fck edir v\u0259 bununla da dig\u0259r \u00f6lk\u0259l\u0259ri peyv\u0259ndl\u0259r\u0259 \u00e7\u0131x\u0131\u015fdan m\u0259hrum edirdi. Biz ham\u0131m\u0131z dig\u0259r \u00f6lk\u0259l\u0259rin \u00e7\u0131x\u0131lmaz v\u0259ziyy\u0259td\u0259 oldu\u011fu bir vaxtda z\u0259ngin \u00f6lk\u0259l\u0259rin peyv\u0259ndl\u0259rin m\u00fctl\u0259q \u0259ks\u0259riyy\u0259tind\u0259n istifad\u0259 etdiyinin \u015fahidi olduq. Buna g\u00f6r\u0259 d\u0259 bizim \u00abpeyv\u0259nd mill\u0259t\u00e7iliyi\u00bbn\u0259 qar\u015f\u0131 m\u00fcbariz\u0259miz Beyn\u0259lxalq Mill\u0259tl\u0259r T\u0259\u015fkilat\u0131 t\u0259r\u0259find\u0259n d\u0259 d\u0259st\u0259kl\u0259nmi\u015fdir. Hesab edir\u0259m ki, bu da vaksinl\u0259rin \u0259dal\u0259tli paylan\u0131lmas\u0131na m\u00fch\u00fcm t\u0259sir g\u00f6st\u0259rmi\u015fdir.\u00bb<\/p>\n<p>D\u00fcnya siyas\u0259tinin aktual m\u00f6vzular\u0131 il\u0259 ba\u011fl\u0131 \u0259dal\u0259tli m\u00f6vqeyini bildir\u0259n Az\u0259rbaycan H\u0259r\u0259kat\u0131n \u00fczv\u00fc v\u0259 s\u0259dri kimi beyn\u0259lxalq h\u00fcququn pozulmas\u0131na, m\u00fcxt\u0259lif m\u00fcnaqi\u015f\u0259l\u0259r\u0259 qar\u015f\u0131 s\u0259rgil\u0259n\u0259n selektiv yana\u015fmaya v\u0259 ayr\u0131-se\u00e7kiliy\u0259 qar\u015f\u0131 m\u00fcbariz\u0259d\u0259 d\u0259 f\u0259al olmu\u015fdur.<br \/>\nErm\u0259nistan\u0131n 30 il i\u015f\u011fal alt\u0131nda saxlad\u0131\u011f\u0131 \u0259razil\u0259rinin azad edilm\u0259si zaman\u0131 \u00f6lk\u0259mizin \u00fczl\u0259\u015fdiyi \u00e7\u0259tinlikl\u0259rd\u0259n b\u0259hs etm\u0259kl\u0259 xalq\u0131m\u0131z\u0131n \u00f6z g\u00fcc\u00fcn\u0259 \u0259dal\u0259ti b\u0259rpa etm\u0259sini beyn\u0259lxalq h\u00fcququn t\u0259minat\u0131 adland\u0131ran d\u00f6vl\u0259t ba\u015f\u00e7\u0131m\u0131z ill\u0259rd\u0259n b\u0259ri t\u0259cav\u00fczkar\u0131 d\u0259st\u0259kl\u0259y\u0259n, i\u015f\u011fal\u00e7\u0131ya havadarl\u0131q ed\u0259n b\u0259zi \u00f6lk\u0259l\u0259l\u0259rin t\u0259xribat, qarayaxma, b\u00f6htan v\u0259 \u015fantaj kampaniyas\u0131n\u0131 ikili standartlardan qaynaqlanan \u0259dal\u0259tsizlik adland\u0131rd\u0131.<\/p>\n<p>\u00abT\u0259\u0259ss\u00fcfl\u0259r olsun ki, bu sad\u0259c\u0259 \u015fifahi kampaniya v\u0259 ya ictimai ittihamlar deyildi. B\u0259zi \u00f6lk\u0259l\u0259r bizim bu haqq i\u015fimizi BMT, onun T\u0259hl\u00fck\u0259sizlik \u015euras\u0131 s\u0259viyy\u0259sin\u0259 \u00e7\u0131xarma\u011fa c\u0259hd etdi. Lakin h\u0259min vaxt T\u0259hl\u00fck\u0259sizlik \u015euras\u0131n\u0131n qeyri-daimi \u00fczv\u00fc olan, Qo\u015fulmama H\u0259r\u0259kat\u0131nda t\u0259msil olunan dostlar\u0131m\u0131z anti-Az\u0259rbaycan mahiyy\u0259tli b\u0259yanat\u0131 bloklad\u0131lar. Az\u0259rbaycana qar\u015f\u0131 ittiham\u0131 bloklad\u0131lar v\u0259 bununla da erm\u0259nip\u0259r\u0259st qlobal q\u00fcvv\u0259l\u0259rin Az\u0259rbaycana qar\u015f\u0131 h\u00fccumuna mane oldular. Biz bu h\u0259mr\u0259yliy\u0259 g\u00f6r\u0259 siz\u0259 minn\u0259tdar\u0131q\u00bb s\u00f6zl\u0259ri il\u0259 h\u0259r zaman Az\u0259rbaycan\u0131n yan\u0131nda olan Qo\u015fulmama H\u0259r\u0259kat\u0131 \u00fczvl\u0259rinin humanizm prinsipl\u0259rin\u0259 sadiqliyini y\u00fcks\u0259k d\u0259y\u0259rl\u0259ndirdi. Eyni zamanda 30 il i\u015f\u011fal alt\u0131nda olan \u0259razil\u0259rimizd\u0259 t\u00f6r\u0259tdil\u0259n v\u0259h\u015filikl\u0259ri, milli-m\u0259n\u0259vi d\u0259y\u0259rl\u0259rimiz\u0259 vurulan ziyanlar\u0131, h\u0259rbi cinay\u0259tl\u0259ri, ekoloji terrorlar\u0131, dini abid\u0259l\u0259rimiz\u0259 qar\u015f\u0131 edil\u0259n t\u0259hqirl\u0259ri erm\u0259ni fa\u015fizminin t\u0259zah\u00fcr\u00fc kimi diqq\u0259t\u0259 \u00e7atd\u0131rd\u0131. D\u00fcnya ictimaiyy\u0259tinin, beyn\u0259lxalq t\u0259\u015fkilatlar\u0131n 30 ild\u0259 erm\u0259ni vandallar\u0131n\u0131n t\u00f6r\u0259tdikl\u0259ri cinay\u0259tl\u0259r\u0259 g\u00f6z yummas\u0131n\u0131 separatizm\u0259 d\u0259st\u0259k adland\u0131ran d\u00f6vl\u0259t ba\u015f\u00e7\u0131m\u0131z haql\u0131 olaraq Minsk qrupunu t\u0259sis etm\u0259kl\u0259 art\u0131q tarix\u0259 g\u00f6nd\u0259ril\u0259n \u00abDa\u011fl\u0131q Qaraba\u011f m\u00fcnaqi\u015f\u0259si\u00bbnin \u0259b\u0259di olmas\u0131n\u0131 ist\u0259y\u0259nl\u0259r\u0259 iradlar\u0131n\u0131 da \u00e7atd\u0131rd\u0131: \u00abBiz Minsk qrupuna art\u0131q \u0259lvida demi\u015fik. T\u0259\u0259ss\u00fcfl\u0259r olsun ki, Erm\u0259nistan v\u0259 dig\u0259rl\u0259ri onu h\u0259yata qaytarma\u011fa \u00e7al\u0131\u015f\u0131r. Lakin bu, m\u00fcmk\u00fcns\u00fczd\u00fcr. O, art\u0131q \u00f6l\u00fcb. \u0130\u015f\u011faldan \u0259ziyy\u0259t \u00e7\u0259kmi\u015f \u00f6lk\u0259 kimi biz bunu a\u00e7\u0131q \u015f\u0259kild\u0259 b\u0259yan edirik. D\u00fc\u015f\u00fcn\u00fcr\u0259m ki, AT\u018fT-in Minsk qrupu il\u0259 ba\u011fl\u0131 h\u0259r hans\u0131 spekulyasiya n\u0259inki qeyri-m\u0259hsuldard\u0131r, eyni zamanda, regionda m\u00fcmk\u00fcn s\u00fclh\u00fcn b\u0259rq\u0259rar olmas\u0131 \u00fc\u00e7\u00fcn da\u011f\u0131d\u0131c\u0131 t\u0259sir\u0259 malikdir.\u00bb<\/p>\n<p>Amma zaman\u0131n h\u00f6km\u00fcn\u00fc V\u0259t\u0259n m\u00fcharib\u0259si n\u0259tic\u0259sind\u0259 g\u00fcc\u00fc, q\u00fcdr\u0259ti il\u0259 bildir\u0259n, Erm\u0259nistan\u0131 kapitulyasiya akt\u0131n\u0131 imzalama\u011fa m\u0259cbur ed\u0259n Az\u0259rbaycan \u0259razil\u0259rini 44 g\u00fcn \u0259rzind\u0259 azad etdi. F\u0259aliyy\u0259tinin yegan\u0259 m\u0259qs\u0259di m\u00fcnaqi\u015f\u0259ni dondurmaq v\u0259 torpaqlar\u0131m\u0131z\u0131 \u0259b\u0259di i\u015f\u011fal alt\u0131nda saxlamaq olan Minsk qrupunun bacara bilm\u0259diyi \u00ab\u0259dal\u0259ti\u00bb Az\u0259rbaycan \u00f6z g\u00fcc\u00fc il\u0259 b\u0259rpa etdi. Bununla da t\u0259kc\u0259 regional deyil, qlobal m\u0259s\u0259l\u0259 olan beyn\u0259lxalq h\u00fcququn t\u0259m\u0259l prinsipl\u0259ri, BMT T\u0259hl\u00fck\u0259sizlik \u015euras\u0131n\u0131n ill\u0259rd\u0259n b\u0259ri h\u0259llini g\u00f6zl\u0259y\u0259n q\u0259tnam\u0259l\u0259ri h\u0259ll olundu. Qo\u015fulmama H\u0259r\u0259kat\u0131n\u0131n bir \u00e7ox \u00fczv\u00fcn\u00fcn ox\u015far tarix v\u0259 probleml\u0259r\u0259 malik olmas\u0131n\u0131, \u0259dal\u0259tsizlikl\u0259 \u00fczl\u0259\u015fm\u0259sini diqq\u0259t\u0259 \u00e7atd\u0131ran Prezident \u0130lham \u018fliyev bildirdi ki, qlobal probleml\u0259rin h\u0259llind\u0259, milli maraqlar\u0131n\u0131n m\u00fcdafi\u0259sind\u0259 yard\u0131ma ehtiyac\u0131 olanlara Az\u0259rbaycan \u00f6z t\u0259cr\u00fcb\u0259si il\u0259 d\u0259st\u0259k ola bil\u0259r. Tarixi hadis\u0259l\u0259r d\u0259 g\u00f6st\u0259rdi ki, Az\u0259rbaycan\u0131n Qo\u015fulmama H\u0259r\u0259kat\u0131n\u0131n s\u0259dri qismind\u0259 ir\u0259li s\u00fcrd\u00fcy\u00fc t\u0259\u015f\u0259bb\u00fcsl\u0259r h\u0259mr\u0259yliyi v\u0259 qar\u015f\u0131l\u0131ql\u0131 d\u0259st\u0259yi m\u00f6hk\u0259ml\u0259ndirm\u0259y\u0259, t\u0259sisat\u0131n institusional inki\u015faf\u0131na y\u00f6n\u0259lib. Qlobal q\u00fctbl\u0259\u015fm\u0259nin, m\u00fcharib\u0259l\u0259rin, m\u00fcnaqi\u015f\u0259l\u0259rin, proqnozla\u015fd\u0131r\u0131la bilinm\u0259y\u0259n v\u0259ziyy\u0259tl\u0259rin, \u0259rzaq, enerji v\u0259 humanitar b\u00f6hranlar\u0131n m\u00f6vcud oldu\u011fu d\u00fcnyam\u0131zda Qo\u015fulmama H\u0259r\u0259kat\u0131 t\u0259kc\u0259 \u00f6lk\u0259l\u0259rin maraqlar\u0131n\u0131n m\u00fcdafi\u0259si, bir-birini d\u0259st\u0259kl\u0259m\u0259k t\u0259\u015fkilat\u0131 deyil, beyn\u0259lxalq arenada daha f\u0259al rol oynayan platforma oldu\u011funu f\u0259aliyy\u0259ti il\u0259 t\u0259sdiql\u0259di.<\/p>\n","protected":false},"excerpt":{"rendered":"<p>Qo\u015fulmama H\u0259r\u0259kat\u0131 Parlament \u015e\u0259b\u0259k\u0259sinin \u00abD\u00fcnyada s\u00fclh\u00fcn v\u0259 dayan\u0131ql\u0131 inki\u015faf\u0131n t\u0259\u015fviqind\u0259 milli parlamentl\u0259rin rolunun g\u00fccl\u0259ndirilm\u0259si\u00bb m\u00f6vzusuna h\u0259sr olunan Bak\u0131 konfrans\u0131 t\u0259sisat\u0131n siyasi, humanitar platforma olmas\u0131n\u0131n t\u0259sdiqidir BMT Ba\u015f Assambleyas\u0131ndan sonra d\u00fcnyan\u0131n 120 d\u00f6vl\u0259tinin t\u0259msil olundu\u011fu \u0259n b\u00f6y\u00fck siyasi t\u0259sisat kimi b\u00f6y\u00fck n\u00fcfuza malik Qo\u015fulmama H\u0259r\u0259kat\u0131na 2011-ci ild\u0259 \u00fczv q\u0259bul olunan Az\u0259rbaycan q\u0131sa m\u00fcdd\u0259td\u0259 beyn\u0259lxalq h\u00fcququn norma v\u0259 prinsipl\u0259rini q\u0259tiyy\u0259tl\u0259 m\u00fcdafi\u0259 etm\u0259kl\u0259 b\u00f6y\u00fck n\u00fcfuz qazanm\u0131\u015fd\u0131r. H\u0259r\u0259kata \u00fczv \u00f6lk\u0259l\u0259rin d\u00f6vl\u0259t v\u0259 h\u00f6kum\u0259t ba\u015f\u00e7\u0131lar\u0131n\u0131n 2016-c\u0131 ild\u0259 ke\u00e7irilmi\u015f XVII Zirv\u0259 G\u00f6r\u00fc\u015f\u00fcnd\u0259 n\u00f6vb\u0259ti sammitin Bak\u0131 \u015f\u0259h\u0259rind\u0259 ke\u00e7irilm\u0259si v\u0259 2019-2022-ci ill\u0259r \u00fczr\u0259 s\u0259drliyin Az\u0259rbaycana h\u0259val\u0259 edilm\u0259si bar\u0259d\u0259&hellip;<\/p>\n","protected":false},"author":2,"featured_media":491261,"comment_status":"closed","ping_status":"closed","sticky":false,"template":"","format":"standard","meta":{"om_disable_all_campaigns":false,"_monsterinsights_skip_tracking":false,"_monsterinsights_sitenote_active":false,"_monsterinsights_sitenote_note":"","_monsterinsights_sitenote_category":0},"categories":[8],"tags":[],"aioseo_notices":[],"gutentor_comment":0,"rttpg_featured_image_url":{"full":["https:\/\/arantv.az\/wp-content\/uploads\/2022\/07\/0d8f8313165668826167887564110891000.jpg",975,540,false],"landscape":["https:\/\/arantv.az\/wp-content\/uploads\/2022\/07\/0d8f8313165668826167887564110891000.jpg",975,540,false],"portraits":["https:\/\/arantv.az\/wp-content\/uploads\/2022\/07\/0d8f8313165668826167887564110891000.jpg",975,540,false],"thumbnail":["https:\/\/arantv.az\/wp-content\/uploads\/2022\/07\/0d8f8313165668826167887564110891000-500x280.jpg",500,280,true],"medium":["https:\/\/arantv.az\/wp-content\/uploads\/2022\/07\/0d8f8313165668826167887564110891000-660x365.jpg",660,365,true],"large":["https:\/\/arantv.az\/wp-content\/uploads\/2022\/07\/0d8f8313165668826167887564110891000-840x465.jpg",640,354,true],"1536x1536":["https:\/\/arantv.az\/wp-content\/uploads\/2022\/07\/0d8f8313165668826167887564110891000.jpg",975,540,false],"2048x2048":["https:\/\/arantv.az\/wp-content\/uploads\/2022\/07\/0d8f8313165668826167887564110891000.jpg",975,540,false],"post-thumbnail":["https:\/\/arantv.az\/wp-content\/uploads\/2022\/07\/0d8f8313165668826167887564110891000-240x172.jpg",240,172,true],"advps-thumb-one":["https:\/\/arantv.az\/wp-content\/uploads\/2022\/07\/0d8f8313165668826167887564110891000.jpg",975,540,false]},"rttpg_author":{"display_name":"V\u00fcsal Rafiqo\u011flu","author_link":"https:\/\/arantv.az\/?author=2"},"rttpg_comment":0,"rttpg_category":"<a href=\"https:\/\/arantv.az\/?cat=8\" rel=\"category\">\u018fsas s\u0259hif\u0259<\/a>","rttpg_excerpt":"Qo\u015fulmama H\u0259r\u0259kat\u0131 Parlament \u015e\u0259b\u0259k\u0259sinin \u00abD\u00fcnyada s\u00fclh\u00fcn v\u0259 dayan\u0131ql\u0131 inki\u015faf\u0131n t\u0259\u015fviqind\u0259 milli parlamentl\u0259rin rolunun g\u00fccl\u0259ndirilm\u0259si\u00bb m\u00f6vzusuna h\u0259sr olunan Bak\u0131 konfrans\u0131 t\u0259sisat\u0131n siyasi, humanitar platforma olmas\u0131n\u0131n t\u0259sdiqidir BMT Ba\u015f Assambleyas\u0131ndan sonra d\u00fcnyan\u0131n 120 d\u00f6vl\u0259tinin t\u0259msil olundu\u011fu \u0259n b\u00f6y\u00fck siyasi t\u0259sisat kimi b\u00f6y\u00fck n\u00fcfuza malik Qo\u015fulmama H\u0259r\u0259kat\u0131na 2011-ci ild\u0259 \u00fczv q\u0259bul olunan Az\u0259rbaycan q\u0131sa m\u00fcdd\u0259td\u0259 beyn\u0259lxalq h\u00fcququn norma&hellip;","_links":{"self":[{"href":"https:\/\/arantv.az\/index.php?rest_route=\/wp\/v2\/posts\/491260"}],"collection":[{"href":"https:\/\/arantv.az\/index.php?rest_route=\/wp\/v2\/posts"}],"about":[{"href":"https:\/\/arantv.az\/index.php?rest_route=\/wp\/v2\/types\/post"}],"author":[{"embeddable":true,"href":"https:\/\/arantv.az\/index.php?rest_route=\/wp\/v2\/users\/2"}],"replies":[{"embeddable":true,"href":"https:\/\/arantv.az\/index.php?rest_route=%2Fwp%2Fv2%2Fcomments&post=491260"}],"version-history":[{"count":0,"href":"https:\/\/arantv.az\/index.php?rest_route=\/wp\/v2\/posts\/491260\/revisions"}],"wp:featuredmedia":[{"embeddable":true,"href":"https:\/\/arantv.az\/index.php?rest_route=\/wp\/v2\/media\/491261"}],"wp:attachment":[{"href":"https:\/\/arantv.az\/index.php?rest_route=%2Fwp%2Fv2%2Fmedia&parent=491260"}],"wp:term":[{"taxonomy":"category","embeddable":true,"href":"https:\/\/arantv.az\/index.php?rest_route=%2Fwp%2Fv2%2Fcategories&post=491260"},{"taxonomy":"post_tag","embeddable":true,"href":"https:\/\/arantv.az\/index.php?rest_route=%2Fwp%2Fv2%2Ftags&post=491260"}],"curies":[{"name":"wp","href":"https:\/\/api.w.org\/{rel}","templated":true}]}}