{"id":491263,"date":"2022-07-02T08:06:48","date_gmt":"2022-07-02T05:06:48","guid":{"rendered":"https:\/\/arantv.az\/?p=491263"},"modified":"2022-07-02T08:06:48","modified_gmt":"2022-07-02T05:06:48","slug":"m%c9%99qs%c9%99d-v%c9%99-h%c9%99d%c9%99f-keyfiyy%c9%99tl%c9%99-sur%c9%99ti-birl%c9%99sdirm%c9%99k-%c9%99traf-muhiti-qorumaq-ekoloji-t%c9%99hluk%c9%99sizliyi-t%c9%99min-etm%c9%99k","status":"publish","type":"post","link":"https:\/\/arantv.az\/?p=491263","title":{"rendered":"M\u0259qs\u0259d v\u0259 h\u0259d\u0259f: Keyfiyy\u0259tl\u0259 s\u00fcr\u0259ti birl\u0259\u015fdirm\u0259k, \u0259traf m\u00fchiti qorumaq, ekoloji t\u0259hl\u00fck\u0259sizliyi t\u0259min etm\u0259k"},"content":{"rendered":"<p><em><strong>Pol\u015fan\u0131n Katovitse \u015f\u0259h\u0259rind\u0259 \u00dcmumd\u00fcnya \u015e\u0259h\u0259r Forumunun \u00abDaha yax\u015f\u0131 g\u0259l\u0259c\u0259k namin\u0259 \u015f\u0259h\u0259rl\u0259rimizi d\u0259yi\u015fdir\u0259k\u00bb m\u00f6vzusunda ke\u00e7iril\u0259n XI sessiyas\u0131nda, Z\u0259ngilan rayonunun A\u011fal\u0131 k\u0259ndind\u0259ki \u00abA\u011f\u0131ll\u0131 k\u0259nd\u00bb ya\u015fay\u0131\u015f massivind\u0259 t\u0259\u015fkil olunan \u00abSu ehtiyatlar\u0131n\u0131n davaml\u0131 idar\u0259 edilm\u0259sind\u0259 t\u0259r\u0259fda\u015fl\u0131\u011f\u0131n v\u0259 f\u0259aliyy\u0259tin t\u0259\u015fviq edilm\u0259si\u00bb adl\u0131 beyn\u0259lxalq konfransda 30 il Erm\u0259nistan\u0131n i\u015f\u011fal\u0131 alt\u0131nda qalan \u0259razil\u0259rd\u0259 t\u00f6r\u0259dil\u0259n v\u0259h\u015filikl\u0259rd\u0259n, ekoloji terrorlardan s\u00f6z a\u00e7\u0131lm\u0131\u015fd\u0131r<\/strong><\/em><\/p>\n<p>Otuz il i\u015f\u011fal alt\u0131nda qalan torpaqlar\u0131m\u0131z azad edildikd\u0259n sonra ba\u015flanan b\u0259rpa- quruculuq i\u015fl\u0259rinin s\u00fcr\u0259tl\u0259nm\u0259si, infrastrukturun yenil\u0259nm\u0259si, enerji il\u0259 t\u0259chizat sah\u0259l\u0259rin\u0259 diqq\u0259tin art\u0131r\u0131lmas\u0131, su h\u00f6vz\u0259l\u0259rinin yenil\u0259nm\u0259si B\u00f6y\u00fck Qay\u0131d\u0131\u015f\u0131 tezl\u0259\u015fdirm\u0259k namin\u0259 h\u0259yata ke\u00e7iril\u0259n \u00f6n\u0259mli layih\u0259l\u0259rdir. X\u00fcsusil\u0259 Z\u0259ngilan rayonunda h\u0259yata ke\u00e7iril\u0259n \u00aba\u011f\u0131ll\u0131 k\u0259nd\u00bb, \u00aba\u011f\u0131ll\u0131 \u015f\u0259h\u0259r\u00bb layih\u0259l\u0259ri, Qaraba\u011f\u0131n v\u0259 \u015e\u0259rqi Z\u0259ng\u0259zurun \u00abya\u015f\u0131l enerji\u00bb zonas\u0131 elan olunmas\u0131 Prezident \u0130lham \u018fliyevin siyasi irad\u0259sinin, Az\u0259rbaycan\u0131n iqtisadi sah\u0259d\u0259 qazand\u0131\u011f\u0131 u\u011furlar\u0131n m\u0259ntiqi n\u0259tic\u0259sidir. Ba\u015f plan\u0131 haz\u0131rlanan Z\u0259ngilana h\u0259yat yenid\u0259n qay\u0131d\u0131r. Bu rayonda d\u00f6rdzolaql\u0131 avtomobil yolu \u00e7\u0259kilir, hava liman\u0131 tikilir, aqropark sal\u0131n\u0131r. Bir s\u00f6zl\u0259, Z\u0259ngilan park \u015f\u0259h\u0259rin\u0259 \u00e7evrilir. Rayonun A\u011fal\u0131 k\u0259ndind\u0259 h\u0259yata ke\u00e7iril\u0259n m\u00fct\u0259r\u0259qqi t\u0259\u015f\u0259bb\u00fcs olan \u00aba\u011f\u0131ll\u0131 k\u0259nd\u00bb layih\u0259sin\u0259 uy\u011fun olaraq \u0259lav\u0259 150 evin, o c\u00fcml\u0259d\u0259n ikim\u0259rt\u0259b\u0259li, \u00fc\u00e7m\u0259rt\u0259b\u0259li ictimai ya\u015fay\u0131\u015f binalar\u0131n\u0131n in\u015fas\u0131 n\u0259z\u0259rd\u0259 tutulur. M\u0259kt\u0259b, ba\u011f\u00e7a, tibb m\u0259nt\u0259q\u0259si, b\u00fct\u00fcn xidm\u0259tl\u0259r v\u0259 m\u0259\u015f\u011fulluq \u00fc\u00e7\u00fcn n\u0259z\u0259rd\u0259 tutulan \u00abASAN xidm\u0259t\u00bb, DOST m\u0259rk\u0259zind\u0259n istifad\u0259 etm\u0259kl\u0259, ki\u00e7ik v\u0259 orta biznes\u0259 d\u0259st\u0259k \u00fc\u00e7\u00fcn h\u0259r c\u00fcr \u015f\u0259rait yarad\u0131l\u0131r.<\/p>\n<p>Bu g\u00fcnl\u0259rd\u0259 Pol\u015fan\u0131n Katovitse \u015f\u0259h\u0259rind\u0259 \u00dcmumd\u00fcnya \u015e\u0259h\u0259r Forumunun \u00abDaha yax\u015f\u0131 g\u0259l\u0259c\u0259k namin\u0259 \u015f\u0259h\u0259rl\u0259rimizi d\u0259yi\u015fdir\u0259k\u00bb m\u00f6vzusunda ke\u00e7iril\u0259n XI sessiyas\u0131nda videoformatda \u00e7\u0131x\u0131\u015f ed\u0259n, erm\u0259ni vandallar\u0131n\u0131n 30 il \u0259rzind\u0259 i\u015f\u011falda saxlad\u0131qlar\u0131 torpaqlar\u0131m\u0131zda t\u00f6r\u0259tdikl\u0259ri v\u0259h\u015filikl\u0259rd\u0259n b\u0259hs ed\u0259n, t\u0259kc\u0259 Z\u0259ngilanda deyil, azad olunmu\u015f b\u00fct\u00fcn \u0259razil\u0259rd\u0259 apar\u0131lan b\u0259rpa- quruculuq i\u015fl\u0259rind\u0259n dan\u0131\u015fan Prezident \u0130lham \u018fliyev Az\u0259rbaycan\u0131n m\u0259d\u0259niyy\u0259t paytaxt\u0131 \u015eu\u015fa \u015f\u0259h\u0259rind\u0259 BMT qurumlar\u0131n\u0131n i\u015ftirak\u0131 il\u0259 m\u00fcnaqi\u015f\u0259d\u0259n v\u0259 pandemiyadan sonrak\u0131 d\u00f6vrd\u0259 Dayan\u0131ql\u0131 \u0130nki\u015faf M\u0259qs\u0259dl\u0259rin\u0259 nail olunmas\u0131na h\u0259sr edilmi\u015f \u00e7ox m\u00fch\u00fcm t\u0259dbirin t\u0259\u015fkilini qar\u015f\u0131l\u0131ql\u0131 \u0259m\u0259kda\u015fl\u0131\u011f\u0131n n\u00fcmun\u0259si kimi d\u0259y\u0259rl\u0259ndirmi\u015fdir. Vur\u011fulanm\u0131\u015fd\u0131r ki, \u00ab2030-cu il\u0259 q\u0259d\u0259r Dayan\u0131ql\u0131 \u0130nki\u015faf G\u00fcnd\u0259liyi\u00bb v\u0259 \u00abYeni \u015e\u0259h\u0259r G\u00fcnd\u0259liyi\u00bb dayan\u0131ql\u0131 urbanizasiya v\u0259 \u015f\u0259h\u0259rl\u0259rimiz \u00fc\u00e7\u00fcn daha yax\u015f\u0131 g\u0259l\u0259c\u0259k \u00fczr\u0259 s\u0259yl\u0259rimizi istiqam\u0259tl\u0259ndirir. B\u00fct\u00fcnl\u00fckd\u0259 \u00f6lk\u0259d\u0259 apar\u0131lan geni\u015fmiqyasl\u0131 yenid\u0259nqurma i\u015fl\u0259rinin n\u0259tic\u0259sidir ki, Bak\u0131 \u015f\u0259h\u0259ri d\u0259 daxil olmaqla respublikan\u0131n b\u00fct\u00fcn b\u00f6lg\u0259l\u0259rind\u0259 tarixi, memarl\u0131q n\u00fcmun\u0259l\u0259ri qorunur, infrastruktur yenil\u0259nir, m\u00fcasir d\u00f6vr\u00fcn \u015f\u0259h\u0259rsalma t\u0259l\u0259bl\u0259rin\u0259 uy\u011fun quruculuq i\u015fl\u0259ri davam etdirilir. 44 g\u00fcn davam ed\u0259n \u0130kinci Qaraba\u011f m\u00fcharib\u0259si n\u0259tic\u0259sind\u0259 azad edil\u0259n \u0259razil\u0259rd\u0259 q\u0131sa m\u00fcdd\u0259td\u0259 g\u00f6r\u00fcl\u0259n i\u015fl\u0259rd\u0259n b\u0259hs ed\u0259n d\u00f6vl\u0259t ba\u015f\u00e7\u0131m\u0131z\u0131n vur\u011fulad\u0131\u011f\u0131 kimi, Livan\u0131n \u0259razisi q\u0259d\u0259r olan i\u015f\u011faldan azad edilmi\u015f torpaqlar\u0131m\u0131zda erm\u0259ni fa\u015fistl\u0259rinin t\u00f6r\u0259tdikl\u0259ri vandalizmin n\u0259tic\u0259l\u0259ri t\u0259dric\u0259n aradan qald\u0131r\u0131l\u0131r. \u00abB\u0259lk\u0259 d\u0259 \u0130kinci D\u00fcnya m\u00fcharib\u0259sind\u0259n sonra \u015f\u0259h\u0259rl\u0259rin bu miqyasda da\u011f\u0131d\u0131lmas\u0131 d\u00fcnyan\u0131n he\u00e7 bir yerind\u0259 ba\u015f verm\u0259yib. Az\u0259rbaycan\u0131n 9 \u015f\u0259h\u0259ri v\u0259 y\u00fczl\u0259rl\u0259 k\u0259ndi yer \u00fcz\u00fcnd\u0259n silinib. A\u011fdam \u015f\u0259h\u0259ri o d\u0259r\u0259c\u0259d\u0259 da\u011f\u0131d\u0131l\u0131b ki, \u0259cn\u0259bi m\u00fct\u0259x\u0259ssisl\u0259r onu \u00abQafqaz\u0131n Xirosimas\u0131\u00bb adland\u0131r\u0131blar. F\u00fczuli \u015f\u0259h\u0259ri i\u015f\u011faldan azad edildikd\u0259n sonra Az\u0259rbaycan Ordusu orada bayra\u011f\u0131m\u0131z\u0131 dal\u011faland\u0131rma\u011fa bir d\u0259n\u0259 d\u0259 olsun tikili tapa bilm\u0259yib\u00bb s\u00f6zl\u0259ri il\u0259 erm\u0259ni vandallar\u0131n\u0131n t\u00f6r\u0259tdikl\u0259ri v\u0259h\u015filiyin miqyas\u0131n\u0131 diqq\u0259t\u0259 \u00e7atd\u0131ran Prezident \u0130lham \u018fliyev onu da \u0259lav\u0259 edib ki, bunlara baxmayaraq Az\u0259rbaycan Erm\u0259nistanla m\u00fcnasib\u0259tl\u0259ri normalla\u015fd\u0131rmaq v\u0259 bir-birinin suverenliyinin v\u0259 \u0259razi b\u00fct\u00f6vl\u00fcy\u00fcn\u00fcn qar\u015f\u0131l\u0131ql\u0131 tan\u0131nmas\u0131 prinsipi \u0259sas\u0131nda Erm\u0259nistanla s\u00fclh m\u00fcqavil\u0259si imzalamaq ist\u0259yind\u0259dir. S\u00fclh dan\u0131\u015f\u0131qlar\u0131 \u00fc\u00e7\u00fcn 5 \u0259sas prinsip ir\u0259li s\u00fcr\u0259n Az\u0259rbaycan m\u00fcasir tarixin \u0259n m\u00fcr\u0259kk\u0259b v\u0259 iddial\u0131 b\u0259rpa-yenid\u0259nqurma i\u015fl\u0259rind\u0259n birini h\u0259yata ke\u00e7irir. Erm\u0259nil\u0259rin i\u015f\u011fal alt\u0131nda saxlad\u0131qlar\u0131 \u0259razil\u0259r\u0259 basd\u0131rqd\u0131qlar\u0131 bir milyondan art\u0131q minalar\u0131n t\u0259mizl\u0259nm\u0259si prosesi davam edir. 2020-ci ilin noyabr ay\u0131nda ba\u015fa \u00e7atan V\u0259t\u0259n m\u00fcharib\u0259sind\u0259n sonra mina partlamas\u0131 n\u0259tic\u0259sind\u0259 220-d\u0259n art\u0131q Az\u0259rbaycan v\u0259t\u0259nda\u015f\u0131 h\u0259lak olub v\u0259 ya a\u011f\u0131r yaralan\u0131b. Bu ilin may ay\u0131nda A\u011fal\u0131 k\u0259ndinin ilk sakinl\u0259ri do\u011fma torpaqlar\u0131nda m\u0259skunla\u015fma\u011fa ba\u015flay\u0131blar. \u0130\u015f\u011faldan azad olunmu\u015f F\u00fczuli \u015f\u0259h\u0259rind\u0259 s\u0259kkiz aydan az m\u00fcdd\u0259td\u0259 beyn\u0259lxalq hava liman\u0131 in\u015fa edilib. \u0130\u015f\u011faldan azad olunmu\u015f Z\u0259ngilan v\u0259 La\u00e7\u0131n rayonlar\u0131nda haz\u0131rda daha iki hava liman\u0131n\u0131n tikintisi davam edir. A\u011fdamda on minl\u0259rl\u0259 sakin \u00fc\u00e7\u00fcn n\u0259z\u0259rd\u0259 tutulmu\u015f tamamil\u0259 yeni g\u00f6rk\u0259md\u0259 \u015f\u0259h\u0259r in\u015fa edilir. \u018frazisi 200 hektar t\u0259\u015fkil ed\u0259n A\u011fdam S\u0259naye Park\u0131 art\u0131q f\u0259aliyy\u0259t g\u00f6st\u0259rir, s\u0259rmay\u0259darlara v\u0259 sahibkarlara a\u00e7\u0131qd\u0131r. Dayan\u0131ql\u0131 \u0130nki\u015faf M\u0259qs\u0259dl\u0259rin\u0259 uy\u011fun olaraq inkl\u00fcziv, t\u0259hl\u00fck\u0259siz, d\u00f6z\u00fcml\u00fc v\u0259 dayan\u0131ql\u0131 \u015f\u0259h\u0259r v\u0259 k\u0259ndl\u0259rin in\u015fas\u0131n\u0131n ba\u015fl\u0131ca m\u0259qs\u0259d oldu\u011fu \u00f6lk\u0259mizd\u0259 yenid\u0259nqurma prosesini s\u00fcr\u0259tl\u0259ndirm\u0259kd\u0259 m\u0259qs\u0259d v\u0259 h\u0259d\u0259f keyfiyy\u0259t v\u0259 s\u00fcr\u0259ti birl\u0259\u015fdirm\u0259k, \u0259traf m\u00fchiti qorumaq, ekoloji t\u0259hl\u00fck\u0259sizliyi t\u0259min etm\u0259kdir.<br \/>\nBirl\u0259\u015fmi\u015f Mill\u0259tl\u0259r T\u0259\u015fkilat\u0131, D\u00fcnya Bank\u0131 v\u0259 Avropa \u0130ttifaq\u0131 il\u0259 birlikd\u0259 i\u015f\u011faldan azad olunan \u00fc\u00e7 rayonda b\u0259rpa v\u0259 yenid\u0259nqurma ehtiyaclar\u0131n\u0131n birg\u0259 d\u0259y\u0259rl\u0259ndirilm\u0259sinin h\u0259yata ke\u00e7irilm\u0259si il\u0259 ba\u011fl\u0131 \u0259m\u0259kda\u015fl\u0131\u011f\u0131n \u0259h\u0259miyy\u0259tini qiym\u0259tl\u0259ndir\u0259n Prezident \u0130lham \u018fliyev BMT-nin Ya\u015fay\u0131\u015f M\u0259sk\u0259nl\u0259ri Proqram\u0131n\u0131n (\u00abUN-HABITAT\u00bb) icra\u00e7\u0131 direktoru xan\u0131m Maimuna Mohd \u015e\u0259rifin Az\u0259rbaycana s\u0259f\u0259ri \u00e7\u0259r\u00e7iv\u0259sind\u0259 apar\u0131lan m\u00fczakir\u0259l\u0259ri qar\u015f\u0131l\u0131ql\u0131 \u0259m\u0259kda\u015fl\u0131q \u00fc\u00e7\u00fcn faydal\u0131 add\u0131m adland\u0131r\u0131b.<\/p>\n<p>Ekologiya v\u0259 T\u0259bii S\u0259rv\u0259tl\u0259r Nazirliyinin t\u0259\u015fkilat\u00e7\u0131l\u0131\u011f\u0131, BMT-nin \u018frzaq v\u0259 K\u0259nd T\u0259s\u0259rr\u00fcfat\u0131 T\u0259\u015fkilat\u0131n\u0131n v\u0259 Qaraba\u011f Dir\u00e7\u0259li\u015f Fondunun d\u0259st\u0259yi il\u0259 Z\u0259ngilan rayonunun A\u011fal\u0131 k\u0259ndind\u0259ki \u00abA\u011f\u0131ll\u0131 k\u0259nd\u00bb ya\u015fay\u0131\u015f massivind\u0259 \u00abSu ehtiyatlar\u0131n\u0131n davaml\u0131 idar\u0259 edilm\u0259sind\u0259 t\u0259r\u0259fda\u015fl\u0131\u011f\u0131n v\u0259 f\u0259aliyy\u0259tin t\u0259\u015fviq edilm\u0259si\u00bb m\u00f6vzusunda beyn\u0259lxalq konfransda da i\u015f\u011faldan azad edil\u0259n Az\u0259rbaycan \u0259razil\u0259rind\u0259 ekosistemin v\u0259 infrastrukturun, hidrometeoroloji m\u00fc\u015fahid\u0259 sisteml\u0259rinin b\u0259rpas\u0131, \u0259traf m\u00fchitin monitorinqi stansiyalar\u0131n\u0131n yarad\u0131lmas\u0131, ya\u015f\u0131ll\u0131qlar\u0131n sal\u0131nmas\u0131, me\u015f\u0259-b\u0259rpa t\u0259dbirl\u0259ri, su ehtiyatlar\u0131ndan s\u0259m\u0259r\u0259li istifad\u0259 edilm\u0259si m\u0259qs\u0259dil\u0259 su m\u0259nb\u0259l\u0259rinin qiym\u0259tl\u0259ndirilm\u0259si, bal\u0131q n\u00f6vl\u0259rinin yeti\u015fdiril\u0259r\u0259k su h\u00f6vz\u0259l\u0259rin\u0259 burax\u0131lmas\u0131 sah\u0259sind\u0259 h\u0259yata ke\u00e7iril\u0259n layih\u0259l\u0259r bar\u0259d\u0259 i\u015ftirak\u00e7\u0131lara m\u0259lumat verilib. Erm\u0259nistan\u0131n i\u015f\u011fal\u0131 d\u00f6vr\u00fcnd\u0259 \u0259razil\u0259rimizd\u0259 t\u00f6r\u0259tdiyi v\u0259h\u015filikl\u0259rd\u0259n b\u0259hs ed\u0259n Prezident \u0130lham \u018fliyev d\u0259f\u0259l\u0259rl\u0259 bildirmi\u015fdir ki, erm\u0259nil\u0259rin t\u0259bi\u0259t\u0259 vurduqlar\u0131 z\u0259r\u0259rl\u0259rd\u0259n olan su m\u0259nb\u0259l\u0259rinin , \u00e7aylar\u0131n \u00e7irkl\u0259ndirilm\u0259si, su m\u0259nb\u0259l\u0259rinin qurudulmas\u0131, m\u0259cras\u0131n\u0131n d\u0259yi\u015fdirilm\u0259si t\u0259bi\u0259t\u0259, fauna v\u0259 floraya qar\u015f\u0131 v\u0259h\u015filik olmaqla insanlar\u0131n h\u0259yat\u0131 \u00fc\u00e7\u00fcn d\u0259 t\u0259hl\u00fck\u0259 t\u00f6r\u0259dir. Z\u0259ngilan\u0131n t\u0259bi\u0259tini korlayan, B\u0259sit\u00e7ay t\u0259bi\u0259t qoru\u011funu m\u0259hv ed\u0259n erm\u0259nil\u0259r \u00e7oxillik pal\u0131d a\u011faclar\u0131n\u0131 da k\u0259smi\u015f, Ox\u00e7u\u00e7ay\u0131 da z\u0259h\u0259rl\u0259mi\u015fl\u0259r. Vejn\u0259lid\u0259 d\u0259 Az\u0259rbaycana m\u0259xsus q\u0131z\u0131l yataqlar\u0131n\u0131 istismar ed\u0259rk\u0259n he\u00e7 bir ekoloji normaya riay\u0259t etm\u0259mi\u015fl\u0259r&#8230;Ox\u00e7u\u00e7aya ax\u0131d\u0131lan tullant\u0131lar\u0131n t\u0259bi\u0259t\u0259 vurdu\u011fu z\u0259r\u0259rl\u0259 ba\u011fl\u0131 beyn\u0259lxalq t\u0259\u015fkilatlalara m\u00fcraci\u0259tl\u0259r edils\u0259 d\u0259 h\u0259l\u0259 d\u0259 narahatl\u0131q do\u011furan v\u0259ziyy\u0259t davam etm\u0259kd\u0259dir. Prezident \u0130lham \u018fliyevin \u00abY\u0259ni, Erm\u0259nistanda istismar edil\u0259n mis kombinat\u0131n\u0131n b\u00fct\u00fcn ax\u0131nt\u0131lar\u0131 Ox\u00e7u\u00e7aya t\u0259mizl\u0259nm\u0259d\u0259n \u00f6t\u00fcr\u00fcl\u00fcrd\u00fc. Bu, cinay\u0259tdir, bu, ekoloji terrordur. Bunu kim edib? Erm\u0259nistan\u0131n ke\u00e7mi\u015f r\u0259hb\u0259rliyi. \u00c7\u00fcnki h\u0259min o mis kombinat\u0131n\u0131n s\u0259hmdarlar\u0131 Erm\u0259nistan\u0131n ke\u00e7mi\u015f r\u0259hb\u0259rliyin\u0259 yax\u0131n olan v\u0259 qohumluq \u0259laq\u0259l\u0259ri olan adamlard\u0131r. Biz bilirik ki, bu mis kombinat\u0131n\u0131n i\u015fl\u0259nilm\u0259si korrupsiya sxeml\u0259ri \u0259sas\u0131nda olub. T\u0259\u0259ss\u00fcf ki, beyn\u0259lxalq audit\u0259 subyekt olan xarici \u015firk\u0259t d\u0259 bu korrupsiya \u0259m\u0259ll\u0259rind\u0259 i\u015ftirak edib\u00bb s\u00f6zl\u0259ri erm\u0259ni vandalizminin s\u0259rh\u0259d tan\u0131mad\u0131\u011f\u0131n\u0131n \u0259yani izah\u0131d\u0131r.<\/p>\n<p>Erm\u0259nistan t\u0259r\u0259find\u0259n t\u00f6r\u0259dilmi\u015f ekoloji terror, t\u0259bi\u0259t\u0259 vurulan ziyan, ekoloji terrorun f\u0259sadlar\u0131n\u0131n aradan qald\u0131r\u0131lmas\u0131 v\u0259 \u0259traf m\u00fchitin yax\u015f\u0131la\u015fd\u0131r\u0131lmas\u0131 il\u0259 ba\u011fl\u0131 m\u0259s\u0259l\u0259l\u0259r konfrans i\u015ftirak\u00e7\u0131lar\u0131n\u0131n diqq\u0259tin\u0259 \u00e7atd\u0131r\u0131l\u0131b. Bildirib ki, BMT v\u0259 dig\u0259r beyn\u0259lxalq, regional t\u0259\u015fkilatlar\u0131n, \u00f6z\u0259l sektorun, v\u0259t\u0259nda\u015f c\u0259miyy\u0259tl\u0259rinin \u00abDayan\u0131ql\u0131 \u0130nki\u015faf \u00fczr\u0259 2030 G\u00fcnd\u0259liyi\u00bbnin su il\u0259 ba\u011fl\u0131 m\u0259qs\u0259d v\u0259 h\u0259d\u0259fl\u0259rinin h\u0259yata ke\u00e7irilm\u0259sind\u0259 b\u00fct\u00fcn s\u0259yl\u0259rin birl\u0259\u015fdirilm\u0259si ekoloji tarazl\u0131\u011f\u0131n qorunmas\u0131 bax\u0131m\u0131ndan daha vacibdir. M\u00fcxt\u0259lif beyn\u0259lxalq t\u0259\u015fkilatlar\u0131n v\u0259 yerli m\u00fct\u0259x\u0259ssisl\u0259rin i\u015ftirak etdikl\u0259ri konfrans Estoniyada ke\u00e7iril\u0259c\u0259k Su Konvensiyas\u0131 il\u0259 ba\u011fl\u0131 t\u0259dbir\u0259 t\u00f6hf\u0259 olacaq.<\/p>\n","protected":false},"excerpt":{"rendered":"<p>Pol\u015fan\u0131n Katovitse \u015f\u0259h\u0259rind\u0259 \u00dcmumd\u00fcnya \u015e\u0259h\u0259r Forumunun \u00abDaha yax\u015f\u0131 g\u0259l\u0259c\u0259k namin\u0259 \u015f\u0259h\u0259rl\u0259rimizi d\u0259yi\u015fdir\u0259k\u00bb m\u00f6vzusunda ke\u00e7iril\u0259n XI sessiyas\u0131nda, Z\u0259ngilan rayonunun A\u011fal\u0131 k\u0259ndind\u0259ki \u00abA\u011f\u0131ll\u0131 k\u0259nd\u00bb ya\u015fay\u0131\u015f massivind\u0259 t\u0259\u015fkil olunan \u00abSu ehtiyatlar\u0131n\u0131n davaml\u0131 idar\u0259 edilm\u0259sind\u0259 t\u0259r\u0259fda\u015fl\u0131\u011f\u0131n v\u0259 f\u0259aliyy\u0259tin t\u0259\u015fviq edilm\u0259si\u00bb adl\u0131 beyn\u0259lxalq konfransda 30 il Erm\u0259nistan\u0131n i\u015f\u011fal\u0131 alt\u0131nda qalan \u0259razil\u0259rd\u0259 t\u00f6r\u0259dil\u0259n v\u0259h\u015filikl\u0259rd\u0259n, ekoloji terrorlardan s\u00f6z a\u00e7\u0131lm\u0131\u015fd\u0131r Otuz il i\u015f\u011fal alt\u0131nda qalan torpaqlar\u0131m\u0131z azad edildikd\u0259n sonra ba\u015flanan b\u0259rpa- quruculuq i\u015fl\u0259rinin s\u00fcr\u0259tl\u0259nm\u0259si, infrastrukturun yenil\u0259nm\u0259si, enerji il\u0259 t\u0259chizat sah\u0259l\u0259rin\u0259 diqq\u0259tin art\u0131r\u0131lmas\u0131, su h\u00f6vz\u0259l\u0259rinin yenil\u0259nm\u0259si B\u00f6y\u00fck Qay\u0131d\u0131\u015f\u0131 tezl\u0259\u015fdirm\u0259k namin\u0259 h\u0259yata ke\u00e7iril\u0259n \u00f6n\u0259mli layih\u0259l\u0259rdir. X\u00fcsusil\u0259 Z\u0259ngilan rayonunda h\u0259yata ke\u00e7iril\u0259n&hellip;<\/p>\n","protected":false},"author":2,"featured_media":491264,"comment_status":"closed","ping_status":"closed","sticky":false,"template":"","format":"standard","meta":{"om_disable_all_campaigns":false,"_monsterinsights_skip_tracking":false,"_monsterinsights_sitenote_active":false,"_monsterinsights_sitenote_note":"","_monsterinsights_sitenote_category":0},"categories":[19],"tags":[],"aioseo_notices":[],"gutentor_comment":0,"rttpg_featured_image_url":{"full":["https:\/\/arantv.az\/wp-content\/uploads\/2022\/07\/4ca82b2a165401306049884272510158374.jpg",975,540,false],"landscape":["https:\/\/arantv.az\/wp-content\/uploads\/2022\/07\/4ca82b2a165401306049884272510158374.jpg",975,540,false],"portraits":["https:\/\/arantv.az\/wp-content\/uploads\/2022\/07\/4ca82b2a165401306049884272510158374.jpg",975,540,false],"thumbnail":["https:\/\/arantv.az\/wp-content\/uploads\/2022\/07\/4ca82b2a165401306049884272510158374-500x280.jpg",500,280,true],"medium":["https:\/\/arantv.az\/wp-content\/uploads\/2022\/07\/4ca82b2a165401306049884272510158374-660x365.jpg",660,365,true],"large":["https:\/\/arantv.az\/wp-content\/uploads\/2022\/07\/4ca82b2a165401306049884272510158374-840x465.jpg",640,354,true],"1536x1536":["https:\/\/arantv.az\/wp-content\/uploads\/2022\/07\/4ca82b2a165401306049884272510158374.jpg",975,540,false],"2048x2048":["https:\/\/arantv.az\/wp-content\/uploads\/2022\/07\/4ca82b2a165401306049884272510158374.jpg",975,540,false],"post-thumbnail":["https:\/\/arantv.az\/wp-content\/uploads\/2022\/07\/4ca82b2a165401306049884272510158374-240x172.jpg",240,172,true],"advps-thumb-one":["https:\/\/arantv.az\/wp-content\/uploads\/2022\/07\/4ca82b2a165401306049884272510158374.jpg",975,540,false]},"rttpg_author":{"display_name":"V\u00fcsal Rafiqo\u011flu","author_link":"https:\/\/arantv.az\/?author=2"},"rttpg_comment":0,"rttpg_category":"<a href=\"https:\/\/arantv.az\/?cat=19\" rel=\"category\">G\u00fcnd\u0259m<\/a>","rttpg_excerpt":"Pol\u015fan\u0131n Katovitse \u015f\u0259h\u0259rind\u0259 \u00dcmumd\u00fcnya \u015e\u0259h\u0259r Forumunun \u00abDaha yax\u015f\u0131 g\u0259l\u0259c\u0259k namin\u0259 \u015f\u0259h\u0259rl\u0259rimizi d\u0259yi\u015fdir\u0259k\u00bb m\u00f6vzusunda ke\u00e7iril\u0259n XI sessiyas\u0131nda, Z\u0259ngilan rayonunun A\u011fal\u0131 k\u0259ndind\u0259ki \u00abA\u011f\u0131ll\u0131 k\u0259nd\u00bb ya\u015fay\u0131\u015f massivind\u0259 t\u0259\u015fkil olunan \u00abSu ehtiyatlar\u0131n\u0131n davaml\u0131 idar\u0259 edilm\u0259sind\u0259 t\u0259r\u0259fda\u015fl\u0131\u011f\u0131n v\u0259 f\u0259aliyy\u0259tin t\u0259\u015fviq edilm\u0259si\u00bb adl\u0131 beyn\u0259lxalq konfransda 30 il Erm\u0259nistan\u0131n i\u015f\u011fal\u0131 alt\u0131nda qalan \u0259razil\u0259rd\u0259 t\u00f6r\u0259dil\u0259n v\u0259h\u015filikl\u0259rd\u0259n, ekoloji terrorlardan s\u00f6z a\u00e7\u0131lm\u0131\u015fd\u0131r Otuz il i\u015f\u011fal&hellip;","_links":{"self":[{"href":"https:\/\/arantv.az\/index.php?rest_route=\/wp\/v2\/posts\/491263"}],"collection":[{"href":"https:\/\/arantv.az\/index.php?rest_route=\/wp\/v2\/posts"}],"about":[{"href":"https:\/\/arantv.az\/index.php?rest_route=\/wp\/v2\/types\/post"}],"author":[{"embeddable":true,"href":"https:\/\/arantv.az\/index.php?rest_route=\/wp\/v2\/users\/2"}],"replies":[{"embeddable":true,"href":"https:\/\/arantv.az\/index.php?rest_route=%2Fwp%2Fv2%2Fcomments&post=491263"}],"version-history":[{"count":0,"href":"https:\/\/arantv.az\/index.php?rest_route=\/wp\/v2\/posts\/491263\/revisions"}],"wp:featuredmedia":[{"embeddable":true,"href":"https:\/\/arantv.az\/index.php?rest_route=\/wp\/v2\/media\/491264"}],"wp:attachment":[{"href":"https:\/\/arantv.az\/index.php?rest_route=%2Fwp%2Fv2%2Fmedia&parent=491263"}],"wp:term":[{"taxonomy":"category","embeddable":true,"href":"https:\/\/arantv.az\/index.php?rest_route=%2Fwp%2Fv2%2Fcategories&post=491263"},{"taxonomy":"post_tag","embeddable":true,"href":"https:\/\/arantv.az\/index.php?rest_route=%2Fwp%2Fv2%2Ftags&post=491263"}],"curies":[{"name":"wp","href":"https:\/\/api.w.org\/{rel}","templated":true}]}}