{"id":491266,"date":"2022-07-02T08:09:42","date_gmt":"2022-07-02T05:09:42","guid":{"rendered":"https:\/\/arantv.az\/?p=491266"},"modified":"2022-07-02T08:09:42","modified_gmt":"2022-07-02T05:09:42","slug":"ir%c9%99vanin-yeni-h%c9%99yasiz-yalani-baki-lacin-yolunu-h%c9%99r-an-baglaya-bil%c9%99r","status":"publish","type":"post","link":"https:\/\/arantv.az\/?p=491266","title":{"rendered":"\u0130r\u0259van\u0131n yeni h\u0259yas\u0131z yalan\u0131 &#8211; Bak\u0131 La\u00e7\u0131n yolunu h\u0259r an ba\u011flaya bil\u0259r!"},"content":{"rendered":"<h3><strong>Erm\u0259nistan arzular\u0131n\u0131 h\u0259l\u0259 d\u0259 ger\u00e7\u0259k kimi t\u0259qdim edir; Az\u0259rbaycan is\u0259 kapitulyasiya akt\u0131n\u0131n h\u0259yata ke\u00e7m\u0259sini BMT q\u0259tnam\u0259l\u0259rit\u0259k 30 il g\u00f6zl\u0259m\u0259y\u0259c\u0259k!..<\/strong><\/h3>\n<p><strong>Erm\u0259nistan r\u0259hb\u0259rliyi t\u0259r\u0259find\u0259n Az\u0259rbaycanla s\u00fclh dan\u0131\u015f\u0131qlar\u0131n\u0131n imitasiyas\u0131 davam edir. Guya bu yolla vaxt qazan\u0131rlar. Daha x\u0259b\u0259rl\u0259ri yoxdur ki, zaman art\u0131q onlara i\u015fl\u0259mir v\u0259 itir\u0259n blokada rejimind\u0259, sosial-iqtisadi b\u00f6hran i\u00e7ind\u0259 \u00e7abalayan Erm\u0259nistan\u0131n \u00f6z\u00fc olacaq. B\u00f6hrandan qurtulma\u011f\u0131n t\u0259k yolu is\u0259 m\u0259lum: t\u0259cili \u015f\u0259kild\u0259 iki \u0259sas qon\u015fu d\u00f6vl\u0259tl\u0259 &#8211; Az\u0259rbaycan v\u0259 T\u00fcrkiy\u0259 il\u0259 m\u00fcnasib\u0259tl\u0259ri qaydaya salmaq, n\u0259inki b\u0259zi xarici g\u00fccl\u0259rin bo\u015f v\u0259dl\u0259rin\u0259 aldan\u0131b s\u00fclh oyunu oynamaq.\u00a0\u00a0\u00a0\u00a0\u00a0<\/strong><\/p>\n<p>\u201cYax\u0131n vaxtlarda Az\u0259rbaycan v\u0259 Erm\u0259nistan n\u00fcmay\u0259nd\u0259l\u0259ri aras\u0131nda g\u00f6r\u00fc\u015f m\u00fcmk\u00fcnd\u00fcr\u201d.<\/p>\n<p>Sra\u011fag\u00fcn bunu Erm\u0259nistan T\u0259hl\u00fck\u0259sizlik \u015euras\u0131n\u0131n katibi Armen Qriqoryan deyib. \u201cBizd\u0259 olan m\u0259lumata g\u00f6r\u0259, yax\u0131n vaxtlarda bel\u0259 bir g\u00f6r\u00fc\u015f\u00fcn ke\u00e7irilm\u0259si m\u00fcmk\u00fcnd\u00fcr. Haz\u0131rda m\u0259s\u0259l\u0259 m\u00fczakir\u0259 olunur\u201d, &#8211; erm\u0259ni r\u0259smisi bildirib.<\/p>\n<p>Onun s\u00f6zl\u0259rin\u0259 g\u00f6r\u0259, Moskva v\u0259 Br\u00fcsseld\u0259 Az\u0259rbaycanla 4 \u0259sas m\u0259s\u0259l\u0259 m\u00fczakir\u0259 olunur: \u201cBunlar humanitar m\u0259s\u0259l\u0259l\u0259r, &#8211; burada \u0259sas s\u00f6hb\u0259t \u0259sirl\u0259rin (oxu: diversantlar\u0131n &#8211; red.) qaytar\u0131lmas\u0131ndan v\u0259 itkin d\u00fc\u015fm\u00fc\u015f \u015f\u0259xsl\u0259r haqda m\u0259lumatlar\u0131n toplanmas\u0131ndan gedir, &#8211; ikincisi, kommunikasiyalar\u0131n a\u00e7\u0131lmas\u0131, delimitasiya v\u0259 demarkasiya v\u0259 Qaraba\u011f probleminin h\u0259llidir\u201d.<\/p>\n<p>G\u00f6r\u00fcnd\u00fcy\u00fc kimi, Erm\u0259nistan r\u0259smil\u0259ri burdan-bura yalanlar dan\u0131\u015fma\u011fa davam edirl\u0259r. \u00c7\u00fcnki 44 g\u00fcnl\u00fck m\u00fcharib\u0259d\u0259n sonra Bak\u0131 \u0130r\u0259vanla he\u00e7 vaxt \u201cQaraba\u011f problemi\u201d, \u201cstatus\u201dla ba\u011fl\u0131 m\u00fczakir\u0259 aparmay\u0131b, apara bilm\u0259zdi. Sad\u0259 s\u0259b\u0259b\u0259: bizim \u00fc\u00e7\u00fcn bel\u0259 problem daha yoxdur. Ke\u00e7\u0259n ilin iyulundan is\u0259 Az\u0259rbaycan\u0131n t\u0259rkibind\u0259 yaln\u0131z Qaraba\u011f iqtisadi zonas\u0131 m\u00f6vcuddur, \u201cstatus\u201d da \u201cgorbagor\u201d olub. Qaraba\u011fdak\u0131 erm\u0259ni etnik azl\u0131\u011f\u0131n h\u00fcquqlar\u0131 m\u0259s\u0259l\u0259si is\u0259 s\u0131rf Az\u0259rbaycan\u0131n daxili i\u015fidir. Bel\u0259dirs\u0259, \u0130r\u0259vanla Qaraba\u011f m\u00fczakir\u0259si \u0259lb\u0259tt\u0259 ki, \u0259razi b\u00fct\u00f6vl\u00fcy\u00fcm\u00fcz\u00fcn \u015f\u00fcbh\u0259 alt\u0131na al\u0131nmas\u0131 anlaml\u0131na g\u0259l\u0259rdi.<\/p>\n<p><strong>Bu \u00fczd\u0259n Qriqoryan\u0131n iddia el\u0259diyi kimi, Bak\u0131 erm\u0259ni t\u0259r\u0259fi il\u0259 Moskva v\u0259 Br\u00fcsseld\u0259 olmayan \u201cQaraba\u011f probleminin h\u0259lli\u201dni m\u00fczakir\u0259 ed\u0259 bilm\u0259zdi. Bunu Az\u0259rbaycan\u0131n s\u00fclh m\u00fcqavil\u0259si \u00fc\u00e7\u00fcn ir\u0259li s\u00fcrd\u00fcy\u00fc v\u0259 Erm\u0259nistan\u0131n q\u0259bul el\u0259diyi, he\u00e7 birind\u0259 Qaraba\u011f ad\u0131 ke\u00e7m\u0259y\u0259n 5 m\u0259lum prinsip ba\u015fqa yandan t\u0259sdiql\u0259yir. H\u0259min prinsipl\u0259ri Qriqoryan\u0131n v\u0259 komandas\u0131n\u0131n yad\u0131na yenid\u0259n sal\u0131r\u0131q:<\/strong><\/p>\n<p><strong><img src=\"https:\/\/fed.az\/upload\/news\/3640782.jpg\" alt=\"Qaraba\u011fda turizmin inki\u015faf\u0131 il\u0259 ba\u011fl\u0131 layih\u0259 - HAZIRLANIB - FED.az\" \/><\/strong><\/p>\n<p>1.D\u00f6vl\u0259tl\u0259rin bir-biril\u0259rinin suverenliyi, \u0259razi b\u00fct\u00f6vl\u00fcy\u00fc, beyn\u0259lxalq s\u0259rh\u0259dl\u0259rinin toxunulmazl\u0131\u011f\u0131 v\u0259 siyasi m\u00fcst\u0259qilliyini qar\u015f\u0131l\u0131ql\u0131 \u015f\u0259kild\u0259 tan\u0131mas\u0131;<\/p>\n<p>2.D\u00f6vl\u0259tl\u0259rin bir-biril\u0259rin\u0259 qar\u015f\u0131 \u0259razi iddialar\u0131n\u0131n olmamas\u0131n\u0131n qar\u015f\u0131l\u0131ql\u0131 t\u0259sdiqi v\u0259 g\u0259l\u0259c\u0259kd\u0259 bel\u0259 bir iddian\u0131n qald\u0131r\u0131lmayaca\u011f\u0131na dair h\u00fcquqi \u00f6hd\u0259liyin g\u00f6t\u00fcr\u00fclm\u0259si;<\/p>\n<p>3.D\u00f6vl\u0259tl\u0259raras\u0131 m\u00fcnasib\u0259tl\u0259rd\u0259 bir-biril\u0259rinin t\u0259hl\u00fck\u0259sizliyin\u0259 h\u0259d\u0259 t\u00f6r\u0259tm\u0259kd\u0259n, siyasi m\u00fcst\u0259qillik v\u0259 \u0259razi b\u00fct\u00f6vl\u00fcy\u00fcn\u0259 qar\u015f\u0131 h\u0259d\u0259 v\u0259 g\u00fccd\u0259n istifad\u0259 etm\u0259kd\u0259n, habel\u0259 BMT Nizamnam\u0259sinin m\u0259qs\u0259dl\u0259rin\u0259 uy\u011fun olmayan dig\u0259r hallardan \u00e7\u0259kinm\u0259k;<\/p>\n<p>4.D\u00f6vl\u0259t s\u0259rh\u0259dinin delimitasiyas\u0131 v\u0259 demarkasiyas\u0131, diplomatik m\u00fcnasib\u0259tl\u0259rin qurulmas\u0131;<\/p>\n<p>5.N\u0259qliyyat v\u0259 kommunikasiyalar\u0131n a\u00e7\u0131l\u0131\u015f\u0131, dig\u0259r m\u00fcvafiq kommunikasiyalar\u0131n qurulmas\u0131 v\u0259 qar\u015f\u0131l\u0131ql\u0131 maraq do\u011furan dig\u0259r sah\u0259l\u0259rd\u0259 \u0259m\u0259kda\u015fl\u0131\u011f\u0131n qurulmas\u0131.<\/p>\n<p>Yuxar\u0131dak\u0131 b\u0259ndl\u0259rd\u0259n d\u0259 ayd\u0131n olur ki, r\u0259smi Bak\u0131 A.Qriqoryan\u0131n sadalad\u0131\u011f\u0131 4 m\u0259s\u0259l\u0259d\u0259n yaln\u0131z humanitar xarakterli olanlar, kommunikasiyalar, delimitasiya v\u0259 demarkasiya, bir d\u0259 s\u00fclh m\u00fcqavil\u0259sinin imzalanmas\u0131 \u0259traf\u0131nda m\u00fczakir\u0259 apara bil\u0259rdi. H\u0259tta Az\u0259rbaycan Prezidenti \u0130lham \u018fliyev az \u00f6nc\u0259ki \u00e7\u0131x\u0131\u015flar\u0131n\u0131n birind\u0259 demi\u015fdi ki, status m\u0259s\u0259l\u0259sini bir daha qald\u0131rmayaca\u011f\u0131 bar\u0259d\u0259 erm\u0259ni t\u0259r\u0259fi il\u0259 \u015fifahi anla\u015fma var. \u018ffsus ki, buna da \u0259m\u0259l olunmur v\u0259 \u0130r\u0259van r\u0259smil\u0259ri yalanlar uydurma\u011fa davam edirl\u0259r.<\/p>\n<p><img loading=\"lazy\" src=\"http:\/\/cdn.musavat.com\/news\/thumbnails\/2d07266d79d8c0c91b213de88d871b89.jpeg\" alt=\"\u0130r\u0259van\u0131n Bak\u0131ya qar\u015f\u0131 6 \u015f\u0259rti - alt\u0131s\u0131 birin\u0259 d\u0259ym\u0259z!\" width=\"818\" height=\"545\" \/><\/p>\n<p><strong>Bak\u0131n\u0131n \u0130r\u0259vanla Qaraba\u011f m\u00fczakir\u0259si aparmad\u0131\u011f\u0131n\u0131n daha bir s\u00fcbutu: x\u0259b\u0259r verildiyi kimi, iyunun 27-d\u0259 Br\u00fcsseld\u0259 Az\u0259rbaycan Prezidentinin k\u00f6m\u0259k\u00e7isi &#8211; Prezident Administrasiyas\u0131n\u0131n Xarici siyas\u0259t \u015f\u00f6b\u0259sinin m\u00fcdiri Hikm\u0259t Hac\u0131yevl\u0259 h\u0259min bu Armen Qriqoryan aras\u0131nda n\u00f6vb\u0259ti g\u00f6r\u00fc\u015f n\u0259z\u0259rd\u0259 tutulmu\u015fdu. Lakin g\u00f6r\u00fc\u015f ke\u00e7irilm\u0259yib. Az\u0259rbaycandak\u0131 diplomatik m\u0259nb\u0259l\u0259rd\u0259n biri s\u0259b\u0259bi bel\u0259 izah edib: \u201c\u018fg\u0259r Erm\u0259nistan h\u0259r g\u00fcn ziddiyy\u0259tli b\u0259yanatlar verirs\u0259, AT\u018fT-in Minsk Qrupunun h\u0259ms\u0259drlik mexanizmind\u0259n dan\u0131\u015fma\u011fa davam edirs\u0259, Az\u0259rbaycana qar\u015f\u0131 \u0259razi iddialar\u0131 ir\u0259li s\u00fcr\u00fcrs\u0259, o zaman g\u00f6r\u00fc\u015fl\u0259rin ke\u00e7irilm\u0259sinin n\u0259 m\u0259nas\u0131?\u201d<\/strong><\/p>\n<p>Ger\u00e7\u0259kd\u0259n d\u0259 h\u0259r g\u00fcn bir hava \u00e7alan, Moskvada bir c\u00fcr, Br\u00fcsseld\u0259 ikinci c\u00fcr, \u0130r\u0259vanda is\u0259 \u00fc\u00e7\u00fcnc\u00fc c\u00fcr b\u0259yanat ver\u0259n, \u00f6lk\u0259miz\u0259 qar\u015f\u0131 h\u0259yas\u0131zcas\u0131na \u0259razi iddialar\u0131n\u0131 davam etdir\u0259n \u0130r\u0259van r\u0259smil\u0259ri il\u0259 produktiv s\u00fclh dan\u0131\u015f\u0131qlar\u0131 m\u00fcmk\u00fcnm\u00fc? Vaxt itirm\u0259y\u0259 d\u0259y\u0259rmi?<\/p>\n<p>\u201cErm\u0259nistan yen\u0259 \u00f6z i\u015f\u011fal siyas\u0259tini davam etdirir. Amma 2-ci Qaraba\u011f m\u00fcharib\u0259sind\u0259 Erm\u0259nistan biab\u0131rcas\u0131na m\u0259\u011flub olub, kapitulyasiya akt\u0131na imza atm\u0131\u015f \u00f6lk\u0259dir. Buna baxmayaraq, Erm\u0259nistan indi k\u00f6hn\u0259 \u201dsiyas\u0259tin\u0259&#8221; davam etdiyini bu v\u0259 ya dig\u0259r formada b\u00fcruz\u0259 verir&#8221;.<\/p>\n<p>Bu s\u00f6zl\u0259ri Az\u0259rbaycan\u0131n sabiq xarici i\u015fl\u0259r naziri, politoloq Tofiq Z\u00fclf\u00fcqarov deyib (Teleqraf.com).<\/p>\n<p><img src=\"https:\/\/upload.wikimedia.org\/wikipedia\/commons\/3\/3b\/Tofiq_Z%C3%BClf%C3%BCqarov.jpg\" alt=\"Fayl:Tofiq Z\u00fclf\u00fcqarov.jpg \u2014 Vikipediya\" \/><\/p>\n<p><strong>Tofiq Z\u00fclf\u00fcqarov\u00a0<\/strong><\/p>\n<p>Politoloqa g\u00f6r\u0259, bel\u0259 davran\u0131\u015f\u0131n cavab\u0131 t\u0259bii ki, yeni m\u00fcharib\u0259dir. \u201c\u00c7\u00fcnki hans\u0131 \u00f6lk\u0259 bu c\u00fcr v\u0259ziyy\u0259ti q\u0259bul ed\u0259r? G\u00fcn\u00fc bu g\u00fcn Az\u0259rbaycan La\u00e7\u0131n d\u0259hlizini ba\u011flay\u0131b, Qaraba\u011fda antiterror \u0259m\u0259liyyat\u0131 ke\u00e7ir\u0259 bil\u0259r. Bununla da m\u0259s\u0259l\u0259 bit\u0259c\u0259k\u201d, &#8211; dey\u0259 o qeyd edib.<\/p>\n<p>Z\u00fclf\u00fcqarov Moskva v\u0259 Br\u00fcssel dan\u0131\u015f\u0131qlar\u0131na, burada veril\u0259n b\u0259yanatlara baxmayaraq Erm\u0259nistan\u0131n ard\u0131c\u0131l \u015f\u0259kild\u0259 10 noyabr 2020-ci il b\u0259yanat\u0131n\u0131n m\u00fcdd\u0259alar\u0131n\u0131 icra etm\u0259k ist\u0259m\u0259diyini bildirib: \u201c\u018fslind\u0259 bu, \u0259n vacib m\u00fcdd\u0259alard\u0131r. \u00c7\u00fcnki bu m\u00fcdd\u0259alar erm\u0259ni qo\u015funlar\u0131n\u0131n Az\u0259rbaycan \u0259razisind\u0259n \u00e7\u0131xar\u0131lmas\u0131n\u0131 n\u0259z\u0259rd\u0259 tutur. Amma erm\u0259nil\u0259r h\u0259l\u0259 d\u0259 bunu icra etmir. \u018fksin\u0259, onlar bura qo\u015fun g\u00f6nd\u0259r\u0259c\u0259kl\u0259rini a\u00e7\u0131qlay\u0131rlar. Eyni zamanda, Z\u0259ng\u0259zur d\u0259hlizin\u0259 aid \u00f6hd\u0259likl\u0259ri yerin\u0259 yetirm\u0259k ist\u0259mirl\u0259r. Erm\u0259nistan a\u00e7\u0131q \u015f\u0259kild\u0259 post-konfilikt m\u0259ntiqin\u0259 zidd siyas\u0259t h\u0259yata ke\u00e7irir. Bu is\u0259 Erm\u0259nistan\u0131n anneksiya siyas\u0259tinin t\u0259z\u0259 \u015f\u0259raitd\u0259 davam\u0131 dem\u0259kdir. Buna a\u00e7\u0131q n\u00fcmun\u0259 kimi h\u0259l\u0259 d\u0259 Az\u0259rbaycan \u0259razisind\u0259 erm\u0259ni qo\u015funlar\u0131n\u0131n qalmas\u0131 v\u0259 burada separat\u00e7\u0131lara d\u0259st\u0259k \u201dsiyas\u0259tl\u0259rinin&#8221; davam etdirm\u0259l\u0259ridir. S\u00f6zs\u00fcz ki, bel\u0259 davam ed\u0259 bilm\u0259z&#8221;.<\/p>\n<p>V\u0259 etm\u0259y\u0259c\u0259k d\u0259. Az\u0259rbaycan 10 noyabr s\u0259n\u0259dinin b\u0259ndl\u0259rinin yerin\u0259 yetirilm\u0259sini BMT q\u0259tnam\u0259l\u0259ri kimi 30 il g\u00f6zl\u0259m\u0259k niyy\u0259tind\u0259 deyil&#8230;<\/p>\n","protected":false},"excerpt":{"rendered":"<p>Erm\u0259nistan arzular\u0131n\u0131 h\u0259l\u0259 d\u0259 ger\u00e7\u0259k kimi t\u0259qdim edir; Az\u0259rbaycan is\u0259 kapitulyasiya akt\u0131n\u0131n h\u0259yata ke\u00e7m\u0259sini BMT q\u0259tnam\u0259l\u0259rit\u0259k 30 il g\u00f6zl\u0259m\u0259y\u0259c\u0259k!.. Erm\u0259nistan r\u0259hb\u0259rliyi t\u0259r\u0259find\u0259n Az\u0259rbaycanla s\u00fclh dan\u0131\u015f\u0131qlar\u0131n\u0131n imitasiyas\u0131 davam edir. Guya bu yolla vaxt qazan\u0131rlar. Daha x\u0259b\u0259rl\u0259ri yoxdur ki, zaman art\u0131q onlara i\u015fl\u0259mir v\u0259 itir\u0259n blokada rejimind\u0259, sosial-iqtisadi b\u00f6hran i\u00e7ind\u0259 \u00e7abalayan Erm\u0259nistan\u0131n \u00f6z\u00fc olacaq. B\u00f6hrandan qurtulma\u011f\u0131n t\u0259k yolu is\u0259 m\u0259lum: t\u0259cili \u015f\u0259kild\u0259 iki \u0259sas qon\u015fu d\u00f6vl\u0259tl\u0259 &#8211; Az\u0259rbaycan v\u0259 T\u00fcrkiy\u0259 il\u0259 m\u00fcnasib\u0259tl\u0259ri qaydaya salmaq, n\u0259inki b\u0259zi xarici g\u00fccl\u0259rin bo\u015f v\u0259dl\u0259rin\u0259 aldan\u0131b s\u00fclh oyunu oynamaq.\u00a0\u00a0\u00a0\u00a0\u00a0 \u201cYax\u0131n vaxtlarda Az\u0259rbaycan v\u0259 Erm\u0259nistan n\u00fcmay\u0259nd\u0259l\u0259ri aras\u0131nda g\u00f6r\u00fc\u015f&hellip;<\/p>\n","protected":false},"author":2,"featured_media":491267,"comment_status":"closed","ping_status":"closed","sticky":false,"template":"","format":"standard","meta":{"om_disable_all_campaigns":false,"_monsterinsights_skip_tracking":false,"_monsterinsights_sitenote_active":false,"_monsterinsights_sitenote_note":"","_monsterinsights_sitenote_category":0},"categories":[4],"tags":[],"aioseo_notices":[],"gutentor_comment":0,"rttpg_featured_image_url":{"full":["https:\/\/arantv.az\/wp-content\/uploads\/2022\/07\/ede18e6901e1ef210b07c9873f24ddb9.jpg",632,403,false],"landscape":["https:\/\/arantv.az\/wp-content\/uploads\/2022\/07\/ede18e6901e1ef210b07c9873f24ddb9.jpg",632,403,false],"portraits":["https:\/\/arantv.az\/wp-content\/uploads\/2022\/07\/ede18e6901e1ef210b07c9873f24ddb9.jpg",632,403,false],"thumbnail":["https:\/\/arantv.az\/wp-content\/uploads\/2022\/07\/ede18e6901e1ef210b07c9873f24ddb9-500x280.jpg",500,280,true],"medium":["https:\/\/arantv.az\/wp-content\/uploads\/2022\/07\/ede18e6901e1ef210b07c9873f24ddb9-572x365.jpg",572,365,true],"large":["https:\/\/arantv.az\/wp-content\/uploads\/2022\/07\/ede18e6901e1ef210b07c9873f24ddb9.jpg",632,403,false],"1536x1536":["https:\/\/arantv.az\/wp-content\/uploads\/2022\/07\/ede18e6901e1ef210b07c9873f24ddb9.jpg",632,403,false],"2048x2048":["https:\/\/arantv.az\/wp-content\/uploads\/2022\/07\/ede18e6901e1ef210b07c9873f24ddb9.jpg",632,403,false],"post-thumbnail":["https:\/\/arantv.az\/wp-content\/uploads\/2022\/07\/ede18e6901e1ef210b07c9873f24ddb9-240x172.jpg",240,172,true],"advps-thumb-one":["https:\/\/arantv.az\/wp-content\/uploads\/2022\/07\/ede18e6901e1ef210b07c9873f24ddb9.jpg",632,403,false]},"rttpg_author":{"display_name":"V\u00fcsal Rafiqo\u011flu","author_link":"https:\/\/arantv.az\/?author=2"},"rttpg_comment":0,"rttpg_category":"<a href=\"https:\/\/arantv.az\/?cat=4\" rel=\"category\">Siyas\u0259t<\/a>","rttpg_excerpt":"Erm\u0259nistan arzular\u0131n\u0131 h\u0259l\u0259 d\u0259 ger\u00e7\u0259k kimi t\u0259qdim edir; Az\u0259rbaycan is\u0259 kapitulyasiya akt\u0131n\u0131n h\u0259yata ke\u00e7m\u0259sini BMT q\u0259tnam\u0259l\u0259rit\u0259k 30 il g\u00f6zl\u0259m\u0259y\u0259c\u0259k!.. Erm\u0259nistan r\u0259hb\u0259rliyi t\u0259r\u0259find\u0259n Az\u0259rbaycanla s\u00fclh dan\u0131\u015f\u0131qlar\u0131n\u0131n imitasiyas\u0131 davam edir. Guya bu yolla vaxt qazan\u0131rlar. Daha x\u0259b\u0259rl\u0259ri yoxdur ki, zaman art\u0131q onlara i\u015fl\u0259mir v\u0259 itir\u0259n blokada rejimind\u0259, sosial-iqtisadi b\u00f6hran i\u00e7ind\u0259 \u00e7abalayan Erm\u0259nistan\u0131n \u00f6z\u00fc olacaq. B\u00f6hrandan qurtulma\u011f\u0131n t\u0259k&hellip;","_links":{"self":[{"href":"https:\/\/arantv.az\/index.php?rest_route=\/wp\/v2\/posts\/491266"}],"collection":[{"href":"https:\/\/arantv.az\/index.php?rest_route=\/wp\/v2\/posts"}],"about":[{"href":"https:\/\/arantv.az\/index.php?rest_route=\/wp\/v2\/types\/post"}],"author":[{"embeddable":true,"href":"https:\/\/arantv.az\/index.php?rest_route=\/wp\/v2\/users\/2"}],"replies":[{"embeddable":true,"href":"https:\/\/arantv.az\/index.php?rest_route=%2Fwp%2Fv2%2Fcomments&post=491266"}],"version-history":[{"count":0,"href":"https:\/\/arantv.az\/index.php?rest_route=\/wp\/v2\/posts\/491266\/revisions"}],"wp:featuredmedia":[{"embeddable":true,"href":"https:\/\/arantv.az\/index.php?rest_route=\/wp\/v2\/media\/491267"}],"wp:attachment":[{"href":"https:\/\/arantv.az\/index.php?rest_route=%2Fwp%2Fv2%2Fmedia&parent=491266"}],"wp:term":[{"taxonomy":"category","embeddable":true,"href":"https:\/\/arantv.az\/index.php?rest_route=%2Fwp%2Fv2%2Fcategories&post=491266"},{"taxonomy":"post_tag","embeddable":true,"href":"https:\/\/arantv.az\/index.php?rest_route=%2Fwp%2Fv2%2Ftags&post=491266"}],"curies":[{"name":"wp","href":"https:\/\/api.w.org\/{rel}","templated":true}]}}