{"id":492922,"date":"2022-07-08T09:04:54","date_gmt":"2022-07-08T06:04:54","guid":{"rendered":"https:\/\/arantv.az\/?p=492922"},"modified":"2022-07-08T09:04:54","modified_gmt":"2022-07-08T06:04:54","slug":"z%c9%99ng%c9%99zur-d%c9%99hlizin%c9%99-6-kilometr-qaldi-x%c9%99b%c9%99ri-r%c9%99sm%c9%99n-t%c9%99sdiql%c9%99ndi","status":"publish","type":"post","link":"https:\/\/arantv.az\/?p=492922","title":{"rendered":"\u201cZ\u0259ng\u0259zur d\u0259hlizin\u0259 6 kilometr qald\u0131\u201d x\u0259b\u0259ri r\u0259sm\u0259n t\u0259sdiql\u0259ndi"},"content":{"rendered":"<h3><strong>Az\u0259rbaycan v\u0259 Erm\u0259nistan aras\u0131nda raz\u0131la\u015fd\u0131r\u0131lmal\u0131 olan 6 kilometrlik ki\u00e7ik bir hiss\u0259 var, Bak\u0131n\u0131n Tehranla memorandumu \u0130r\u0259van\u0131 h\u0259r\u0259k\u0259tl\u0259ndirib, Rusiya da Q\u0259rb\u0259 \u201cda\u011f \u00e7\u0259km\u0259k\u201d \u00fc\u00e7\u00fcn bu i\u015fd\u0259 maraql\u0131d\u0131r &#8211; ekspertl\u0259rin m\u00f6vqeyi<\/strong><\/h3>\n<p><em>C\u0259nubi Qafqazda b\u00fct\u00fcn kommunikasiyalar\u0131n a\u00e7\u0131lmas\u0131 v\u0259 iqtisadi \u0259laq\u0259l\u0259rin b\u0259rpa olunmas\u0131 il\u0259 ba\u011fl\u0131 ba\u015f nazir m\u00fcavinl\u0259rinin h\u0259ms\u0259drlik etdikl\u0259ri \u00dc\u00e7t\u0259r\u0259fli \u0130\u015f\u00e7i Qrup f\u0259aliyy\u0259tini davam etdirir. \u201cYeni M\u00fcsavat\u201d\u0131n m\u0259lumat\u0131na g\u00f6r\u0259, bunu Rusiya Xarici \u0130\u015fl\u0259r Nazirliyinin \u0130nformasiya v\u0259 M\u0259tbuat Departamentinin direktor m\u00fcavini Aleksey Zaytsev ke\u00e7irdiyi brifinqd\u0259 bildirib. Onun s\u00f6zl\u0259rin\u0259 g\u00f6r\u0259, Moskvada \u00dc\u00e7t\u0259r\u0259fli \u0130\u015f\u00e7i Qrupun X iclas\u0131nda, el\u0259c\u0259 d\u0259 Peterburq \u0130qtisadi Forumu \u00e7\u0259r\u00e7iv\u0259sind\u0259 h\u0259ms\u0259drl\u0259rin t\u0259maslar\u0131 zaman\u0131 n\u0259qliyyat kommunikasiyalar\u0131n\u0131n m\u00fcxt\u0259lif aspektl\u0259ri il\u0259 ba\u011fl\u0131 m\u00fc\u0259yy\u0259n ir\u0259lil\u0259yi\u015f \u0259ld\u0259 olunub, t\u0259r\u0259fl\u0259rin m\u00f6vqel\u0259rinin yax\u0131nla\u015fmas\u0131na nail olunub. \u201cM\u0259lumdur ki, \u00dc\u00e7t\u0259r\u0259fli \u0130\u015f\u00e7i Qrup \u00e7\u0259r\u00e7iv\u0259sind\u0259 regionda Az\u0259rbaycan, Erm\u0259nistan v\u0259 onlar\u0131n qon\u015fular\u0131n\u0131n maraqlar\u0131na cavab ver\u0259n avtomobil v\u0259 d\u0259mir yolu n\u0259qliyyat\u0131 \u0259laq\u0259sinin a\u00e7\u0131lmas\u0131 m\u00fczakir\u0259 olunur. Konkret raz\u0131l\u0131q \u0259ld\u0259 olunaca\u011f\u0131 t\u0259qdird\u0259 \u00dc\u00e7t\u0259r\u0259fli \u0130\u015f\u00e7i Qrupun h\u0259ms\u0259drl\u0259ri \u00f6zl\u0259ri ayr\u0131ca m\u0259lumat ver\u0259c\u0259kl\u0259r\u201d, &#8211; dey\u0259 o bildirib.<\/em><\/p>\n<p>Yada salaq ki, \u00f6t\u0259n h\u0259ft\u0259 Rusiyan\u0131n \u201c\u0130zvestiya\u201d n\u0259\u015fri Az\u0259rbaycan v\u0259 Erm\u0259nistan aras\u0131nda Z\u0259ng\u0259zur d\u0259hlizi \u00fczr\u0259 avtomobil yolu il\u0259 ba\u011fl\u0131 raz\u0131la\u015fd\u0131r\u0131lmal\u0131 olan 6 kilometrlik ki\u00e7ik bir hiss\u0259 qalmas\u0131 bar\u0259d\u0259 x\u0259b\u0259r yaym\u0131\u015fd\u0131. Bildirilirdi ki, ba\u015f nazir m\u00fcavinl\u0259rinin iyunun 3-d\u0259 ke\u00e7iril\u0259n son iclas\u0131nda 6 km-lik \u00e7at\u0131\u015fmayan hiss\u0259 istisna olmaqla, g\u0259l\u0259c\u0259k mar\u015frutun istiqam\u0259tl\u0259rini raz\u0131la\u015fd\u0131ra bilibl\u0259r. Orada da\u011flar var v\u0259 Rusiyan\u0131n \u201cAvtodor\u201d \u015firk\u0259ti ora m\u00fct\u0259x\u0259ssisl\u0259r g\u00f6nd\u0259rir ki, m\u0259s\u0259l\u0259nin m\u00fch\u0259ndis h\u0259llini taps\u0131nlar&#8221;, &#8211; m\u0259nb\u0259 bildirib. N\u0259\u015fr\u0259 dan\u0131\u015fan m\u0259nb\u0259nin s\u00f6zl\u0259rin\u0259 g\u00f6r\u0259, mar\u015frut Erm\u0259nistan t\u0259r\u0259fd\u0259n Araz \u00e7ay\u0131n\u0131n paraleli il\u0259 ke\u00e7\u0259c\u0259k. Qalan hiss\u0259d\u0259 1992-ci il\u0259 q\u0259d\u0259r Nax\u00e7\u0131van\u0131 Erm\u0259nistan \u0259razisind\u0259n ke\u00e7\u0259r\u0259k Az\u0259rbaycan\u0131n Z\u0259ngilan rayonu il\u0259 birl\u0259\u015fdir\u0259n k\u00f6hn\u0259 sovet yollar\u0131ndan istifad\u0259 olunacaq. M\u0259nb\u0259 izah edib ki, onlar g\u0259l\u0259c\u0259k d\u0259hlizin dem\u0259k olar ki, b\u00fct\u00fcn x\u0259tti boyunca qorunub saxlan\u0131l\u0131b, ancaq Nax\u00e7\u0131van v\u0259 Erm\u0259nistanla s\u0259rh\u0259dd\u0259 bir hiss\u0259 qal\u0131b. O ayd\u0131nla\u015fd\u0131r\u0131b ki, Bak\u0131 bu ilin mart\u0131nda Az\u0259rbaycan\u0131n \u015e\u0259rqi Z\u0259ng\u0259zur iqtisadi rayonundan \u0130ran \u0259razisind\u0259n Nax\u00e7\u0131vana yolun \u00e7\u0259kilm\u0259si niyy\u0259ti il\u0259 ba\u011fl\u0131 Tehranla memorandum imzalad\u0131qdan sonra Erm\u0259nistan t\u0259r\u0259fi dan\u0131\u015f\u0131qlar prosesini s\u00fcr\u0259tl\u0259ndirib.<\/p>\n<p>Bunu Erm\u0259nistan ba\u015f nazirinin m\u00fcavini Mqer Qriqoryan da t\u0259sdiql\u0259mi\u015fdi. Onun s\u00f6zl\u0259rin\u0259 g\u00f6r\u0259, haz\u0131rda ekspert alt qruplar\u0131 avtomobil v\u0259 d\u0259mir yolu infrastrukturunun b\u0259rpas\u0131 v\u0259 istifad\u0259si il\u0259 ba\u011fl\u0131 m\u0259s\u0259l\u0259l\u0259rin i\u015fl\u0259nm\u0259sini davam etdirirl\u0259r. Rusiya Xarici \u0130\u015fl\u0259r Nazirliyinin \u0130nformasiya v\u0259 M\u0259tbuat Departamentinin direktor m\u00fcavininin dedikl\u0259ri Z\u0259ng\u0259zur d\u0259hlizi il\u0259 ba\u011fl\u0131 raz\u0131la\u015fman\u0131n yax\u0131nlarda m\u00fcmk\u00fcn olaca\u011f\u0131n\u0131 bir daha t\u0259sdiql\u0259yir. Ayd\u0131nd\u0131r ki, Rusiya indilikd\u0259 AB\u015e v\u0259 Avropa Birliyin\u0259 rest \u00e7\u0259km\u0259k \u00fc\u00e7\u00fcn Az\u0259rbaycanla Erm\u0259nistan aras\u0131nda raz\u0131la\u015fman\u0131n olmas\u0131nda maraql\u0131d\u0131r. \u0130lkin olaraq bu, kommunikasiyalar\u0131n a\u00e7\u0131lmas\u0131 ola bil\u0259r. Rusiya bu raz\u0131la\u015fman\u0131 icra ed\u0259 bils\u0259, regionda \u0259sas skripka rolu oynad\u0131\u011f\u0131n\u0131 s\u00fcbut etmi\u015f olacaq.<\/p>\n<p><img loading=\"lazy\" src=\"https:\/\/i.ytimg.com\/vi\/e9hvRse6YnE\/maxresdefault.jpg\" alt=\"Politoloq Murad Sad\u0259ddinov \u201cYeni TV\u201dnin CANLI YAYIMINDA - YouTube\" width=\"923\" height=\"519\" \/><\/p>\n<p><strong>Bu m\u00f6vzuda proqnozlar\u0131n\u0131 \u201cYeni M\u00fcsavat\u201da dan\u0131\u015fan politoloq Murad Sad\u0259ddinov vur\u011fulad\u0131 ki, Az\u0259rbaycanla Erm\u0259nistan m\u00fcharib\u0259d\u0259n sonra \u00fc\u00e7 istiqam\u0259td\u0259 f\u0259aliyy\u0259t apar\u0131r: s\u00fclh m\u00fcqavil\u0259si, n\u0259qliyyat-kommunikasiya x\u0259tl\u0259rinin b\u0259rpas\u0131 v\u0259 s\u0259rh\u0259dl\u0259rin m\u00fc\u0259yy\u0259n edilm\u0259si. Onun s\u00f6zl\u0259rin\u0259 g\u00f6r\u0259, bu \u00fc\u00e7 sah\u0259d\u0259 h\u0259l\u0259lik \u0259n \u00e7ox ir\u0259lil\u0259yi\u015f n\u0259qliyyat-kommunikasiyalarla ba\u011fl\u0131d\u0131r:<\/strong>\u00a0\u201cBilirsiniz ki, d\u0259mir yolu il\u0259 ba\u011fl\u0131 raz\u0131la\u015fmalar art\u0131q h\u0259llini tap\u0131b, bu da s\u0259b\u0259bsiz deyil. \u00c7\u00fcnki Nax\u00e7\u0131vanla \u015e\u0259rqi Z\u0259ng\u0259zuru birl\u0259\u015fdir\u0259n d\u0259miryol x\u0259tti \u0259vv\u0259ld\u0259n var idi, indi onu b\u0259rpa etm\u0259k texniki bax\u0131mdan \u00e7\u0259tin deyil. Avtomobil yolunun b\u0259rpas\u0131na g\u0259linc\u0259, h\u0259qiq\u0259t\u0259n d\u0259 5-6 kilometrlik yer qal\u0131b ki, o da da\u011fl\u0131q hiss\u0259dir, bunu m\u00fct\u0259x\u0259ssisl\u0259r m\u00fc\u0259yy\u0259n etm\u0259lidir. S\u0259mimi des\u0259k, Az\u0259rbaycan \u015e\u0259rqi Z\u0259ng\u0259zurdan 6 c\u0259rg\u0259lik avtoban tikir v\u0259 burada \u00e7\u0259tinlikl\u0259r olur. Ona g\u00f6r\u0259 koridorla ba\u011fl\u0131 h\u0259llini tapmayan yegan\u0259 m\u0259s\u0259l\u0259 \u015f\u0259rtl\u0259rdir. Y\u0259ni Az\u0259rbaycan v\u0259t\u0259nda\u015flar\u0131n\u0131n yoxlan\u0131lmas\u0131 m\u00f6vzusu d\u0259qiql\u0259\u015fdirilm\u0259lidir\u201d.<\/p>\n<p><strong>Ekspertin fikrinc\u0259, Erm\u0259nistana m\u00fcxt\u0259lif xarici g\u00fccl\u0259r t\u0259zyiq ed\u0259 bilir v\u0259 \u0130r\u0259van tez-tez 180 d\u0259r\u0259c\u0259 m\u00f6vqeyini d\u0259yi\u015fir:<\/strong>\u00a0\u201cBu m\u0259s\u0259l\u0259d\u0259 d\u0259 bel\u0259dir. Burada \u0259sas faktor T\u00fcrkiy\u0259 v\u0259 Az\u0259rbaycand\u0131r. Rusiya da maraql\u0131 olmal\u0131d\u0131r ki, bu probleml\u0259r h\u0259llini taps\u0131n. \u018fks halda, ona r\u0259qab\u0259td\u0259 olan Br\u00fcssel platformas\u0131 aktivl\u0259\u015f\u0259c\u0259k. Rusiya Avropa Birliyinin f\u0259all\u0131\u011f\u0131na imkan verm\u0259k ist\u0259mir. \u00dcst\u0259lik, Rusiyan\u0131n Erm\u0259nistana yolu yoxdur, G\u00fcrc\u00fcstan\u0131n Lars \u0259razisind\u0259n ke\u00e7ir, o da tez-tez relyef bax\u0131mdan \u00e7\u0259tinlikl\u0259r yarad\u0131r, y\u00fck da\u015f\u0131maq g\u00fcc\u00fc a\u015fa\u011f\u0131d\u0131r. Ona g\u00f6r\u0259 Z\u0259ng\u0259zur d\u0259hlizi a\u00e7\u0131lacaq, m\u0259n buna h\u0259mi\u015f\u0259 inanm\u0131\u015fam\u201d.<\/p>\n<p><img loading=\"lazy\" src=\"https:\/\/tezadlar.az\/images\/Asif\/azad_msi.jpg\" alt=\"Azad M\u018fS\u0130YEV\" width=\"739\" height=\"598\" \/><\/p>\n<p><strong>Azad M\u0259siyev<\/strong><\/p>\n<p><strong>Strateji Planla\u015fd\u0131rma v\u0259 Ara\u015fd\u0131rmalar \u0130nstitutunun r\u0259hb\u0259ri Azad M\u0259siyevin bildirdiyin\u0259 g\u00f6r\u0259, 10 noyabr sazi\u015fin\u0259 imza atan v\u0259 qarant dayanan Rusiya lideri Vladimir Putindir:<\/strong>\u00a0\u201cO bax\u0131mdan, Rusiya prezidenti \u00f6z s\u00f6z\u00fcn\u00fcn \u00fcst\u00fcnd\u0259 duran r\u0259hb\u0259rl\u0259rd\u0259n biri kimi raz\u0131la\u015fman\u0131n h\u0259yata ke\u00e7m\u0259sinin t\u0259r\u0259fdar\u0131d\u0131r. Eyni zamanda Z\u0259ng\u0259zur d\u0259hlizinin a\u00e7\u0131lmas\u0131nda Rusiyan\u0131n strateji maraqlar\u0131 var. \u00c7\u00fcnki Ukrayna m\u00fcharib\u0259si s\u0259b\u0259bind\u0259n Kremlin Q\u0259rbl\u0259 \u0259laq\u0259l\u0259ri k\u0259silib v\u0259 indi \u015e\u0259rq\u0259 do\u011fru \u0259laq\u0259l\u0259ri inki\u015faf etdirm\u0259yi daha \u00e7ox h\u0259d\u0259fl\u0259yib. Bundan \u0259lav\u0259, Rusiya T\u00fcrkiy\u0259 il\u0259 m\u00fcnasib\u0259tl\u0259ri d\u0259 geni\u015fl\u0259ndirm\u0259k niyy\u0259tind\u0259dir ki, burada Z\u0259ng\u0259zur d\u0259hlizi m\u00fch\u00fcm rol oynay\u0131r\u201d. Ekspertin fikrinc\u0259, Moskvan\u0131n Z\u0259ng\u0259zur d\u0259hlizinin a\u00e7\u0131lmas\u0131nda h\u0259m iqtisadi-siyasi maraqlar\u0131 var, h\u0259m d\u0259 buna nail olmaqla beyn\u0259lxalq al\u0259md\u0259 bir divident qazanma\u011fa \u00e7al\u0131\u015facaq.<\/p>\n","protected":false},"excerpt":{"rendered":"<p>Az\u0259rbaycan v\u0259 Erm\u0259nistan aras\u0131nda raz\u0131la\u015fd\u0131r\u0131lmal\u0131 olan 6 kilometrlik ki\u00e7ik bir hiss\u0259 var, Bak\u0131n\u0131n Tehranla memorandumu \u0130r\u0259van\u0131 h\u0259r\u0259k\u0259tl\u0259ndirib, Rusiya da Q\u0259rb\u0259 \u201cda\u011f \u00e7\u0259km\u0259k\u201d \u00fc\u00e7\u00fcn bu i\u015fd\u0259 maraql\u0131d\u0131r &#8211; ekspertl\u0259rin m\u00f6vqeyi C\u0259nubi Qafqazda b\u00fct\u00fcn kommunikasiyalar\u0131n a\u00e7\u0131lmas\u0131 v\u0259 iqtisadi \u0259laq\u0259l\u0259rin b\u0259rpa olunmas\u0131 il\u0259 ba\u011fl\u0131 ba\u015f nazir m\u00fcavinl\u0259rinin h\u0259ms\u0259drlik etdikl\u0259ri \u00dc\u00e7t\u0259r\u0259fli \u0130\u015f\u00e7i Qrup f\u0259aliyy\u0259tini davam etdirir. \u201cYeni M\u00fcsavat\u201d\u0131n m\u0259lumat\u0131na g\u00f6r\u0259, bunu Rusiya Xarici \u0130\u015fl\u0259r Nazirliyinin \u0130nformasiya v\u0259 M\u0259tbuat Departamentinin direktor m\u00fcavini Aleksey Zaytsev ke\u00e7irdiyi brifinqd\u0259 bildirib. Onun s\u00f6zl\u0259rin\u0259 g\u00f6r\u0259, Moskvada \u00dc\u00e7t\u0259r\u0259fli \u0130\u015f\u00e7i Qrupun X iclas\u0131nda, el\u0259c\u0259 d\u0259 Peterburq \u0130qtisadi Forumu \u00e7\u0259r\u00e7iv\u0259sind\u0259 h\u0259ms\u0259drl\u0259rin t\u0259maslar\u0131 zaman\u0131&hellip;<\/p>\n","protected":false},"author":2,"featured_media":492923,"comment_status":"closed","ping_status":"closed","sticky":false,"template":"","format":"standard","meta":{"om_disable_all_campaigns":false,"_monsterinsights_skip_tracking":false,"_monsterinsights_sitenote_active":false,"_monsterinsights_sitenote_note":"","_monsterinsights_sitenote_category":0},"categories":[19],"tags":[],"aioseo_notices":[],"gutentor_comment":0,"rttpg_featured_image_url":{"full":["https:\/\/arantv.az\/wp-content\/uploads\/2022\/07\/704dd0e784950734a0937e9c202dbdcc.jpg",800,450,false],"landscape":["https:\/\/arantv.az\/wp-content\/uploads\/2022\/07\/704dd0e784950734a0937e9c202dbdcc.jpg",800,450,false],"portraits":["https:\/\/arantv.az\/wp-content\/uploads\/2022\/07\/704dd0e784950734a0937e9c202dbdcc.jpg",800,450,false],"thumbnail":["https:\/\/arantv.az\/wp-content\/uploads\/2022\/07\/704dd0e784950734a0937e9c202dbdcc-500x280.jpg",500,280,true],"medium":["https:\/\/arantv.az\/wp-content\/uploads\/2022\/07\/704dd0e784950734a0937e9c202dbdcc-649x365.jpg",649,365,true],"large":["https:\/\/arantv.az\/wp-content\/uploads\/2022\/07\/704dd0e784950734a0937e9c202dbdcc.jpg",640,360,false],"1536x1536":["https:\/\/arantv.az\/wp-content\/uploads\/2022\/07\/704dd0e784950734a0937e9c202dbdcc.jpg",800,450,false],"2048x2048":["https:\/\/arantv.az\/wp-content\/uploads\/2022\/07\/704dd0e784950734a0937e9c202dbdcc.jpg",800,450,false],"post-thumbnail":["https:\/\/arantv.az\/wp-content\/uploads\/2022\/07\/704dd0e784950734a0937e9c202dbdcc-240x172.jpg",240,172,true],"advps-thumb-one":["https:\/\/arantv.az\/wp-content\/uploads\/2022\/07\/704dd0e784950734a0937e9c202dbdcc.jpg",800,450,false]},"rttpg_author":{"display_name":"V\u00fcsal Rafiqo\u011flu","author_link":"https:\/\/arantv.az\/?author=2"},"rttpg_comment":0,"rttpg_category":"<a href=\"https:\/\/arantv.az\/?cat=19\" rel=\"category\">G\u00fcnd\u0259m<\/a>","rttpg_excerpt":"Az\u0259rbaycan v\u0259 Erm\u0259nistan aras\u0131nda raz\u0131la\u015fd\u0131r\u0131lmal\u0131 olan 6 kilometrlik ki\u00e7ik bir hiss\u0259 var, Bak\u0131n\u0131n Tehranla memorandumu \u0130r\u0259van\u0131 h\u0259r\u0259k\u0259tl\u0259ndirib, Rusiya da Q\u0259rb\u0259 \u201cda\u011f \u00e7\u0259km\u0259k\u201d \u00fc\u00e7\u00fcn bu i\u015fd\u0259 maraql\u0131d\u0131r &#8211; ekspertl\u0259rin m\u00f6vqeyi C\u0259nubi Qafqazda b\u00fct\u00fcn kommunikasiyalar\u0131n a\u00e7\u0131lmas\u0131 v\u0259 iqtisadi \u0259laq\u0259l\u0259rin b\u0259rpa olunmas\u0131 il\u0259 ba\u011fl\u0131 ba\u015f nazir m\u00fcavinl\u0259rinin h\u0259ms\u0259drlik etdikl\u0259ri \u00dc\u00e7t\u0259r\u0259fli \u0130\u015f\u00e7i Qrup f\u0259aliyy\u0259tini davam etdirir. \u201cYeni M\u00fcsavat\u201d\u0131n m\u0259lumat\u0131na&hellip;","_links":{"self":[{"href":"https:\/\/arantv.az\/index.php?rest_route=\/wp\/v2\/posts\/492922"}],"collection":[{"href":"https:\/\/arantv.az\/index.php?rest_route=\/wp\/v2\/posts"}],"about":[{"href":"https:\/\/arantv.az\/index.php?rest_route=\/wp\/v2\/types\/post"}],"author":[{"embeddable":true,"href":"https:\/\/arantv.az\/index.php?rest_route=\/wp\/v2\/users\/2"}],"replies":[{"embeddable":true,"href":"https:\/\/arantv.az\/index.php?rest_route=%2Fwp%2Fv2%2Fcomments&post=492922"}],"version-history":[{"count":0,"href":"https:\/\/arantv.az\/index.php?rest_route=\/wp\/v2\/posts\/492922\/revisions"}],"wp:featuredmedia":[{"embeddable":true,"href":"https:\/\/arantv.az\/index.php?rest_route=\/wp\/v2\/media\/492923"}],"wp:attachment":[{"href":"https:\/\/arantv.az\/index.php?rest_route=%2Fwp%2Fv2%2Fmedia&parent=492922"}],"wp:term":[{"taxonomy":"category","embeddable":true,"href":"https:\/\/arantv.az\/index.php?rest_route=%2Fwp%2Fv2%2Fcategories&post=492922"},{"taxonomy":"post_tag","embeddable":true,"href":"https:\/\/arantv.az\/index.php?rest_route=%2Fwp%2Fv2%2Ftags&post=492922"}],"curies":[{"name":"wp","href":"https:\/\/api.w.org\/{rel}","templated":true}]}}