{"id":492925,"date":"2022-07-08T09:13:40","date_gmt":"2022-07-08T06:13:40","guid":{"rendered":"https:\/\/arantv.az\/?p=492925"},"modified":"2022-07-08T09:13:40","modified_gmt":"2022-07-08T06:13:40","slug":"unesco-da-erm%c9%99nil%c9%99rin-novb%c9%99ti-t%c9%99xribatinin-qarsisi-alindi","status":"publish","type":"post","link":"https:\/\/arantv.az\/?p=492925","title":{"rendered":"UNESCO-da erm\u0259nil\u0259rin n\u00f6vb\u0259ti t\u0259xribat\u0131n\u0131n qar\u015f\u0131s\u0131 al\u0131nd\u0131"},"content":{"rendered":"<p>Parisd\u0259 UNESCO-nun m\u0259nzil-q\u0259rargah\u0131nda qurumun Qeyri-maddi M\u0259d\u0259ni \u0130rsin Qorunmas\u0131 \u00fczr\u0259 2003-c\u00fc il Konvensiyas\u0131n\u0131n i\u015ftirak\u00e7\u0131 d\u00f6vl\u0259tl\u0259rinin Ba\u015f Assambleyas\u0131n\u0131n 9-cu sessiyas\u0131 ba\u015fa \u00e7at\u0131b.<\/p>\n<p><a href=\"https:\/\/azertag.az\/xeber\/UNESCO_da_ermenilerin_novbeti_texribatinin_qarsisi_alinib-2208836\" target=\"_blank\" rel=\"noopener\">AZ\u018fRTAC<\/a>\u00a0x\u0259b\u0259r verir ki, Az\u0259rbaycan sessiyada M\u0259d\u0259niyy\u0259t Nazirliyinin n\u00fcmay\u0259nd\u0259si, el\u0259c\u0259 d\u0259 UNESCO yan\u0131nda daimi n\u00fcmay\u0259nd\u0259liyimizin diplomatlar\u0131 il\u0259 t\u0259msil olunub.<\/p>\n<div class=\"AdviadNativeVideo\"><\/div>\n<p>Ba\u015f Assambleyan\u0131n son sessiyas\u0131nda h\u0259mi\u015f\u0259 oldu\u011fu kimi Erm\u0259nistan n\u00fcmay\u0259nd\u0259liyi UNESCO platformas\u0131n\u0131 yenid\u0259n t\u0259xribat\u00e7\u0131 v\u0259 \u0259sass\u0131z iddialar\u0131 \u00fc\u00e7\u00fcn istifad\u0259 etm\u0259y\u0259, beyn\u0259lxalq ictimaiyy\u0259ti \u00e7a\u015fd\u0131rma\u011fa c\u0259hd ets\u0259 d\u0259, onun qar\u015f\u0131s\u0131 al\u0131n\u0131b v\u0259 yalanlar\u0131 if\u015fa edilib.<\/p>\n<p>Erm\u0259nistan n\u00fcmay\u0259nd\u0259sinin c\u0259f\u0259ng fikirl\u0259rin\u0259 cavab olaraq, Az\u0259rbaycan n\u00fcmay\u0259nd\u0259si bildirib ki, m\u0259hz Erm\u0259nistan 30 il \u0259rzind\u0259 \u00f6lk\u0259mizin \u0259razil\u0259rinin 20 faizini i\u015f\u011fal alt\u0131nda saxlay\u0131b, bu ill\u0259r \u0259rzind\u0259 h\u0259min \u0259razid\u0259 yerl\u0259\u015f\u0259n b\u00fct\u00fcn m\u0259d\u0259ni v\u0259 dini abid\u0259l\u0259ri m\u0259qs\u0259dy\u00f6nl\u00fc \u015f\u0259kild\u0259 da\u011f\u0131d\u0131b, beyn\u0259lxalq h\u00fcququn b\u00fct\u00fcn norma v\u0259 prinsipl\u0259rini, el\u0259c\u0259 d\u0259 UNESCO-nun \u0259sas Konvensiyalar\u0131n\u0131 kobud \u015f\u0259kild\u0259 pozub.<\/p>\n<p>Az\u0259rbaycan n\u00fcmay\u0259nd\u0259si torpaqlar\u0131m\u0131z\u0131n Erm\u0259nistan t\u0259r\u0259find\u0259n i\u015f\u011fal\u0131 d\u00f6vr\u00fcnd\u0259 minl\u0259rl\u0259 m\u0259d\u0259ni-dini irs n\u00fcmun\u0259l\u0259rimizin tamamil\u0259 da\u011f\u0131d\u0131ld\u0131\u011f\u0131n\u0131, n\u0259tic\u0259d\u0259 1 milyona yax\u0131n az\u0259rbaycanl\u0131 qa\u00e7q\u0131n v\u0259 ke\u00e7mi\u015f m\u0259cburi k\u00f6\u00e7k\u00fcn\u00fcn \u00f6z qeyri-maddi m\u0259d\u0259ni irs h\u00fcquqlar\u0131ndan m\u0259hrum oldu\u011funu sessiya i\u015ftirak\u00e7\u0131lar\u0131n\u0131n diqq\u0259tin\u0259 \u00e7atd\u0131r\u0131b. Vur\u011fulan\u0131b ki, Erm\u0259nistandan f\u0259rqli olaraq, Az\u0259rbaycan tarixi, m\u0259d\u0259ni irs\u0259 dini v\u0259 etnik z\u0259mind\u0259 ayr\u0131-se\u00e7kilik etmir, \u0259razisind\u0259 ya\u015fayan b\u00fct\u00fcn insanlar\u0131n tam b\u0259rab\u0259r h\u00fcququnu tan\u0131y\u0131r. Erm\u0259nistan \u0259razisind\u0259 yerl\u0259\u015f\u0259n Az\u0259rbaycan xalq\u0131na m\u0259xsus m\u0259d\u0259ni irs da\u011f\u0131d\u0131l\u0131b v\u0259 bu vandall\u0131q aktlar\u0131n\u0131n \u0259sas m\u0259qs\u0259di d\u0259 xalq\u0131m\u0131z\u0131n \u0259srl\u0259r boyu h\u0259min torpaqlarda ya\u015famas\u0131 il\u0259 ba\u011fl\u0131 izl\u0259ri silm\u0259k olub.<\/p>\n<p>Bildirilib ki, Az\u0259rbaycan \u00f6z \u0259razil\u0259rini i\u015f\u011faldan azad etm\u0259kl\u0259 m\u00fcnaqi\u015f\u0259 ba\u015fa \u00e7at\u0131b v\u0259 \u00f6lk\u0259miz i\u015f\u011faldan azad olunmu\u015f \u0259razil\u0259rin b\u0259rpas\u0131na ba\u015flay\u0131b. Erm\u0259nistana is\u0259 beyn\u0259lxalq ictimaiyy\u0259ti aldatmaq \u0259v\u0259zin\u0259, nifr\u0259t, d\u00fc\u015fm\u0259n\u00e7ilik v\u0259 \u0259razi iddialar\u0131ndan \u0259l \u00e7\u0259km\u0259k, \u00f6lk\u0259l\u0259rin \u0259razi b\u00fct\u00f6vl\u00fcy\u00fcn\u0259 v\u0259 suverenliyin\u0259 h\u00f6rm\u0259t n\u00fcmayi\u015f etdirm\u0259kl\u0259, regionda yaranm\u0131\u015f yeni reall\u0131qlar\u0131 q\u0259bul etm\u0259k t\u00f6vsiy\u0259 edilib.<\/p>\n<p>UNESCO texniki missiyas\u0131n\u0131n s\u0259f\u0259rinin m\u0259hz Erm\u0259nistan\u0131n qeyri-konstruktiv m\u00f6vqeyi s\u0259b\u0259bind\u0259n ba\u015f tutmad\u0131\u011f\u0131 sessiya i\u015ftirak\u00e7\u0131lar\u0131n\u0131n diqq\u0259tin\u0259 \u00e7atd\u0131r\u0131l\u0131b v\u0259 qurumun 2005-ci il hesabat\u0131nda da Erm\u0259nistan\u0131n UNESCO missiyas\u0131n\u0131n h\u0259yata ke\u00e7irilm\u0259sin\u0259 mane\u0259 t\u00f6r\u0259tdiyi qeyd olunub.<\/p>\n","protected":false},"excerpt":{"rendered":"<p>Parisd\u0259 UNESCO-nun m\u0259nzil-q\u0259rargah\u0131nda qurumun Qeyri-maddi M\u0259d\u0259ni \u0130rsin Qorunmas\u0131 \u00fczr\u0259 2003-c\u00fc il Konvensiyas\u0131n\u0131n i\u015ftirak\u00e7\u0131 d\u00f6vl\u0259tl\u0259rinin Ba\u015f Assambleyas\u0131n\u0131n 9-cu sessiyas\u0131 ba\u015fa \u00e7at\u0131b. AZ\u018fRTAC\u00a0x\u0259b\u0259r verir ki, Az\u0259rbaycan sessiyada M\u0259d\u0259niyy\u0259t Nazirliyinin n\u00fcmay\u0259nd\u0259si, el\u0259c\u0259 d\u0259 UNESCO yan\u0131nda daimi n\u00fcmay\u0259nd\u0259liyimizin diplomatlar\u0131 il\u0259 t\u0259msil olunub. Ba\u015f Assambleyan\u0131n son sessiyas\u0131nda h\u0259mi\u015f\u0259 oldu\u011fu kimi Erm\u0259nistan n\u00fcmay\u0259nd\u0259liyi UNESCO platformas\u0131n\u0131 yenid\u0259n t\u0259xribat\u00e7\u0131 v\u0259 \u0259sass\u0131z iddialar\u0131 \u00fc\u00e7\u00fcn istifad\u0259 etm\u0259y\u0259, beyn\u0259lxalq ictimaiyy\u0259ti \u00e7a\u015fd\u0131rma\u011fa c\u0259hd ets\u0259 d\u0259, onun qar\u015f\u0131s\u0131 al\u0131n\u0131b v\u0259 yalanlar\u0131 if\u015fa edilib. Erm\u0259nistan n\u00fcmay\u0259nd\u0259sinin c\u0259f\u0259ng fikirl\u0259rin\u0259 cavab olaraq, Az\u0259rbaycan n\u00fcmay\u0259nd\u0259si bildirib ki, m\u0259hz Erm\u0259nistan 30 il \u0259rzind\u0259 \u00f6lk\u0259mizin \u0259razil\u0259rinin 20 faizini i\u015f\u011fal&hellip;<\/p>\n","protected":false},"author":2,"featured_media":492926,"comment_status":"closed","ping_status":"closed","sticky":false,"template":"","format":"standard","meta":{"om_disable_all_campaigns":false,"_monsterinsights_skip_tracking":false,"_monsterinsights_sitenote_active":false,"_monsterinsights_sitenote_note":"","_monsterinsights_sitenote_category":0},"categories":[4],"tags":[],"aioseo_notices":[],"gutentor_comment":0,"rttpg_featured_image_url":{"full":["https:\/\/arantv.az\/wp-content\/uploads\/2022\/07\/16572565014824919163_1000x669.jpg",620,413,false],"landscape":["https:\/\/arantv.az\/wp-content\/uploads\/2022\/07\/16572565014824919163_1000x669.jpg",620,413,false],"portraits":["https:\/\/arantv.az\/wp-content\/uploads\/2022\/07\/16572565014824919163_1000x669.jpg",620,413,false],"thumbnail":["https:\/\/arantv.az\/wp-content\/uploads\/2022\/07\/16572565014824919163_1000x669-500x280.jpg",500,280,true],"medium":["https:\/\/arantv.az\/wp-content\/uploads\/2022\/07\/16572565014824919163_1000x669-548x365.jpg",548,365,true],"large":["https:\/\/arantv.az\/wp-content\/uploads\/2022\/07\/16572565014824919163_1000x669.jpg",620,413,false],"1536x1536":["https:\/\/arantv.az\/wp-content\/uploads\/2022\/07\/16572565014824919163_1000x669.jpg",620,413,false],"2048x2048":["https:\/\/arantv.az\/wp-content\/uploads\/2022\/07\/16572565014824919163_1000x669.jpg",620,413,false],"post-thumbnail":["https:\/\/arantv.az\/wp-content\/uploads\/2022\/07\/16572565014824919163_1000x669-240x172.jpg",240,172,true],"advps-thumb-one":["https:\/\/arantv.az\/wp-content\/uploads\/2022\/07\/16572565014824919163_1000x669.jpg",620,413,false]},"rttpg_author":{"display_name":"V\u00fcsal Rafiqo\u011flu","author_link":"https:\/\/arantv.az\/?author=2"},"rttpg_comment":0,"rttpg_category":"<a href=\"https:\/\/arantv.az\/?cat=4\" rel=\"category\">Siyas\u0259t<\/a>","rttpg_excerpt":"Parisd\u0259 UNESCO-nun m\u0259nzil-q\u0259rargah\u0131nda qurumun Qeyri-maddi M\u0259d\u0259ni \u0130rsin Qorunmas\u0131 \u00fczr\u0259 2003-c\u00fc il Konvensiyas\u0131n\u0131n i\u015ftirak\u00e7\u0131 d\u00f6vl\u0259tl\u0259rinin Ba\u015f Assambleyas\u0131n\u0131n 9-cu sessiyas\u0131 ba\u015fa \u00e7at\u0131b. AZ\u018fRTAC\u00a0x\u0259b\u0259r verir ki, Az\u0259rbaycan sessiyada M\u0259d\u0259niyy\u0259t Nazirliyinin n\u00fcmay\u0259nd\u0259si, el\u0259c\u0259 d\u0259 UNESCO yan\u0131nda daimi n\u00fcmay\u0259nd\u0259liyimizin diplomatlar\u0131 il\u0259 t\u0259msil olunub. Ba\u015f Assambleyan\u0131n son sessiyas\u0131nda h\u0259mi\u015f\u0259 oldu\u011fu kimi Erm\u0259nistan n\u00fcmay\u0259nd\u0259liyi UNESCO platformas\u0131n\u0131 yenid\u0259n t\u0259xribat\u00e7\u0131 v\u0259 \u0259sass\u0131z iddialar\u0131 \u00fc\u00e7\u00fcn&hellip;","_links":{"self":[{"href":"https:\/\/arantv.az\/index.php?rest_route=\/wp\/v2\/posts\/492925"}],"collection":[{"href":"https:\/\/arantv.az\/index.php?rest_route=\/wp\/v2\/posts"}],"about":[{"href":"https:\/\/arantv.az\/index.php?rest_route=\/wp\/v2\/types\/post"}],"author":[{"embeddable":true,"href":"https:\/\/arantv.az\/index.php?rest_route=\/wp\/v2\/users\/2"}],"replies":[{"embeddable":true,"href":"https:\/\/arantv.az\/index.php?rest_route=%2Fwp%2Fv2%2Fcomments&post=492925"}],"version-history":[{"count":0,"href":"https:\/\/arantv.az\/index.php?rest_route=\/wp\/v2\/posts\/492925\/revisions"}],"wp:featuredmedia":[{"embeddable":true,"href":"https:\/\/arantv.az\/index.php?rest_route=\/wp\/v2\/media\/492926"}],"wp:attachment":[{"href":"https:\/\/arantv.az\/index.php?rest_route=%2Fwp%2Fv2%2Fmedia&parent=492925"}],"wp:term":[{"taxonomy":"category","embeddable":true,"href":"https:\/\/arantv.az\/index.php?rest_route=%2Fwp%2Fv2%2Fcategories&post=492925"},{"taxonomy":"post_tag","embeddable":true,"href":"https:\/\/arantv.az\/index.php?rest_route=%2Fwp%2Fv2%2Ftags&post=492925"}],"curies":[{"name":"wp","href":"https:\/\/api.w.org\/{rel}","templated":true}]}}