{"id":493700,"date":"2022-07-11T14:57:01","date_gmt":"2022-07-11T11:57:01","guid":{"rendered":"https:\/\/arantv.az\/?p=493700"},"modified":"2022-07-11T14:57:01","modified_gmt":"2022-07-11T11:57:01","slug":"ceyhun-bayramov-avstriyanin-yeni-s%c9%99firi-il%c9%99-gorusub-foto","status":"publish","type":"post","link":"https:\/\/arantv.az\/?p=493700","title":{"rendered":"Ceyhun Bayramov Avstriyan\u0131n yeni s\u0259firi il\u0259 g\u00f6r\u00fc\u015f\u00fcb &#8211; FOTO"},"content":{"rendered":"<p>Az\u0259rbaycan\u0131n xarici i\u015fl\u0259r naziri Ceyhun Bayramov Avstriyan\u0131n Az\u0259rbaycana yeni t\u0259yin olunmu\u015f s\u0259firi Tomas \u015euller-Q\u00f6tzburqu q\u0259bul edib.<\/p>\n<p>X\u0130N-d\u0259n veril\u0259n m\u0259lumata g\u00f6r\u0259, s\u0259fir etimadnam\u0259sinin sur\u0259tini Ceyhun Bayramova t\u0259qdim edib.<\/p>\n<div class=\"AdviadNativeVideo\"><\/div>\n<p>Nazir s\u0259firi t\u0259yinat\u0131 m\u00fcnasib\u0259til\u0259 t\u0259brik ed\u0259r\u0259k ona f\u0259aliyy\u0259tind\u0259 u\u011furlar arzulay\u0131b. \u00d6lk\u0259miz il\u0259 Avstriya aras\u0131nda diplomatik m\u00fcnasib\u0259tl\u0259rin qurulmas\u0131n\u0131n 30 illiyinin qeyd edildiyin\u0259 istinad ed\u0259n nazir\u00a0ikit\u0259r\u0259fli siyasi dialoqun v\u0259 m\u0259sl\u0259h\u0259tl\u0259\u015fm\u0259l\u0259rin \u0259h\u0259miyy\u0259t k\u0259sb etdiyini vur\u011fulay\u0131b.<\/p>\n<p>C.Bayramov\u00a0cari ilin \u0259vv\u0259lind\u0259 Avstriyaya s\u0259f\u0259ri d\u0259 daxil olmaqla son bir ild\u0259 Avstriyan\u0131n xarici i\u015fl\u0259r naziri Aleksander \u015ealenberq il\u0259 g\u00f6r\u00fc\u015fl\u0259ri v\u0259 apar\u0131lm\u0131\u015f m\u00fczakir\u0259l\u0259ri m\u0259mnunluqla qeyd ed\u0259r\u0259k, h\u0259mkar\u0131n\u0131n \u00f6lk\u0259miz\u0259 s\u0259f\u0259r ed\u0259c\u0259yini g\u00f6zl\u0259diyini s\u0259firin diqq\u0259tin\u0259 \u00e7atd\u0131r\u0131b. O, b\u00f6lg\u0259mizd\u0259 ba\u015f vermi\u015f d\u0259yi\u015fiklikl\u0259r kontekstind\u0259 siyasi, iqtisadi, t\u0259hsil, n\u0259qliyyat v\u0259 tranzit, alternativ v\u0259 \u201cya\u015f\u0131l\u201d enerji resurslar\u0131n\u0131n inki\u015faf etdirilm\u0259si istiqam\u0259tl\u0259rind\u0259, el\u0259c\u0259 d\u0259 humanitar s\u0259viyy\u0259d\u0259 imkanlar\u0131n v\u0259 \u0259m\u0259kda\u015fl\u0131q perspektivl\u0259rinin daha da geni\u015fl\u0259ndiyini qeyd edib.<\/p>\n<p>Tomas \u015euller-Q\u00f6tzburq Avstriyan\u0131n Az\u0259rbaycandak\u0131 s\u0259firliyinin 12 il \u0259vv\u0259l t\u0259sis edilm\u0259sin\u0259 baxmayaraq, x\u00fcsusil\u0259 enerji m\u0259s\u0259l\u0259l\u0259ri olmaqla m\u00fcxt\u0259lif istiqam\u0259tl\u0259rd\u0259 \u0259m\u0259kda\u015fl\u0131\u011f\u0131n geni\u015fl\u0259ndiyini m\u0259mnunluqla diqq\u0259t\u0259 \u00e7atd\u0131r\u0131b. S\u0259fir Avstiya \u015firk\u0259tl\u0259rinin \u00f6lk\u0259miz\u0259 mara\u011f\u0131n\u0131n daha da artd\u0131\u011f\u0131n\u0131 qeyd edib. Cari ilin may ay\u0131nda Avstriyadan Az\u0259rbaycana ticar\u0259t missiyas\u0131n\u0131n h\u0259yata ke\u00e7irildiyini, n\u00f6vb\u0259ti bel\u0259 missiyan\u0131n yax\u0131n g\u0259l\u0259c\u0259kd\u0259 planla\u015fd\u0131r\u0131ld\u0131\u011f\u0131n\u0131 bildirib.<\/p>\n<p>Ceyhun Bayramov Erm\u0259nistan\u0131n t\u0259cav\u00fcz\u00fc n\u0259tic\u0259sind\u0259 \u00f6lk\u0259miz\u0259 v\u0259 \u0259halimiz\u0259 d\u0259y\u0259n z\u0259r\u0259r bar\u0259d\u0259 qar\u015f\u0131 t\u0259r\u0259fi m\u0259lumatland\u0131r\u0131b. Son 30 ild\u0259 \u00f6lk\u0259miz\u0259 m\u00fcnasib\u0259td\u0259 beyn\u0259lxalq h\u00fcququn norma v\u0259 prinsipl\u0259rinin pozuldu\u011fu diqq\u0259t\u0259 \u00e7atd\u0131r\u0131l\u0131b. O\u00a0daha sonra\u00a0s\u0259fir\u0259 b\u00f6lg\u0259d\u0259 m\u00fcnaqi\u015f\u0259 sonras\u0131 v\u0259ziyy\u0259t, i\u015f\u011faldan azad olunmu\u015f \u0259razil\u0259rd\u0259 h\u0259yata ke\u00e7iril\u0259n b\u0259rpa v\u0259 quruculuq i\u015fl\u0259ri, Az\u0259rbaycanla-Erm\u0259nistan aras\u0131nda normalla\u015fma prosesi, habel\u0259 b\u00f6lg\u0259nin g\u0259l\u0259c\u0259k s\u00fclh v\u0259 \u0259min-amanl\u0131q \u015f\u0259raitind\u0259 inki\u015faf\u0131na dair Az\u0259rbaycan\u0131n bax\u0131\u015flar\u0131 v\u0259 t\u0259klifl\u0259ri bar\u0259d\u0259 m\u0259lumat verib. Avstriya \u015firk\u0259tl\u0259rinin i\u015f\u011faldan azad edilmi\u015f \u0259razil\u0259rd\u0259 yenid\u0259nqurma i\u015fl\u0259rin\u0259 d\u0259st\u0259k verm\u0259sinin vacibliyini vur\u011fulay\u0131b.<\/p>\n<p>S\u0259fir \u00f6lk\u0259l\u0259rimiz aras\u0131nda m\u00fcnasib\u0259tl\u0259rin daha da inki\u015faf\u0131 namin\u0259 s\u0259yl\u0259r g\u00f6st\u0259r\u0259c\u0259yini diqq\u0259t\u0259 \u00e7atd\u0131r\u0131b.<\/p>\n<p>&nbsp;<\/p>\n<div class=\"gallery\">\n<div class=\"gallery-i\"><img src=\"https:\/\/cdn.oxu.az\/uploads\/W1siZiIsIjIwMjIvMDcvMTEvMTUvMzIvMjQvMmM5OWU0MTktMTMwZC00ZmViLTg0N2QtOGY3ZjgzYjQ0MTgwL241LmpwZyJdLFsicCIsImVuY29kZSIsImpwZyIsIi1xdWFsaXR5IDgwIl0sWyJwIiwidGh1bWIiLCI1OTB4NTkwXHUwMDNlIl1d?sha=4852fc3075657b67\" alt=\"\" \/><\/p>\n<div class=\"gallery-i-caption\"><\/div>\n<\/div>\n<div class=\"gallery-i\"><img src=\"https:\/\/cdn.oxu.az\/uploads\/W1siZiIsIjIwMjIvMDcvMTEvMTUvMzIvMjQvM2VkNDNkNmItOGQ4OS00YWRmLWE0MjEtM2JjNDcyNWRmMDNlL24zLmpwZyJdLFsicCIsImVuY29kZSIsImpwZyIsIi1xdWFsaXR5IDgwIl0sWyJwIiwidGh1bWIiLCI1OTB4NTkwXHUwMDNlIl1d?sha=23583d01b84d9bee\" alt=\"\" \/><\/p>\n<div class=\"gallery-i-caption\"><\/div>\n<\/div>\n<div class=\"gallery-i\"><img src=\"https:\/\/cdn.oxu.az\/uploads\/W1siZiIsIjIwMjIvMDcvMTEvMTUvMzIvMjUvYTU2ZjRkZDgtMTFhOS00YzNhLTkxMmYtOTUwZDUwYjliOWFiL24yLmpwZyJdLFsicCIsImVuY29kZSIsImpwZyIsIi1xdWFsaXR5IDgwIl0sWyJwIiwidGh1bWIiLCI1OTB4NTkwXHUwMDNlIl1d?sha=d8b143f4acd1bef0\" alt=\"\" \/><\/div>\n<\/div>\n","protected":false},"excerpt":{"rendered":"<p>Az\u0259rbaycan\u0131n xarici i\u015fl\u0259r naziri Ceyhun Bayramov Avstriyan\u0131n Az\u0259rbaycana yeni t\u0259yin olunmu\u015f s\u0259firi Tomas \u015euller-Q\u00f6tzburqu q\u0259bul edib. X\u0130N-d\u0259n veril\u0259n m\u0259lumata g\u00f6r\u0259, s\u0259fir etimadnam\u0259sinin sur\u0259tini Ceyhun Bayramova t\u0259qdim edib. Nazir s\u0259firi t\u0259yinat\u0131 m\u00fcnasib\u0259til\u0259 t\u0259brik ed\u0259r\u0259k ona f\u0259aliyy\u0259tind\u0259 u\u011furlar arzulay\u0131b. \u00d6lk\u0259miz il\u0259 Avstriya aras\u0131nda diplomatik m\u00fcnasib\u0259tl\u0259rin qurulmas\u0131n\u0131n 30 illiyinin qeyd edildiyin\u0259 istinad ed\u0259n nazir\u00a0ikit\u0259r\u0259fli siyasi dialoqun v\u0259 m\u0259sl\u0259h\u0259tl\u0259\u015fm\u0259l\u0259rin \u0259h\u0259miyy\u0259t k\u0259sb etdiyini vur\u011fulay\u0131b. C.Bayramov\u00a0cari ilin \u0259vv\u0259lind\u0259 Avstriyaya s\u0259f\u0259ri d\u0259 daxil olmaqla son bir ild\u0259 Avstriyan\u0131n xarici i\u015fl\u0259r naziri Aleksander \u015ealenberq il\u0259 g\u00f6r\u00fc\u015fl\u0259ri v\u0259 apar\u0131lm\u0131\u015f m\u00fczakir\u0259l\u0259ri m\u0259mnunluqla qeyd ed\u0259r\u0259k, h\u0259mkar\u0131n\u0131n \u00f6lk\u0259miz\u0259 s\u0259f\u0259r ed\u0259c\u0259yini g\u00f6zl\u0259diyini s\u0259firin&hellip;<\/p>\n","protected":false},"author":2,"featured_media":493701,"comment_status":"closed","ping_status":"closed","sticky":false,"template":"","format":"standard","meta":{"om_disable_all_campaigns":false,"_monsterinsights_skip_tracking":false,"_monsterinsights_sitenote_active":false,"_monsterinsights_sitenote_note":"","_monsterinsights_sitenote_category":0},"categories":[4],"tags":[],"aioseo_notices":[],"gutentor_comment":0,"rttpg_featured_image_url":{"full":["https:\/\/arantv.az\/wp-content\/uploads\/2022\/07\/xon.jpg",620,413,false],"landscape":["https:\/\/arantv.az\/wp-content\/uploads\/2022\/07\/xon.jpg",620,413,false],"portraits":["https:\/\/arantv.az\/wp-content\/uploads\/2022\/07\/xon.jpg",620,413,false],"thumbnail":["https:\/\/arantv.az\/wp-content\/uploads\/2022\/07\/xon-500x280.jpg",500,280,true],"medium":["https:\/\/arantv.az\/wp-content\/uploads\/2022\/07\/xon-548x365.jpg",548,365,true],"large":["https:\/\/arantv.az\/wp-content\/uploads\/2022\/07\/xon.jpg",620,413,false],"1536x1536":["https:\/\/arantv.az\/wp-content\/uploads\/2022\/07\/xon.jpg",620,413,false],"2048x2048":["https:\/\/arantv.az\/wp-content\/uploads\/2022\/07\/xon.jpg",620,413,false],"post-thumbnail":["https:\/\/arantv.az\/wp-content\/uploads\/2022\/07\/xon-240x172.jpg",240,172,true],"advps-thumb-one":["https:\/\/arantv.az\/wp-content\/uploads\/2022\/07\/xon.jpg",620,413,false]},"rttpg_author":{"display_name":"V\u00fcsal Rafiqo\u011flu","author_link":"https:\/\/arantv.az\/?author=2"},"rttpg_comment":0,"rttpg_category":"<a href=\"https:\/\/arantv.az\/?cat=4\" rel=\"category\">Siyas\u0259t<\/a>","rttpg_excerpt":"Az\u0259rbaycan\u0131n xarici i\u015fl\u0259r naziri Ceyhun Bayramov Avstriyan\u0131n Az\u0259rbaycana yeni t\u0259yin olunmu\u015f s\u0259firi Tomas \u015euller-Q\u00f6tzburqu q\u0259bul edib. X\u0130N-d\u0259n veril\u0259n m\u0259lumata g\u00f6r\u0259, s\u0259fir etimadnam\u0259sinin sur\u0259tini Ceyhun Bayramova t\u0259qdim edib. Nazir s\u0259firi t\u0259yinat\u0131 m\u00fcnasib\u0259til\u0259 t\u0259brik ed\u0259r\u0259k ona f\u0259aliyy\u0259tind\u0259 u\u011furlar arzulay\u0131b. \u00d6lk\u0259miz il\u0259 Avstriya aras\u0131nda diplomatik m\u00fcnasib\u0259tl\u0259rin qurulmas\u0131n\u0131n 30 illiyinin qeyd edildiyin\u0259 istinad ed\u0259n nazir\u00a0ikit\u0259r\u0259fli siyasi dialoqun v\u0259 m\u0259sl\u0259h\u0259tl\u0259\u015fm\u0259l\u0259rin&hellip;","_links":{"self":[{"href":"https:\/\/arantv.az\/index.php?rest_route=\/wp\/v2\/posts\/493700"}],"collection":[{"href":"https:\/\/arantv.az\/index.php?rest_route=\/wp\/v2\/posts"}],"about":[{"href":"https:\/\/arantv.az\/index.php?rest_route=\/wp\/v2\/types\/post"}],"author":[{"embeddable":true,"href":"https:\/\/arantv.az\/index.php?rest_route=\/wp\/v2\/users\/2"}],"replies":[{"embeddable":true,"href":"https:\/\/arantv.az\/index.php?rest_route=%2Fwp%2Fv2%2Fcomments&post=493700"}],"version-history":[{"count":0,"href":"https:\/\/arantv.az\/index.php?rest_route=\/wp\/v2\/posts\/493700\/revisions"}],"wp:featuredmedia":[{"embeddable":true,"href":"https:\/\/arantv.az\/index.php?rest_route=\/wp\/v2\/media\/493701"}],"wp:attachment":[{"href":"https:\/\/arantv.az\/index.php?rest_route=%2Fwp%2Fv2%2Fmedia&parent=493700"}],"wp:term":[{"taxonomy":"category","embeddable":true,"href":"https:\/\/arantv.az\/index.php?rest_route=%2Fwp%2Fv2%2Fcategories&post=493700"},{"taxonomy":"post_tag","embeddable":true,"href":"https:\/\/arantv.az\/index.php?rest_route=%2Fwp%2Fv2%2Ftags&post=493700"}],"curies":[{"name":"wp","href":"https:\/\/api.w.org\/{rel}","templated":true}]}}