{"id":493707,"date":"2022-07-11T15:05:14","date_gmt":"2022-07-11T12:05:14","guid":{"rendered":"https:\/\/arantv.az\/?p=493707"},"modified":"2022-07-11T15:05:14","modified_gmt":"2022-07-11T12:05:14","slug":"tokioda-kecmis-bas-nazirl%c9%99-vida-m%c9%99rasimi-kecirilir-video","status":"publish","type":"post","link":"https:\/\/arantv.az\/?p=493707","title":{"rendered":"Tokioda ke\u00e7mi\u015f ba\u015f nazirl\u0259 vida m\u0259rasimi ke\u00e7irilir &#8211; V\u0130DEO"},"content":{"rendered":"<p>Tokionun m\u0259rk\u0259zind\u0259ki buddist Cojoji m\u0259b\u0259dind\u0259 iyulun 8-d\u0259 sui-q\u0259sd n\u0259tic\u0259sind\u0259 \u00f6ld\u00fcr\u00fcl\u0259n Yaponiyan\u0131n ke\u00e7mi\u015f ba\u015f naziri \u015einzo Abe il\u0259 vida m\u0259rasimi ke\u00e7irilir. M\u0259rasim g\u00fccl\u0259ndirilmi\u015f t\u0259hl\u00fck\u0259sizlik t\u0259dbirl\u0259ri il\u0259 m\u00fc\u015fayi\u0259t olunur.<\/p>\n<p>\u018fraziy\u0259 polis patrul d\u0259st\u0259l\u0259ri n\u0259zar\u0259t edir, b\u00fct\u00fcn giri\u015fl\u0259rd\u0259 t\u0259hl\u00fck\u0259sizlik v\u0259 h\u00fcquq-m\u00fchafiz\u0259 orqanlar\u0131n\u0131n \u0259m\u0259kda\u015flar\u0131 yerl\u0259\u015fdirilibl\u0259r.<\/p>\n<p>M\u0259rasimd\u0259 sabiq ba\u015f nazir\u0259 yax\u0131n olan ail\u0259l\u0259r, dostlar\u0131 v\u0259 i\u015f yolda\u015flar\u0131 i\u015ftirak edirl\u0259r. Abenin dul arvad\u0131 Akie ba\u015fsa\u011fl\u0131qlar\u0131n\u0131 q\u0259bul edir.<\/p>\n<p>Ba\u015f naziri tan\u0131yan onlarla insan, o c\u00fcml\u0259d\u0259n parlament \u00fczvl\u0259ri, tan\u0131nm\u0131\u015f siyas\u0259t\u00e7il\u0259r, ke\u00e7mi\u015f ba\u015f nazir Yo\u015fihide Suqa v\u0259 ke\u00e7mi\u015f m\u00fcdafi\u0259 naziri Tomomi \u0130nada Abenin xatir\u0259sini ehtiramla yad etm\u0259y\u0259 g\u0259libl\u0259r.<\/p>\n<p><iframe loading=\"lazy\" src=\"https:\/\/player.baku.tv\/embed\/57214\" width=\"560\" height=\"315\" frameborder=\"0\" allowfullscreen=\"allowfullscreen\" data-mce-fragment=\"1\"><\/iframe><\/p>\n<p>M\u0259nb\u0259: TASS<\/p>\n","protected":false},"excerpt":{"rendered":"<p>Tokionun m\u0259rk\u0259zind\u0259ki buddist Cojoji m\u0259b\u0259dind\u0259 iyulun 8-d\u0259 sui-q\u0259sd n\u0259tic\u0259sind\u0259 \u00f6ld\u00fcr\u00fcl\u0259n Yaponiyan\u0131n ke\u00e7mi\u015f ba\u015f naziri \u015einzo Abe il\u0259 vida m\u0259rasimi ke\u00e7irilir. M\u0259rasim g\u00fccl\u0259ndirilmi\u015f t\u0259hl\u00fck\u0259sizlik t\u0259dbirl\u0259ri il\u0259 m\u00fc\u015fayi\u0259t olunur. \u018fraziy\u0259 polis patrul d\u0259st\u0259l\u0259ri n\u0259zar\u0259t edir, b\u00fct\u00fcn giri\u015fl\u0259rd\u0259 t\u0259hl\u00fck\u0259sizlik v\u0259 h\u00fcquq-m\u00fchafiz\u0259 orqanlar\u0131n\u0131n \u0259m\u0259kda\u015flar\u0131 yerl\u0259\u015fdirilibl\u0259r. M\u0259rasimd\u0259 sabiq ba\u015f nazir\u0259 yax\u0131n olan ail\u0259l\u0259r, dostlar\u0131 v\u0259 i\u015f yolda\u015flar\u0131 i\u015ftirak edirl\u0259r. Abenin dul arvad\u0131 Akie ba\u015fsa\u011fl\u0131qlar\u0131n\u0131 q\u0259bul edir. Ba\u015f naziri tan\u0131yan onlarla insan, o c\u00fcml\u0259d\u0259n parlament \u00fczvl\u0259ri, tan\u0131nm\u0131\u015f siyas\u0259t\u00e7il\u0259r, ke\u00e7mi\u015f ba\u015f nazir Yo\u015fihide Suqa v\u0259 ke\u00e7mi\u015f m\u00fcdafi\u0259 naziri Tomomi \u0130nada Abenin xatir\u0259sini ehtiramla yad etm\u0259y\u0259 g\u0259libl\u0259r. M\u0259nb\u0259:&hellip;<\/p>\n","protected":false},"author":2,"featured_media":493708,"comment_status":"closed","ping_status":"closed","sticky":false,"template":"","format":"standard","meta":{"om_disable_all_campaigns":false,"_monsterinsights_skip_tracking":false,"_monsterinsights_sitenote_active":false,"_monsterinsights_sitenote_note":"","_monsterinsights_sitenote_category":0},"categories":[7],"tags":[],"aioseo_notices":[],"gutentor_comment":0,"rttpg_featured_image_url":{"full":["https:\/\/arantv.az\/wp-content\/uploads\/2022\/07\/FotoJet-2022-07-11T150647.435.jpg",620,413,false],"landscape":["https:\/\/arantv.az\/wp-content\/uploads\/2022\/07\/FotoJet-2022-07-11T150647.435.jpg",620,413,false],"portraits":["https:\/\/arantv.az\/wp-content\/uploads\/2022\/07\/FotoJet-2022-07-11T150647.435.jpg",620,413,false],"thumbnail":["https:\/\/arantv.az\/wp-content\/uploads\/2022\/07\/FotoJet-2022-07-11T150647.435-500x280.jpg",500,280,true],"medium":["https:\/\/arantv.az\/wp-content\/uploads\/2022\/07\/FotoJet-2022-07-11T150647.435-548x365.jpg",548,365,true],"large":["https:\/\/arantv.az\/wp-content\/uploads\/2022\/07\/FotoJet-2022-07-11T150647.435.jpg",620,413,false],"1536x1536":["https:\/\/arantv.az\/wp-content\/uploads\/2022\/07\/FotoJet-2022-07-11T150647.435.jpg",620,413,false],"2048x2048":["https:\/\/arantv.az\/wp-content\/uploads\/2022\/07\/FotoJet-2022-07-11T150647.435.jpg",620,413,false],"post-thumbnail":["https:\/\/arantv.az\/wp-content\/uploads\/2022\/07\/FotoJet-2022-07-11T150647.435-240x172.jpg",240,172,true],"advps-thumb-one":["https:\/\/arantv.az\/wp-content\/uploads\/2022\/07\/FotoJet-2022-07-11T150647.435.jpg",620,413,false]},"rttpg_author":{"display_name":"V\u00fcsal Rafiqo\u011flu","author_link":"https:\/\/arantv.az\/?author=2"},"rttpg_comment":0,"rttpg_category":"<a href=\"https:\/\/arantv.az\/?cat=7\" rel=\"category\">D\u00fcnya<\/a>","rttpg_excerpt":"Tokionun m\u0259rk\u0259zind\u0259ki buddist Cojoji m\u0259b\u0259dind\u0259 iyulun 8-d\u0259 sui-q\u0259sd n\u0259tic\u0259sind\u0259 \u00f6ld\u00fcr\u00fcl\u0259n Yaponiyan\u0131n ke\u00e7mi\u015f ba\u015f naziri \u015einzo Abe il\u0259 vida m\u0259rasimi ke\u00e7irilir. M\u0259rasim g\u00fccl\u0259ndirilmi\u015f t\u0259hl\u00fck\u0259sizlik t\u0259dbirl\u0259ri il\u0259 m\u00fc\u015fayi\u0259t olunur. \u018fraziy\u0259 polis patrul d\u0259st\u0259l\u0259ri n\u0259zar\u0259t edir, b\u00fct\u00fcn giri\u015fl\u0259rd\u0259 t\u0259hl\u00fck\u0259sizlik v\u0259 h\u00fcquq-m\u00fchafiz\u0259 orqanlar\u0131n\u0131n \u0259m\u0259kda\u015flar\u0131 yerl\u0259\u015fdirilibl\u0259r. M\u0259rasimd\u0259 sabiq ba\u015f nazir\u0259 yax\u0131n olan ail\u0259l\u0259r, dostlar\u0131 v\u0259 i\u015f yolda\u015flar\u0131 i\u015ftirak edirl\u0259r. Abenin&hellip;","_links":{"self":[{"href":"https:\/\/arantv.az\/index.php?rest_route=\/wp\/v2\/posts\/493707"}],"collection":[{"href":"https:\/\/arantv.az\/index.php?rest_route=\/wp\/v2\/posts"}],"about":[{"href":"https:\/\/arantv.az\/index.php?rest_route=\/wp\/v2\/types\/post"}],"author":[{"embeddable":true,"href":"https:\/\/arantv.az\/index.php?rest_route=\/wp\/v2\/users\/2"}],"replies":[{"embeddable":true,"href":"https:\/\/arantv.az\/index.php?rest_route=%2Fwp%2Fv2%2Fcomments&post=493707"}],"version-history":[{"count":0,"href":"https:\/\/arantv.az\/index.php?rest_route=\/wp\/v2\/posts\/493707\/revisions"}],"wp:featuredmedia":[{"embeddable":true,"href":"https:\/\/arantv.az\/index.php?rest_route=\/wp\/v2\/media\/493708"}],"wp:attachment":[{"href":"https:\/\/arantv.az\/index.php?rest_route=%2Fwp%2Fv2%2Fmedia&parent=493707"}],"wp:term":[{"taxonomy":"category","embeddable":true,"href":"https:\/\/arantv.az\/index.php?rest_route=%2Fwp%2Fv2%2Fcategories&post=493707"},{"taxonomy":"post_tag","embeddable":true,"href":"https:\/\/arantv.az\/index.php?rest_route=%2Fwp%2Fv2%2Ftags&post=493707"}],"curies":[{"name":"wp","href":"https:\/\/api.w.org\/{rel}","templated":true}]}}