{"id":493712,"date":"2022-07-11T17:34:14","date_gmt":"2022-07-11T14:34:14","guid":{"rendered":"https:\/\/arantv.az\/?p=493712"},"modified":"2022-07-11T17:34:14","modified_gmt":"2022-07-11T14:34:14","slug":"%c9%99rdogan-v%c9%99-pasinyan-arasinda-telefon-danisigi-olub","status":"publish","type":"post","link":"https:\/\/arantv.az\/?p=493712","title":{"rendered":"\u018frdo\u011fan v\u0259 Pa\u015finyan aras\u0131nda telefon dan\u0131\u015f\u0131\u011f\u0131 olub"},"content":{"rendered":"<p>T\u00fcrkiy\u0259 Prezidenti R\u0259c\u0259b Tayyib \u018frdo\u011fan v\u0259 Erm\u0259nistan\u0131n ba\u015f naziri Nikol Pa\u015finyan aras\u0131nda telefon dan\u0131\u015f\u0131\u011f\u0131 olub.<\/p>\n<p>Bu bar\u0259d\u0259 Erm\u0259nistan h\u00f6kum\u0259tinin M\u0259tbuat Xidm\u0259ti m\u0259lumat yay\u0131b.<\/p>\n<div class=\"AdviadNativeVideo\"><\/div>\n<p>N.Pa\u015finyan T\u00fcrkiy\u0259 Prezidentini Qurban bayram\u0131, \u018frdo\u011fan is\u0259 Erm\u0259nistan\u0131n ba\u015f nazirini qar\u015f\u0131dan g\u0259l\u0259n Vardavar bayram\u0131 m\u00fcnasib\u0259til\u0259 t\u0259brik edib.<\/p>\n<p>\u201cLiderl\u0259r iki \u00f6lk\u0259 aras\u0131nda m\u00fcnasib\u0259tl\u0259rin nizamlanmas\u0131 prosesinin vacibliyini vur\u011fulay\u0131blar. Bunun regionda s\u00fclh v\u0259 sabitliyin m\u00f6hk\u0259ml\u0259nm\u0259sin\u0259 t\u00f6hf\u0259 ver\u0259c\u0259yi qeyd edilib\u201d, &#8211; m\u0259lumatda vur\u011fulan\u0131b.<\/p>\n<p>T\u0259r\u0259fl\u0259r iyulun 1-d\u0259 Erm\u0259nistan v\u0259 T\u00fcrkiy\u0259nin x\u00fcsusi n\u00fcmay\u0259nd\u0259l\u0259rinin \u0259ld\u0259 etdikl\u0259ri raz\u0131la\u015fmalar\u0131n yax\u0131n g\u0259l\u0259c\u0259kd\u0259 h\u0259yata ke\u00e7iril\u0259c\u0259yin\u0259 \u00fcmid etdikl\u0259rini s\u00f6yl\u0259yibl\u0259r.<br \/>\nQeyd ed\u0259k ki, bu, \u018frdo\u011fanla Pa\u015finyan aras\u0131nda telefon dan\u0131\u015f\u0131\u011f\u0131 vasit\u0259sil\u0259 realla\u015fan ilk t\u0259masd\u0131r.<\/p>\n<p>M\u0259nb\u0259: Sputnik Erm\u0259nistan<\/p>\n","protected":false},"excerpt":{"rendered":"<p>T\u00fcrkiy\u0259 Prezidenti R\u0259c\u0259b Tayyib \u018frdo\u011fan v\u0259 Erm\u0259nistan\u0131n ba\u015f naziri Nikol Pa\u015finyan aras\u0131nda telefon dan\u0131\u015f\u0131\u011f\u0131 olub. Bu bar\u0259d\u0259 Erm\u0259nistan h\u00f6kum\u0259tinin M\u0259tbuat Xidm\u0259ti m\u0259lumat yay\u0131b. N.Pa\u015finyan T\u00fcrkiy\u0259 Prezidentini Qurban bayram\u0131, \u018frdo\u011fan is\u0259 Erm\u0259nistan\u0131n ba\u015f nazirini qar\u015f\u0131dan g\u0259l\u0259n Vardavar bayram\u0131 m\u00fcnasib\u0259til\u0259 t\u0259brik edib. \u201cLiderl\u0259r iki \u00f6lk\u0259 aras\u0131nda m\u00fcnasib\u0259tl\u0259rin nizamlanmas\u0131 prosesinin vacibliyini vur\u011fulay\u0131blar. Bunun regionda s\u00fclh v\u0259 sabitliyin m\u00f6hk\u0259ml\u0259nm\u0259sin\u0259 t\u00f6hf\u0259 ver\u0259c\u0259yi qeyd edilib\u201d, &#8211; m\u0259lumatda vur\u011fulan\u0131b. T\u0259r\u0259fl\u0259r iyulun 1-d\u0259 Erm\u0259nistan v\u0259 T\u00fcrkiy\u0259nin x\u00fcsusi n\u00fcmay\u0259nd\u0259l\u0259rinin \u0259ld\u0259 etdikl\u0259ri raz\u0131la\u015fmalar\u0131n yax\u0131n g\u0259l\u0259c\u0259kd\u0259 h\u0259yata ke\u00e7iril\u0259c\u0259yin\u0259 \u00fcmid etdikl\u0259rini s\u00f6yl\u0259yibl\u0259r. Qeyd ed\u0259k ki, bu, \u018frdo\u011fanla Pa\u015finyan aras\u0131nda telefon dan\u0131\u015f\u0131\u011f\u0131 vasit\u0259sil\u0259&hellip;<\/p>\n","protected":false},"author":2,"featured_media":493713,"comment_status":"closed","ping_status":"closed","sticky":false,"template":"","format":"standard","meta":{"om_disable_all_campaigns":false,"_monsterinsights_skip_tracking":false,"_monsterinsights_sitenote_active":false,"_monsterinsights_sitenote_note":"","_monsterinsights_sitenote_category":0},"categories":[4],"tags":[],"aioseo_notices":[],"gutentor_comment":0,"rttpg_featured_image_url":{"full":["https:\/\/arantv.az\/wp-content\/uploads\/2022\/07\/FotoJet-2-6.jpg",620,413,false],"landscape":["https:\/\/arantv.az\/wp-content\/uploads\/2022\/07\/FotoJet-2-6.jpg",620,413,false],"portraits":["https:\/\/arantv.az\/wp-content\/uploads\/2022\/07\/FotoJet-2-6.jpg",620,413,false],"thumbnail":["https:\/\/arantv.az\/wp-content\/uploads\/2022\/07\/FotoJet-2-6-500x280.jpg",500,280,true],"medium":["https:\/\/arantv.az\/wp-content\/uploads\/2022\/07\/FotoJet-2-6-548x365.jpg",548,365,true],"large":["https:\/\/arantv.az\/wp-content\/uploads\/2022\/07\/FotoJet-2-6.jpg",620,413,false],"1536x1536":["https:\/\/arantv.az\/wp-content\/uploads\/2022\/07\/FotoJet-2-6.jpg",620,413,false],"2048x2048":["https:\/\/arantv.az\/wp-content\/uploads\/2022\/07\/FotoJet-2-6.jpg",620,413,false],"post-thumbnail":["https:\/\/arantv.az\/wp-content\/uploads\/2022\/07\/FotoJet-2-6-240x172.jpg",240,172,true],"advps-thumb-one":["https:\/\/arantv.az\/wp-content\/uploads\/2022\/07\/FotoJet-2-6.jpg",620,413,false]},"rttpg_author":{"display_name":"V\u00fcsal Rafiqo\u011flu","author_link":"https:\/\/arantv.az\/?author=2"},"rttpg_comment":0,"rttpg_category":"<a href=\"https:\/\/arantv.az\/?cat=4\" rel=\"category\">Siyas\u0259t<\/a>","rttpg_excerpt":"T\u00fcrkiy\u0259 Prezidenti R\u0259c\u0259b Tayyib \u018frdo\u011fan v\u0259 Erm\u0259nistan\u0131n ba\u015f naziri Nikol Pa\u015finyan aras\u0131nda telefon dan\u0131\u015f\u0131\u011f\u0131 olub. Bu bar\u0259d\u0259 Erm\u0259nistan h\u00f6kum\u0259tinin M\u0259tbuat Xidm\u0259ti m\u0259lumat yay\u0131b. N.Pa\u015finyan T\u00fcrkiy\u0259 Prezidentini Qurban bayram\u0131, \u018frdo\u011fan is\u0259 Erm\u0259nistan\u0131n ba\u015f nazirini qar\u015f\u0131dan g\u0259l\u0259n Vardavar bayram\u0131 m\u00fcnasib\u0259til\u0259 t\u0259brik edib. \u201cLiderl\u0259r iki \u00f6lk\u0259 aras\u0131nda m\u00fcnasib\u0259tl\u0259rin nizamlanmas\u0131 prosesinin vacibliyini vur\u011fulay\u0131blar. Bunun regionda s\u00fclh v\u0259 sabitliyin m\u00f6hk\u0259ml\u0259nm\u0259sin\u0259&hellip;","_links":{"self":[{"href":"https:\/\/arantv.az\/index.php?rest_route=\/wp\/v2\/posts\/493712"}],"collection":[{"href":"https:\/\/arantv.az\/index.php?rest_route=\/wp\/v2\/posts"}],"about":[{"href":"https:\/\/arantv.az\/index.php?rest_route=\/wp\/v2\/types\/post"}],"author":[{"embeddable":true,"href":"https:\/\/arantv.az\/index.php?rest_route=\/wp\/v2\/users\/2"}],"replies":[{"embeddable":true,"href":"https:\/\/arantv.az\/index.php?rest_route=%2Fwp%2Fv2%2Fcomments&post=493712"}],"version-history":[{"count":0,"href":"https:\/\/arantv.az\/index.php?rest_route=\/wp\/v2\/posts\/493712\/revisions"}],"wp:featuredmedia":[{"embeddable":true,"href":"https:\/\/arantv.az\/index.php?rest_route=\/wp\/v2\/media\/493713"}],"wp:attachment":[{"href":"https:\/\/arantv.az\/index.php?rest_route=%2Fwp%2Fv2%2Fmedia&parent=493712"}],"wp:term":[{"taxonomy":"category","embeddable":true,"href":"https:\/\/arantv.az\/index.php?rest_route=%2Fwp%2Fv2%2Fcategories&post=493712"},{"taxonomy":"post_tag","embeddable":true,"href":"https:\/\/arantv.az\/index.php?rest_route=%2Fwp%2Fv2%2Ftags&post=493712"}],"curies":[{"name":"wp","href":"https:\/\/api.w.org\/{rel}","templated":true}]}}