{"id":493715,"date":"2022-07-11T17:35:29","date_gmt":"2022-07-11T14:35:29","guid":{"rendered":"https:\/\/arantv.az\/?p=493715"},"modified":"2022-07-11T17:35:29","modified_gmt":"2022-07-11T14:35:29","slug":"israil-f%c9%99l%c9%99stin-v%c9%99-misir-r%c9%99smil%c9%99ri-gorus%c9%99c%c9%99kl%c9%99r","status":"publish","type":"post","link":"https:\/\/arantv.az\/?p=493715","title":{"rendered":"\u0130srail, F\u0259l\u0259stin v\u0259 Misir r\u0259smil\u0259ri g\u00f6r\u00fc\u015f\u0259c\u0259kl\u0259r"},"content":{"rendered":"<p>Misir v\u0259 \u0130srail Yax\u0131n \u015e\u0259rq\u0259 s\u00fclh g\u0259tirm\u0259k m\u0259qs\u0259dil\u0259 bir s\u0131ra \u00e7oxt\u0259r\u0259fli g\u00f6r\u00fc\u015fl\u0259r ke\u00e7irm\u0259k bar\u0259d\u0259 raz\u0131l\u0131\u011fa g\u0259libl\u0259r.<\/p>\n<p>Raz\u0131l\u0131qla ba\u011fl\u0131 Misir Prezidenti \u018fbd\u00fclf\u0259ttah \u0259s-Sisi il\u0259 \u0130srailin Ba\u015f naziri Yair Lapid aras\u0131nda ke\u00e7iril\u0259n dan\u0131\u015f\u0131qlardan sonra m\u0259lum olub.<\/p>\n<div class=\"AdviadNativeVideo\"><\/div>\n<p>\u201cS\u00fclh dan\u0131\u015f\u0131qlar\u0131n\u0131 aktivl\u0259\u015fdirm\u0259k \u00fc\u00e7\u00fcn qar\u015f\u0131dak\u0131 d\u00f6vrd\u0259 Misir, \u0130srail v\u0259 F\u0259l\u0259stin r\u0259hb\u0259rl\u0259rinin i\u015ftirak\u0131 il\u0259 ikit\u0259r\u0259fli v\u0259 \u00e7oxt\u0259r\u0259fli g\u00f6r\u00fc\u015fl\u0259rin ke\u00e7irilm\u0259si q\u0259rara al\u0131n\u0131b\u201d, &#8211; dey\u0259 m\u0259lumatda bildirilir.<\/p>\n<p>Qeyd olunur ki, Qahir\u0259 iki d\u00f6vl\u0259tin (\u0130srail v\u0259 F\u0259l\u0259stin) m\u00f6vcudlu\u011fu il\u0259 ba\u011fl\u0131 m\u0259s\u0259l\u0259l\u0259rin h\u0259lli v\u0259 BMT q\u0259tnam\u0259l\u0259ri \u0259sas\u0131nda \u0259dal\u0259tli s\u00fclh\u00fcn \u0259ld\u0259 olunmas\u0131n\u0131n t\u0259r\u0259fdar\u0131d\u0131r.<\/p>\n<p>Lapid \u00f6z n\u00f6vb\u0259sind\u0259 bildirib ki, \u0130srail 1967-ci il m\u00fcharib\u0259si zaman\u0131 h\u0259lak olan v\u0259 Q\u00fcdsd\u0259 d\u0259fn edil\u0259n misirli \u0259sg\u0259rl\u0259rin k\u00fctl\u0259vi m\u0259zarlar\u0131 haqq\u0131nda mediada yer alan m\u0259lumatlarla ba\u011fl\u0131 tam ara\u015fd\u0131rma aparacaq.<\/p>\n<p>M\u0259nb\u0259: Gazeta.ru<\/p>\n","protected":false},"excerpt":{"rendered":"<p>Misir v\u0259 \u0130srail Yax\u0131n \u015e\u0259rq\u0259 s\u00fclh g\u0259tirm\u0259k m\u0259qs\u0259dil\u0259 bir s\u0131ra \u00e7oxt\u0259r\u0259fli g\u00f6r\u00fc\u015fl\u0259r ke\u00e7irm\u0259k bar\u0259d\u0259 raz\u0131l\u0131\u011fa g\u0259libl\u0259r. Raz\u0131l\u0131qla ba\u011fl\u0131 Misir Prezidenti \u018fbd\u00fclf\u0259ttah \u0259s-Sisi il\u0259 \u0130srailin Ba\u015f naziri Yair Lapid aras\u0131nda ke\u00e7iril\u0259n dan\u0131\u015f\u0131qlardan sonra m\u0259lum olub. \u201cS\u00fclh dan\u0131\u015f\u0131qlar\u0131n\u0131 aktivl\u0259\u015fdirm\u0259k \u00fc\u00e7\u00fcn qar\u015f\u0131dak\u0131 d\u00f6vrd\u0259 Misir, \u0130srail v\u0259 F\u0259l\u0259stin r\u0259hb\u0259rl\u0259rinin i\u015ftirak\u0131 il\u0259 ikit\u0259r\u0259fli v\u0259 \u00e7oxt\u0259r\u0259fli g\u00f6r\u00fc\u015fl\u0259rin ke\u00e7irilm\u0259si q\u0259rara al\u0131n\u0131b\u201d, &#8211; dey\u0259 m\u0259lumatda bildirilir. Qeyd olunur ki, Qahir\u0259 iki d\u00f6vl\u0259tin (\u0130srail v\u0259 F\u0259l\u0259stin) m\u00f6vcudlu\u011fu il\u0259 ba\u011fl\u0131 m\u0259s\u0259l\u0259l\u0259rin h\u0259lli v\u0259 BMT q\u0259tnam\u0259l\u0259ri \u0259sas\u0131nda \u0259dal\u0259tli s\u00fclh\u00fcn \u0259ld\u0259 olunmas\u0131n\u0131n t\u0259r\u0259fdar\u0131d\u0131r. Lapid \u00f6z n\u00f6vb\u0259sind\u0259 bildirib ki, \u0130srail 1967-ci il m\u00fcharib\u0259si&hellip;<\/p>\n","protected":false},"author":2,"featured_media":493716,"comment_status":"closed","ping_status":"closed","sticky":false,"template":"","format":"standard","meta":{"om_disable_all_campaigns":false,"_monsterinsights_skip_tracking":false,"_monsterinsights_sitenote_active":false,"_monsterinsights_sitenote_note":"","_monsterinsights_sitenote_category":0},"categories":[7],"tags":[],"aioseo_notices":[],"gutentor_comment":0,"rttpg_featured_image_url":{"full":["https:\/\/arantv.az\/wp-content\/uploads\/2022\/07\/FotoJet-2022-07-11T140447.167.jpg",620,413,false],"landscape":["https:\/\/arantv.az\/wp-content\/uploads\/2022\/07\/FotoJet-2022-07-11T140447.167.jpg",620,413,false],"portraits":["https:\/\/arantv.az\/wp-content\/uploads\/2022\/07\/FotoJet-2022-07-11T140447.167.jpg",620,413,false],"thumbnail":["https:\/\/arantv.az\/wp-content\/uploads\/2022\/07\/FotoJet-2022-07-11T140447.167-500x280.jpg",500,280,true],"medium":["https:\/\/arantv.az\/wp-content\/uploads\/2022\/07\/FotoJet-2022-07-11T140447.167-548x365.jpg",548,365,true],"large":["https:\/\/arantv.az\/wp-content\/uploads\/2022\/07\/FotoJet-2022-07-11T140447.167.jpg",620,413,false],"1536x1536":["https:\/\/arantv.az\/wp-content\/uploads\/2022\/07\/FotoJet-2022-07-11T140447.167.jpg",620,413,false],"2048x2048":["https:\/\/arantv.az\/wp-content\/uploads\/2022\/07\/FotoJet-2022-07-11T140447.167.jpg",620,413,false],"post-thumbnail":["https:\/\/arantv.az\/wp-content\/uploads\/2022\/07\/FotoJet-2022-07-11T140447.167-240x172.jpg",240,172,true],"advps-thumb-one":["https:\/\/arantv.az\/wp-content\/uploads\/2022\/07\/FotoJet-2022-07-11T140447.167.jpg",620,413,false]},"rttpg_author":{"display_name":"V\u00fcsal Rafiqo\u011flu","author_link":"https:\/\/arantv.az\/?author=2"},"rttpg_comment":0,"rttpg_category":"<a href=\"https:\/\/arantv.az\/?cat=7\" rel=\"category\">D\u00fcnya<\/a>","rttpg_excerpt":"Misir v\u0259 \u0130srail Yax\u0131n \u015e\u0259rq\u0259 s\u00fclh g\u0259tirm\u0259k m\u0259qs\u0259dil\u0259 bir s\u0131ra \u00e7oxt\u0259r\u0259fli g\u00f6r\u00fc\u015fl\u0259r ke\u00e7irm\u0259k bar\u0259d\u0259 raz\u0131l\u0131\u011fa g\u0259libl\u0259r. Raz\u0131l\u0131qla ba\u011fl\u0131 Misir Prezidenti \u018fbd\u00fclf\u0259ttah \u0259s-Sisi il\u0259 \u0130srailin Ba\u015f naziri Yair Lapid aras\u0131nda ke\u00e7iril\u0259n dan\u0131\u015f\u0131qlardan sonra m\u0259lum olub. \u201cS\u00fclh dan\u0131\u015f\u0131qlar\u0131n\u0131 aktivl\u0259\u015fdirm\u0259k \u00fc\u00e7\u00fcn qar\u015f\u0131dak\u0131 d\u00f6vrd\u0259 Misir, \u0130srail v\u0259 F\u0259l\u0259stin r\u0259hb\u0259rl\u0259rinin i\u015ftirak\u0131 il\u0259 ikit\u0259r\u0259fli v\u0259 \u00e7oxt\u0259r\u0259fli g\u00f6r\u00fc\u015fl\u0259rin ke\u00e7irilm\u0259si q\u0259rara al\u0131n\u0131b\u201d, &#8211;&hellip;","_links":{"self":[{"href":"https:\/\/arantv.az\/index.php?rest_route=\/wp\/v2\/posts\/493715"}],"collection":[{"href":"https:\/\/arantv.az\/index.php?rest_route=\/wp\/v2\/posts"}],"about":[{"href":"https:\/\/arantv.az\/index.php?rest_route=\/wp\/v2\/types\/post"}],"author":[{"embeddable":true,"href":"https:\/\/arantv.az\/index.php?rest_route=\/wp\/v2\/users\/2"}],"replies":[{"embeddable":true,"href":"https:\/\/arantv.az\/index.php?rest_route=%2Fwp%2Fv2%2Fcomments&post=493715"}],"version-history":[{"count":0,"href":"https:\/\/arantv.az\/index.php?rest_route=\/wp\/v2\/posts\/493715\/revisions"}],"wp:featuredmedia":[{"embeddable":true,"href":"https:\/\/arantv.az\/index.php?rest_route=\/wp\/v2\/media\/493716"}],"wp:attachment":[{"href":"https:\/\/arantv.az\/index.php?rest_route=%2Fwp%2Fv2%2Fmedia&parent=493715"}],"wp:term":[{"taxonomy":"category","embeddable":true,"href":"https:\/\/arantv.az\/index.php?rest_route=%2Fwp%2Fv2%2Fcategories&post=493715"},{"taxonomy":"post_tag","embeddable":true,"href":"https:\/\/arantv.az\/index.php?rest_route=%2Fwp%2Fv2%2Ftags&post=493715"}],"curies":[{"name":"wp","href":"https:\/\/api.w.org\/{rel}","templated":true}]}}