{"id":501470,"date":"2022-08-02T15:47:48","date_gmt":"2022-08-02T12:47:48","guid":{"rendered":"https:\/\/arantv.az\/?p=501470"},"modified":"2022-08-02T15:47:48","modified_gmt":"2022-08-02T12:47:48","slug":"dask%c9%99nd-b%c9%99yannam%c9%99si-b%c9%99rpa-prosesind%c9%99-az%c9%99rbaycana-kom%c9%99k-muhum-%c9%99h%c9%99miyy%c9%99t-k%c9%99sb-edir","status":"publish","type":"post","link":"https:\/\/arantv.az\/?p=501470","title":{"rendered":"Da\u015fk\u0259nd B\u0259yannam\u0259si: \u201cB\u0259rpa prosesind\u0259 Az\u0259rbaycana k\u00f6m\u0259k m\u00fch\u00fcm \u0259h\u0259miyy\u0259t k\u0259sb edir\u201d"},"content":{"rendered":"<p>\u201cDa\u015fk\u0259nd B\u0259yannam\u0259si Az\u0259rbaycan\u0131n postm\u00fcnaqi\u015f\u0259 d\u00f6vr\u00fcnd\u0259ki b\u0259rpa prosesind\u0259 \u0259razil\u0259rin b\u0259rpas\u0131 istiqam\u0259tind\u0259 s\u0259yl\u0259rin\u0259 d\u0259st\u0259k g\u00f6st\u0259rilm\u0259sinin vacibliyini vur\u011fulay\u0131r\u201d.<\/p>\n<div class=\"AdviadNativeVideo\"><\/div>\n<p><strong>ARANTV.AZ<\/strong> x\u0259b\u0259r verir ki, bu bar\u0259d\u0259 bu g\u00fcn Da\u015fk\u0259ndd\u0259 ke\u00e7iril\u0259n \u00d6zb\u0259kistan, Az\u0259rbaycan v\u0259 T\u00fcrkiy\u0259 nazirl\u0259rinin \u00fc\u00e7t\u0259r\u0259fli g\u00f6r\u00fc\u015f\u00fcn\u00fcn yekunlar\u0131na dair imzalanm\u0131\u015f Da\u015fk\u0259nd B\u0259yannam\u0259sinin m\u0259tnind\u0259 deyilir.<\/p>\n<p>\u201cT\u0259r\u0259fl\u0259r Az\u0259rbaycan Respublikas\u0131n\u0131n Qaraba\u011f v\u0259 \u015e\u0259rqi Z\u0259ng\u0259zur regionlar\u0131na investisiya yat\u0131rmaqla Az\u0259rbaycan\u0131n postm\u00fcnaqi\u015f\u0259 d\u00f6vr\u00fcnd\u0259ki b\u0259rpa, yenid\u0259nqurma v\u0259 reinteqrasiya prosesind\u0259 \u0259razil\u0259rin b\u0259rpas\u0131 istiqam\u0259tind\u0259 s\u0259yl\u0259rin\u0259 d\u0259st\u0259k g\u00f6st\u0259rilm\u0259sinin vacibliyini vur\u011fulay\u0131rlar. Az\u0259rbaycan t\u0259r\u0259fi T\u00fcrkiy\u0259 v\u0259 \u00d6zb\u0259kistan \u015firk\u0259tl\u0259rinin Az\u0259rbaycan\u0131n i\u015f\u011faldan azad edilmi\u015f \u0259razil\u0259rind\u0259 b\u0259rpa v\u0259 yenid\u0259nqurma \u00fczr\u0259 infrastruktur layih\u0259l\u0259rind\u0259 i\u015fl\u0259rind\u0259 i\u015ftirak\u0131n\u0131 y\u00fcks\u0259k qiym\u0259tl\u0259ndirir\u201d, &#8211; b\u0259yannam\u0259d\u0259 deyilir.<\/p>\n<p>Bundan ba\u015fqa, t\u0259r\u0259fl\u0259r beyn\u0259lxalq n\u0259qliyyat \u0259laq\u0259l\u0259rinin geni\u015fl\u0259ndirilm\u0259si \u00fc\u00e7\u00fcn \u015e\u0259rqi Z\u0259ng\u0259zur\u00a0v\u0259 Az\u0259rbaycan\u0131n Nax\u00e7\u0131van Muxtar Respublikas\u0131n\u0131 birl\u0259\u015fdir\u0259n Z\u0259ng\u0259zur d\u0259hlizinin a\u00e7\u0131lmas\u0131n\u0131n vacibliyini vur\u011fulay\u0131r.<\/p>\n","protected":false},"excerpt":{"rendered":"<p>\u201cDa\u015fk\u0259nd B\u0259yannam\u0259si Az\u0259rbaycan\u0131n postm\u00fcnaqi\u015f\u0259 d\u00f6vr\u00fcnd\u0259ki b\u0259rpa prosesind\u0259 \u0259razil\u0259rin b\u0259rpas\u0131 istiqam\u0259tind\u0259 s\u0259yl\u0259rin\u0259 d\u0259st\u0259k g\u00f6st\u0259rilm\u0259sinin vacibliyini vur\u011fulay\u0131r\u201d. ARANTV.AZ x\u0259b\u0259r verir ki, bu bar\u0259d\u0259 bu g\u00fcn Da\u015fk\u0259ndd\u0259 ke\u00e7iril\u0259n \u00d6zb\u0259kistan, Az\u0259rbaycan v\u0259 T\u00fcrkiy\u0259 nazirl\u0259rinin \u00fc\u00e7t\u0259r\u0259fli g\u00f6r\u00fc\u015f\u00fcn\u00fcn yekunlar\u0131na dair imzalanm\u0131\u015f Da\u015fk\u0259nd B\u0259yannam\u0259sinin m\u0259tnind\u0259 deyilir. \u201cT\u0259r\u0259fl\u0259r Az\u0259rbaycan Respublikas\u0131n\u0131n Qaraba\u011f v\u0259 \u015e\u0259rqi Z\u0259ng\u0259zur regionlar\u0131na investisiya yat\u0131rmaqla Az\u0259rbaycan\u0131n postm\u00fcnaqi\u015f\u0259 d\u00f6vr\u00fcnd\u0259ki b\u0259rpa, yenid\u0259nqurma v\u0259 reinteqrasiya prosesind\u0259 \u0259razil\u0259rin b\u0259rpas\u0131 istiqam\u0259tind\u0259 s\u0259yl\u0259rin\u0259 d\u0259st\u0259k g\u00f6st\u0259rilm\u0259sinin vacibliyini vur\u011fulay\u0131rlar. Az\u0259rbaycan t\u0259r\u0259fi T\u00fcrkiy\u0259 v\u0259 \u00d6zb\u0259kistan \u015firk\u0259tl\u0259rinin Az\u0259rbaycan\u0131n i\u015f\u011faldan azad edilmi\u015f \u0259razil\u0259rind\u0259 b\u0259rpa v\u0259 yenid\u0259nqurma \u00fczr\u0259 infrastruktur layih\u0259l\u0259rind\u0259 i\u015fl\u0259rind\u0259 i\u015ftirak\u0131n\u0131 y\u00fcks\u0259k qiym\u0259tl\u0259ndirir\u201d, &#8211; b\u0259yannam\u0259d\u0259 deyilir. Bundan&hellip;<\/p>\n","protected":false},"author":2,"featured_media":501471,"comment_status":"closed","ping_status":"closed","sticky":false,"template":"","format":"standard","meta":{"om_disable_all_campaigns":false,"_monsterinsights_skip_tracking":false,"_monsterinsights_sitenote_active":false,"_monsterinsights_sitenote_note":"","_monsterinsights_sitenote_category":0},"categories":[4],"tags":[],"aioseo_notices":[],"gutentor_comment":0,"rttpg_featured_image_url":{"full":["https:\/\/arantv.az\/wp-content\/uploads\/2022\/08\/fg.jpg",620,413,false],"landscape":["https:\/\/arantv.az\/wp-content\/uploads\/2022\/08\/fg.jpg",620,413,false],"portraits":["https:\/\/arantv.az\/wp-content\/uploads\/2022\/08\/fg.jpg",620,413,false],"thumbnail":["https:\/\/arantv.az\/wp-content\/uploads\/2022\/08\/fg-500x280.jpg",500,280,true],"medium":["https:\/\/arantv.az\/wp-content\/uploads\/2022\/08\/fg-548x365.jpg",548,365,true],"large":["https:\/\/arantv.az\/wp-content\/uploads\/2022\/08\/fg.jpg",620,413,false],"1536x1536":["https:\/\/arantv.az\/wp-content\/uploads\/2022\/08\/fg.jpg",620,413,false],"2048x2048":["https:\/\/arantv.az\/wp-content\/uploads\/2022\/08\/fg.jpg",620,413,false],"post-thumbnail":["https:\/\/arantv.az\/wp-content\/uploads\/2022\/08\/fg-240x172.jpg",240,172,true],"advps-thumb-one":["https:\/\/arantv.az\/wp-content\/uploads\/2022\/08\/fg.jpg",620,413,false]},"rttpg_author":{"display_name":"V\u00fcsal Rafiqo\u011flu","author_link":"https:\/\/arantv.az\/?author=2"},"rttpg_comment":0,"rttpg_category":"<a href=\"https:\/\/arantv.az\/?cat=4\" rel=\"category\">Siyas\u0259t<\/a>","rttpg_excerpt":"\u201cDa\u015fk\u0259nd B\u0259yannam\u0259si Az\u0259rbaycan\u0131n postm\u00fcnaqi\u015f\u0259 d\u00f6vr\u00fcnd\u0259ki b\u0259rpa prosesind\u0259 \u0259razil\u0259rin b\u0259rpas\u0131 istiqam\u0259tind\u0259 s\u0259yl\u0259rin\u0259 d\u0259st\u0259k g\u00f6st\u0259rilm\u0259sinin vacibliyini vur\u011fulay\u0131r\u201d. ARANTV.AZ x\u0259b\u0259r verir ki, bu bar\u0259d\u0259 bu g\u00fcn Da\u015fk\u0259ndd\u0259 ke\u00e7iril\u0259n \u00d6zb\u0259kistan, Az\u0259rbaycan v\u0259 T\u00fcrkiy\u0259 nazirl\u0259rinin \u00fc\u00e7t\u0259r\u0259fli g\u00f6r\u00fc\u015f\u00fcn\u00fcn yekunlar\u0131na dair imzalanm\u0131\u015f Da\u015fk\u0259nd B\u0259yannam\u0259sinin m\u0259tnind\u0259 deyilir. \u201cT\u0259r\u0259fl\u0259r Az\u0259rbaycan Respublikas\u0131n\u0131n Qaraba\u011f v\u0259 \u015e\u0259rqi Z\u0259ng\u0259zur regionlar\u0131na investisiya yat\u0131rmaqla Az\u0259rbaycan\u0131n postm\u00fcnaqi\u015f\u0259 d\u00f6vr\u00fcnd\u0259ki b\u0259rpa, yenid\u0259nqurma v\u0259&hellip;","_links":{"self":[{"href":"https:\/\/arantv.az\/index.php?rest_route=\/wp\/v2\/posts\/501470"}],"collection":[{"href":"https:\/\/arantv.az\/index.php?rest_route=\/wp\/v2\/posts"}],"about":[{"href":"https:\/\/arantv.az\/index.php?rest_route=\/wp\/v2\/types\/post"}],"author":[{"embeddable":true,"href":"https:\/\/arantv.az\/index.php?rest_route=\/wp\/v2\/users\/2"}],"replies":[{"embeddable":true,"href":"https:\/\/arantv.az\/index.php?rest_route=%2Fwp%2Fv2%2Fcomments&post=501470"}],"version-history":[{"count":0,"href":"https:\/\/arantv.az\/index.php?rest_route=\/wp\/v2\/posts\/501470\/revisions"}],"wp:featuredmedia":[{"embeddable":true,"href":"https:\/\/arantv.az\/index.php?rest_route=\/wp\/v2\/media\/501471"}],"wp:attachment":[{"href":"https:\/\/arantv.az\/index.php?rest_route=%2Fwp%2Fv2%2Fmedia&parent=501470"}],"wp:term":[{"taxonomy":"category","embeddable":true,"href":"https:\/\/arantv.az\/index.php?rest_route=%2Fwp%2Fv2%2Fcategories&post=501470"},{"taxonomy":"post_tag","embeddable":true,"href":"https:\/\/arantv.az\/index.php?rest_route=%2Fwp%2Fv2%2Ftags&post=501470"}],"curies":[{"name":"wp","href":"https:\/\/api.w.org\/{rel}","templated":true}]}}