{"id":501477,"date":"2022-08-02T16:07:09","date_gmt":"2022-08-02T13:07:09","guid":{"rendered":"https:\/\/arantv.az\/?p=501477"},"modified":"2022-08-02T16:07:09","modified_gmt":"2022-08-02T13:07:09","slug":"birinci-qarabag-muharib%c9%99si-%c9%99lill%c9%99rin%c9%99-bird%c9%99f%c9%99lik-od%c9%99m%c9%99l%c9%99rin-verilm%c9%99sin%c9%99-dair-m%c9%99tbuat-konfransi-kecirildi","status":"publish","type":"post","link":"https:\/\/arantv.az\/?p=501477","title":{"rendered":"Birinci Qaraba\u011f m\u00fcharib\u0259si \u0259lill\u0259rin\u0259 bird\u0259f\u0259lik \u00f6d\u0259m\u0259l\u0259rin verilm\u0259sin\u0259 dair m\u0259tbuat konfrans\u0131 ke\u00e7irildi"},"content":{"rendered":"<p>\u00d6lk\u0259mizd\u0259 yeni sosial d\u0259st\u0259k proqram\u0131na &#8211; Birinci Qaraba\u011f m\u00fcharib\u0259si \u0259lill\u0259rin\u0259 bird\u0259f\u0259lik \u00f6d\u0259m\u0259l\u0259rin verilm\u0259sin\u0259\u00a0 ba\u015flanmas\u0131 il\u0259 \u0259laq\u0259dar \u018fm\u0259k v\u0259 \u018fhalinin Sosial M\u00fcdafi\u0259si Nazirliyinin tabeliyind\u0259ki D\u00f6vl\u0259t Sosial M\u00fcdafi\u0259 Fondunda m\u0259tbuat konfrans\u0131 ke\u00e7irilib.<\/p>\n<p>Nazirliyin m\u0259tbuat xidm\u0259tind\u0259n veril\u0259n m\u0259lumata g\u00f6r\u0259, Fondun \u0130dar\u0259 Hey\u0259tinin s\u0259dri Himalay M\u0259mi\u015fov Birinci Qaraba\u011f m\u00fcharib\u0259si \u0259lill\u0259rinin bird\u0259f\u0259lik \u00f6d\u0259m\u0259 il\u0259 t\u0259minat\u0131n\u0131n Prezident\u00a0<strong>\u0130lham \u018fliyev<\/strong>in m\u00fcharib\u0259 \u0259lill\u0259rin\u0259 x\u00fcsusi qay\u011f\u0131s\u0131n\u0131n n\u00f6vb\u0259ti t\u0259zah\u00fcr\u00fc oldu\u011funu vur\u011fulay\u0131b. O, Nazirl\u0259r Kabinetinin yeni t\u0259sdiql\u0259diyi Qaydaya uy\u011fun \u015f\u0259kild\u0259 bu g\u00fcnd\u0259n h\u0259min \u00f6d\u0259m\u0259l\u0259rin t\u0259yinat\u0131na ba\u015fland\u0131\u011f\u0131n\u0131 deyib.<\/p>\n<p>1997-ci il avqustun 2-d\u0259k h\u0259rbi xidm\u0259td\u0259 olark\u0259n ald\u0131\u011f\u0131 x\u0259sar\u0259t n\u0259tic\u0259sind\u0259 \u0259lilliyi m\u00fc\u0259yy\u0259n edilmi\u015f v\u0259 h\u0259min d\u00f6vr\u0259d\u0259k h\u0259rbi xidm\u0259td\u0259 x\u0259sar\u0259t almas\u0131 bar\u0259d\u0259 m\u0259lumatlar\u0131 aidiyy\u0259ti qurumlar t\u0259r\u0259find\u0259n m\u00fcvafiq elektron sistem\u0259 daxil edilmi\u015f, o c\u00fcml\u0259d\u0259n s\u0131\u011forta \u00f6d\u0259ni\u015fi almas\u0131 \u00fc\u00e7\u00fcn m\u0259hk\u0259m\u0259 q\u0259tnam\u0259si olan h\u0259rbi qulluq\u00e7ular v\u0259 daxili i\u015fl\u0259r orqanlar\u0131 \u0259m\u0259kda\u015flar\u0131ndan ibar\u0259t olan v\u0259 s\u0259n\u0259dl\u0259ri e-sistemd\u0259 olan 11 min\u0259d\u0259k m\u00fcharib\u0259 \u0259lilin\u0259 proaktiv qaydada (he\u00e7 bir quruma m\u00fcraci\u0259t etm\u0259d\u0259n v\u0259 s\u0259n\u0259d t\u0259qdim olunmadan) \u00f6d\u0259m\u0259 t\u0259yin olunaraq bank hesablar\u0131na k\u00f6\u00e7\u00fcr\u00fcld\u00fcy\u00fc bildirilib.<\/p>\n<p>H.M\u0259mi\u015fov bird\u0259f\u0259lik \u00f6d\u0259m\u0259 il\u0259 t\u0259minat mexanizmin\u0259 dair m\u0259lumat verib.<\/p>\n","protected":false},"excerpt":{"rendered":"<p>\u00d6lk\u0259mizd\u0259 yeni sosial d\u0259st\u0259k proqram\u0131na &#8211; Birinci Qaraba\u011f m\u00fcharib\u0259si \u0259lill\u0259rin\u0259 bird\u0259f\u0259lik \u00f6d\u0259m\u0259l\u0259rin verilm\u0259sin\u0259\u00a0 ba\u015flanmas\u0131 il\u0259 \u0259laq\u0259dar \u018fm\u0259k v\u0259 \u018fhalinin Sosial M\u00fcdafi\u0259si Nazirliyinin tabeliyind\u0259ki D\u00f6vl\u0259t Sosial M\u00fcdafi\u0259 Fondunda m\u0259tbuat konfrans\u0131 ke\u00e7irilib. Nazirliyin m\u0259tbuat xidm\u0259tind\u0259n veril\u0259n m\u0259lumata g\u00f6r\u0259, Fondun \u0130dar\u0259 Hey\u0259tinin s\u0259dri Himalay M\u0259mi\u015fov Birinci Qaraba\u011f m\u00fcharib\u0259si \u0259lill\u0259rinin bird\u0259f\u0259lik \u00f6d\u0259m\u0259 il\u0259 t\u0259minat\u0131n\u0131n Prezident\u00a0\u0130lham \u018fliyevin m\u00fcharib\u0259 \u0259lill\u0259rin\u0259 x\u00fcsusi qay\u011f\u0131s\u0131n\u0131n n\u00f6vb\u0259ti t\u0259zah\u00fcr\u00fc oldu\u011funu vur\u011fulay\u0131b. O, Nazirl\u0259r Kabinetinin yeni t\u0259sdiql\u0259diyi Qaydaya uy\u011fun \u015f\u0259kild\u0259 bu g\u00fcnd\u0259n h\u0259min \u00f6d\u0259m\u0259l\u0259rin t\u0259yinat\u0131na ba\u015fland\u0131\u011f\u0131n\u0131 deyib. 1997-ci il avqustun 2-d\u0259k h\u0259rbi xidm\u0259td\u0259 olark\u0259n ald\u0131\u011f\u0131 x\u0259sar\u0259t n\u0259tic\u0259sind\u0259 \u0259lilliyi m\u00fc\u0259yy\u0259n edilmi\u015f v\u0259 h\u0259min&hellip;<\/p>\n","protected":false},"author":2,"featured_media":501478,"comment_status":"closed","ping_status":"closed","sticky":false,"template":"","format":"standard","meta":{"om_disable_all_campaigns":false,"_monsterinsights_skip_tracking":false,"_monsterinsights_sitenote_active":false,"_monsterinsights_sitenote_note":"","_monsterinsights_sitenote_category":0},"categories":[19],"tags":[],"aioseo_notices":[],"gutentor_comment":0,"rttpg_featured_image_url":{"full":["https:\/\/arantv.az\/wp-content\/uploads\/2022\/08\/296610149_724181815311924_1458561574458787393_n.jpg",620,413,false],"landscape":["https:\/\/arantv.az\/wp-content\/uploads\/2022\/08\/296610149_724181815311924_1458561574458787393_n.jpg",620,413,false],"portraits":["https:\/\/arantv.az\/wp-content\/uploads\/2022\/08\/296610149_724181815311924_1458561574458787393_n.jpg",620,413,false],"thumbnail":["https:\/\/arantv.az\/wp-content\/uploads\/2022\/08\/296610149_724181815311924_1458561574458787393_n-500x280.jpg",500,280,true],"medium":["https:\/\/arantv.az\/wp-content\/uploads\/2022\/08\/296610149_724181815311924_1458561574458787393_n-548x365.jpg",548,365,true],"large":["https:\/\/arantv.az\/wp-content\/uploads\/2022\/08\/296610149_724181815311924_1458561574458787393_n.jpg",620,413,false],"1536x1536":["https:\/\/arantv.az\/wp-content\/uploads\/2022\/08\/296610149_724181815311924_1458561574458787393_n.jpg",620,413,false],"2048x2048":["https:\/\/arantv.az\/wp-content\/uploads\/2022\/08\/296610149_724181815311924_1458561574458787393_n.jpg",620,413,false],"post-thumbnail":["https:\/\/arantv.az\/wp-content\/uploads\/2022\/08\/296610149_724181815311924_1458561574458787393_n-240x172.jpg",240,172,true],"advps-thumb-one":["https:\/\/arantv.az\/wp-content\/uploads\/2022\/08\/296610149_724181815311924_1458561574458787393_n.jpg",620,413,false]},"rttpg_author":{"display_name":"V\u00fcsal Rafiqo\u011flu","author_link":"https:\/\/arantv.az\/?author=2"},"rttpg_comment":0,"rttpg_category":"<a href=\"https:\/\/arantv.az\/?cat=19\" rel=\"category\">G\u00fcnd\u0259m<\/a>","rttpg_excerpt":"\u00d6lk\u0259mizd\u0259 yeni sosial d\u0259st\u0259k proqram\u0131na &#8211; Birinci Qaraba\u011f m\u00fcharib\u0259si \u0259lill\u0259rin\u0259 bird\u0259f\u0259lik \u00f6d\u0259m\u0259l\u0259rin verilm\u0259sin\u0259\u00a0 ba\u015flanmas\u0131 il\u0259 \u0259laq\u0259dar \u018fm\u0259k v\u0259 \u018fhalinin Sosial M\u00fcdafi\u0259si Nazirliyinin tabeliyind\u0259ki D\u00f6vl\u0259t Sosial M\u00fcdafi\u0259 Fondunda m\u0259tbuat konfrans\u0131 ke\u00e7irilib. Nazirliyin m\u0259tbuat xidm\u0259tind\u0259n veril\u0259n m\u0259lumata g\u00f6r\u0259, Fondun \u0130dar\u0259 Hey\u0259tinin s\u0259dri Himalay M\u0259mi\u015fov Birinci Qaraba\u011f m\u00fcharib\u0259si \u0259lill\u0259rinin bird\u0259f\u0259lik \u00f6d\u0259m\u0259 il\u0259 t\u0259minat\u0131n\u0131n Prezident\u00a0\u0130lham \u018fliyevin m\u00fcharib\u0259 \u0259lill\u0259rin\u0259 x\u00fcsusi&hellip;","_links":{"self":[{"href":"https:\/\/arantv.az\/index.php?rest_route=\/wp\/v2\/posts\/501477"}],"collection":[{"href":"https:\/\/arantv.az\/index.php?rest_route=\/wp\/v2\/posts"}],"about":[{"href":"https:\/\/arantv.az\/index.php?rest_route=\/wp\/v2\/types\/post"}],"author":[{"embeddable":true,"href":"https:\/\/arantv.az\/index.php?rest_route=\/wp\/v2\/users\/2"}],"replies":[{"embeddable":true,"href":"https:\/\/arantv.az\/index.php?rest_route=%2Fwp%2Fv2%2Fcomments&post=501477"}],"version-history":[{"count":0,"href":"https:\/\/arantv.az\/index.php?rest_route=\/wp\/v2\/posts\/501477\/revisions"}],"wp:featuredmedia":[{"embeddable":true,"href":"https:\/\/arantv.az\/index.php?rest_route=\/wp\/v2\/media\/501478"}],"wp:attachment":[{"href":"https:\/\/arantv.az\/index.php?rest_route=%2Fwp%2Fv2%2Fmedia&parent=501477"}],"wp:term":[{"taxonomy":"category","embeddable":true,"href":"https:\/\/arantv.az\/index.php?rest_route=%2Fwp%2Fv2%2Fcategories&post=501477"},{"taxonomy":"post_tag","embeddable":true,"href":"https:\/\/arantv.az\/index.php?rest_route=%2Fwp%2Fv2%2Ftags&post=501477"}],"curies":[{"name":"wp","href":"https:\/\/api.w.org\/{rel}","templated":true}]}}