{"id":501526,"date":"2022-08-02T18:22:26","date_gmt":"2022-08-02T15:22:26","guid":{"rendered":"https:\/\/arantv.az\/?p=501526"},"modified":"2022-08-02T18:22:26","modified_gmt":"2022-08-02T15:22:26","slug":"az%c9%99rbaycanin-illik-su-t%c9%99s%c9%99rrufati-balansi-t%c9%99sdiql%c9%99ndi","status":"publish","type":"post","link":"https:\/\/arantv.az\/?p=501526","title":{"rendered":"Az\u0259rbaycan\u0131n illik su t\u0259s\u0259rr\u00fcfat\u0131 balans\u0131 t\u0259sdiql\u0259ndi"},"content":{"rendered":"<p>&nbsp;<\/p>\n<p>\u00d6lk\u0259 \u00fczr\u0259 2021-ci il \u00fc\u00e7\u00fcn illik su t\u0259s\u0259rr\u00fcfat balans\u0131 t\u0259sdiql\u0259nib.<\/p>\n<p>&nbsp;<\/p>\n<p>Ekologiya v\u0259 T\u0259bii S\u0259rv\u0259tl\u0259r Nazirliyinin Su Ehtiyatlar\u0131n\u0131n \u0130dar\u0259 Edilm\u0259si \u015f\u00f6b\u0259sinin m\u00fcdiri M\u00fct\u0259llim \u018fbd\u00fclh\u0259s\u0259nov\u00a0Oxu.Az-a bildirib ki, illik su t\u0259s\u0259rr\u00fcfat\u0131 balans\u0131 su obyektl\u0259rind\u0259 su ehtiyatlar\u0131n\u0131n m\u00f6vcudlu\u011funun v\u0259 onlardan istifad\u0259 d\u0259r\u0259c\u0259sinin qiym\u0259tl\u0259ndirilm\u0259si m\u0259qs\u0259di da\u015f\u0131y\u0131r:<\/p>\n<p>&nbsp;<\/p>\n<p>\u201cRespublika \u00fczr\u0259 illik su t\u0259s\u0259rr\u00fcfat\u0131 balans\u0131 son \u00fc\u00e7 ilin faktiki m\u0259lumatlar\u0131, cari ilin g\u00f6zl\u0259nil\u0259n, n\u00f6vb\u0259ti ilin is\u0259 r\u00fcbl\u00fck v\u0259 illik proqnoz g\u00f6st\u0259ricil\u0259ri \u0259sas\u0131nda t\u0259rtib edilir\u201d.<\/p>\n<p>&nbsp;<\/p>\n<p>M.\u018fbd\u00fclh\u0259s\u0259novun s\u00f6zl\u0259rin\u0259 g\u00f6r\u0259, torpaqlar\u0131m\u0131z\u0131n i\u015f\u011faldan azad olunmas\u0131 n\u0259tic\u0259sind\u0259 art\u0131q iki ildir ki, \u00f6lk\u0259 \u00fczr\u0259 illik su t\u0259s\u0259rr\u00fcfat\u0131 balans\u0131nda Qaraba\u011f\u0131n v\u0259 \u015e\u0259rqi Z\u0259ng\u0259zurun su ehtiyatlar\u0131 haqq\u0131nda m\u0259lumatlar da \u00f6z \u0259ksini tap\u0131b.<\/p>\n<p>&nbsp;<\/p>\n<p>Nazirlik r\u0259smisi onu da bildirib ki, respublika \u00fczr\u0259 illik su t\u0259s\u0259rr\u00fcfat\u0131 balans\u0131 su t\u0259s\u0259rr\u00fcfat\u0131 sah\u0259sind\u0259 m\u00fcasir informasiya sisteminin yarad\u0131lmas\u0131na m\u00fch\u00fcm d\u0259st\u0259kdir.<\/p>\n<p>&nbsp;<\/p>\n<p>&nbsp;<\/p>\n","protected":false},"excerpt":{"rendered":"<p>&nbsp; \u00d6lk\u0259 \u00fczr\u0259 2021-ci il \u00fc\u00e7\u00fcn illik su t\u0259s\u0259rr\u00fcfat balans\u0131 t\u0259sdiql\u0259nib. &nbsp; Ekologiya v\u0259 T\u0259bii S\u0259rv\u0259tl\u0259r Nazirliyinin Su Ehtiyatlar\u0131n\u0131n \u0130dar\u0259 Edilm\u0259si \u015f\u00f6b\u0259sinin m\u00fcdiri M\u00fct\u0259llim \u018fbd\u00fclh\u0259s\u0259nov\u00a0Oxu.Az-a bildirib ki, illik su t\u0259s\u0259rr\u00fcfat\u0131 balans\u0131 su obyektl\u0259rind\u0259 su ehtiyatlar\u0131n\u0131n m\u00f6vcudlu\u011funun v\u0259 onlardan istifad\u0259 d\u0259r\u0259c\u0259sinin qiym\u0259tl\u0259ndirilm\u0259si m\u0259qs\u0259di da\u015f\u0131y\u0131r: &nbsp; \u201cRespublika \u00fczr\u0259 illik su t\u0259s\u0259rr\u00fcfat\u0131 balans\u0131 son \u00fc\u00e7 ilin faktiki m\u0259lumatlar\u0131, cari ilin g\u00f6zl\u0259nil\u0259n, n\u00f6vb\u0259ti ilin is\u0259 r\u00fcbl\u00fck v\u0259 illik proqnoz g\u00f6st\u0259ricil\u0259ri \u0259sas\u0131nda t\u0259rtib edilir\u201d. &nbsp; M.\u018fbd\u00fclh\u0259s\u0259novun s\u00f6zl\u0259rin\u0259 g\u00f6r\u0259, torpaqlar\u0131m\u0131z\u0131n i\u015f\u011faldan azad olunmas\u0131 n\u0259tic\u0259sind\u0259 art\u0131q iki ildir ki, \u00f6lk\u0259 \u00fczr\u0259 illik su t\u0259s\u0259rr\u00fcfat\u0131 balans\u0131nda Qaraba\u011f\u0131n v\u0259&hellip;<\/p>\n","protected":false},"author":2,"featured_media":501527,"comment_status":"closed","ping_status":"closed","sticky":false,"template":"","format":"standard","meta":{"om_disable_all_campaigns":false,"_monsterinsights_skip_tracking":false,"_monsterinsights_sitenote_active":false,"_monsterinsights_sitenote_note":"","_monsterinsights_sitenote_category":0},"categories":[1],"tags":[],"aioseo_notices":[],"gutentor_comment":0,"rttpg_featured_image_url":{"full":["https:\/\/arantv.az\/wp-content\/uploads\/2022\/08\/qjXKkVAts6az43pPTNsApRyVijPMkk68ZcinvrsM.jpg",620,413,false],"landscape":["https:\/\/arantv.az\/wp-content\/uploads\/2022\/08\/qjXKkVAts6az43pPTNsApRyVijPMkk68ZcinvrsM.jpg",620,413,false],"portraits":["https:\/\/arantv.az\/wp-content\/uploads\/2022\/08\/qjXKkVAts6az43pPTNsApRyVijPMkk68ZcinvrsM.jpg",620,413,false],"thumbnail":["https:\/\/arantv.az\/wp-content\/uploads\/2022\/08\/qjXKkVAts6az43pPTNsApRyVijPMkk68ZcinvrsM-500x280.jpg",500,280,true],"medium":["https:\/\/arantv.az\/wp-content\/uploads\/2022\/08\/qjXKkVAts6az43pPTNsApRyVijPMkk68ZcinvrsM-548x365.jpg",548,365,true],"large":["https:\/\/arantv.az\/wp-content\/uploads\/2022\/08\/qjXKkVAts6az43pPTNsApRyVijPMkk68ZcinvrsM.jpg",620,413,false],"1536x1536":["https:\/\/arantv.az\/wp-content\/uploads\/2022\/08\/qjXKkVAts6az43pPTNsApRyVijPMkk68ZcinvrsM.jpg",620,413,false],"2048x2048":["https:\/\/arantv.az\/wp-content\/uploads\/2022\/08\/qjXKkVAts6az43pPTNsApRyVijPMkk68ZcinvrsM.jpg",620,413,false],"post-thumbnail":["https:\/\/arantv.az\/wp-content\/uploads\/2022\/08\/qjXKkVAts6az43pPTNsApRyVijPMkk68ZcinvrsM-240x172.jpg",240,172,true],"advps-thumb-one":["https:\/\/arantv.az\/wp-content\/uploads\/2022\/08\/qjXKkVAts6az43pPTNsApRyVijPMkk68ZcinvrsM.jpg",620,413,false]},"rttpg_author":{"display_name":"V\u00fcsal Rafiqo\u011flu","author_link":"https:\/\/arantv.az\/?author=2"},"rttpg_comment":0,"rttpg_category":"<a href=\"https:\/\/arantv.az\/?cat=1\" rel=\"category\">C\u0259miyy\u0259t<\/a>","rttpg_excerpt":"&nbsp; \u00d6lk\u0259 \u00fczr\u0259 2021-ci il \u00fc\u00e7\u00fcn illik su t\u0259s\u0259rr\u00fcfat balans\u0131 t\u0259sdiql\u0259nib. &nbsp; Ekologiya v\u0259 T\u0259bii S\u0259rv\u0259tl\u0259r Nazirliyinin Su Ehtiyatlar\u0131n\u0131n \u0130dar\u0259 Edilm\u0259si \u015f\u00f6b\u0259sinin m\u00fcdiri M\u00fct\u0259llim \u018fbd\u00fclh\u0259s\u0259nov\u00a0Oxu.Az-a bildirib ki, illik su t\u0259s\u0259rr\u00fcfat\u0131 balans\u0131 su obyektl\u0259rind\u0259 su ehtiyatlar\u0131n\u0131n m\u00f6vcudlu\u011funun v\u0259 onlardan istifad\u0259 d\u0259r\u0259c\u0259sinin qiym\u0259tl\u0259ndirilm\u0259si m\u0259qs\u0259di da\u015f\u0131y\u0131r: &nbsp; \u201cRespublika \u00fczr\u0259 illik su t\u0259s\u0259rr\u00fcfat\u0131 balans\u0131 son \u00fc\u00e7 ilin faktiki m\u0259lumatlar\u0131,&hellip;","_links":{"self":[{"href":"https:\/\/arantv.az\/index.php?rest_route=\/wp\/v2\/posts\/501526"}],"collection":[{"href":"https:\/\/arantv.az\/index.php?rest_route=\/wp\/v2\/posts"}],"about":[{"href":"https:\/\/arantv.az\/index.php?rest_route=\/wp\/v2\/types\/post"}],"author":[{"embeddable":true,"href":"https:\/\/arantv.az\/index.php?rest_route=\/wp\/v2\/users\/2"}],"replies":[{"embeddable":true,"href":"https:\/\/arantv.az\/index.php?rest_route=%2Fwp%2Fv2%2Fcomments&post=501526"}],"version-history":[{"count":0,"href":"https:\/\/arantv.az\/index.php?rest_route=\/wp\/v2\/posts\/501526\/revisions"}],"wp:featuredmedia":[{"embeddable":true,"href":"https:\/\/arantv.az\/index.php?rest_route=\/wp\/v2\/media\/501527"}],"wp:attachment":[{"href":"https:\/\/arantv.az\/index.php?rest_route=%2Fwp%2Fv2%2Fmedia&parent=501526"}],"wp:term":[{"taxonomy":"category","embeddable":true,"href":"https:\/\/arantv.az\/index.php?rest_route=%2Fwp%2Fv2%2Fcategories&post=501526"},{"taxonomy":"post_tag","embeddable":true,"href":"https:\/\/arantv.az\/index.php?rest_route=%2Fwp%2Fv2%2Ftags&post=501526"}],"curies":[{"name":"wp","href":"https:\/\/api.w.org\/{rel}","templated":true}]}}