{"id":501533,"date":"2022-08-02T19:45:35","date_gmt":"2022-08-02T16:45:35","guid":{"rendered":"https:\/\/arantv.az\/?p=501533"},"modified":"2022-08-02T19:45:35","modified_gmt":"2022-08-02T16:45:35","slug":"yap-in-salyan-t%c9%99skilatinin-s%c9%99dr-muavini-yol-q%c9%99zasinda-olub","status":"publish","type":"post","link":"https:\/\/arantv.az\/?p=501533","title":{"rendered":"YAP-\u0131n Salyan t\u0259\u015fkilat\u0131n\u0131n s\u0259dr m\u00fcavini yol q\u0259zas\u0131nda \u00f6l\u00fcb"},"content":{"rendered":"<p>Sabirabad rayonunda \u00f6l\u00fcml\u0259 n\u0259tic\u0259l\u0259n\u0259n z\u0259ncirvar\u0131 yol q\u0259zas\u0131 ba\u015f verib.<\/p>\n<div class=\"AdviadNativeVideo\"><\/div>\n<p>APA x\u0259b\u0259r verir ki, hadis\u0259 Sabirabad\u0131n Qarag\u00fcney k\u0259ndind\u0259, \u015eirvan-Salyan magistral\u0131nda qeyd\u0259 al\u0131n\u0131b.<\/p>\n<p>\u201cMercedes\u201d markal\u0131 minik v\u0259 y\u00fck ma\u015f\u0131nlar\u0131n\u0131n, \u201cVAZ-2107\u201d markal\u0131 minik avtomobilinin toqqu\u015fmas\u0131 n\u0259tic\u0259sind\u0259 Fazil Sabir o\u011flu M\u0259h\u0259rr\u0259mov hadis\u0259 yerind\u0259 \u00f6l\u00fcb, 6 n\u0259f\u0259rin x\u0259sar\u0259t al\u0131b.<\/p>\n<p>X\u0259sar\u0259t alanlar \u015eirvan \u015f\u0259h\u0259r x\u0259st\u0259xanas\u0131na yerl\u0259\u015fdirilib.<\/p>\n<p>Qeyd ed\u0259 ki, Fazil Sabir o\u011flu M\u0259h\u0259rr\u0259mov YAP Salyan rayon t\u0259\u015fkilat\u0131n\u0131n s\u0259dr m\u00fcavini v\u0259zif\u0259sind\u0259 i\u015fl\u0259yib.<\/p>\n","protected":false},"excerpt":{"rendered":"<p>Sabirabad rayonunda \u00f6l\u00fcml\u0259 n\u0259tic\u0259l\u0259n\u0259n z\u0259ncirvar\u0131 yol q\u0259zas\u0131 ba\u015f verib. APA x\u0259b\u0259r verir ki, hadis\u0259 Sabirabad\u0131n Qarag\u00fcney k\u0259ndind\u0259, \u015eirvan-Salyan magistral\u0131nda qeyd\u0259 al\u0131n\u0131b. \u201cMercedes\u201d markal\u0131 minik v\u0259 y\u00fck ma\u015f\u0131nlar\u0131n\u0131n, \u201cVAZ-2107\u201d markal\u0131 minik avtomobilinin toqqu\u015fmas\u0131 n\u0259tic\u0259sind\u0259 Fazil Sabir o\u011flu M\u0259h\u0259rr\u0259mov hadis\u0259 yerind\u0259 \u00f6l\u00fcb, 6 n\u0259f\u0259rin x\u0259sar\u0259t al\u0131b. X\u0259sar\u0259t alanlar \u015eirvan \u015f\u0259h\u0259r x\u0259st\u0259xanas\u0131na yerl\u0259\u015fdirilib. Qeyd ed\u0259 ki, Fazil Sabir o\u011flu M\u0259h\u0259rr\u0259mov YAP Salyan rayon t\u0259\u015fkilat\u0131n\u0131n s\u0259dr m\u00fcavini v\u0259zif\u0259sind\u0259 i\u015fl\u0259yib.<\/p>\n","protected":false},"author":2,"featured_media":501534,"comment_status":"closed","ping_status":"closed","sticky":false,"template":"","format":"standard","meta":{"om_disable_all_campaigns":false,"_monsterinsights_skip_tracking":false,"_monsterinsights_sitenote_active":false,"_monsterinsights_sitenote_note":"","_monsterinsights_sitenote_category":0},"categories":[5],"tags":[],"aioseo_notices":[],"gutentor_comment":0,"rttpg_featured_image_url":{"full":["https:\/\/arantv.az\/wp-content\/uploads\/2022\/08\/FotoJet-2022-08-02T201213.929.jpg",620,413,false],"landscape":["https:\/\/arantv.az\/wp-content\/uploads\/2022\/08\/FotoJet-2022-08-02T201213.929.jpg",620,413,false],"portraits":["https:\/\/arantv.az\/wp-content\/uploads\/2022\/08\/FotoJet-2022-08-02T201213.929.jpg",620,413,false],"thumbnail":["https:\/\/arantv.az\/wp-content\/uploads\/2022\/08\/FotoJet-2022-08-02T201213.929-500x280.jpg",500,280,true],"medium":["https:\/\/arantv.az\/wp-content\/uploads\/2022\/08\/FotoJet-2022-08-02T201213.929-548x365.jpg",548,365,true],"large":["https:\/\/arantv.az\/wp-content\/uploads\/2022\/08\/FotoJet-2022-08-02T201213.929.jpg",620,413,false],"1536x1536":["https:\/\/arantv.az\/wp-content\/uploads\/2022\/08\/FotoJet-2022-08-02T201213.929.jpg",620,413,false],"2048x2048":["https:\/\/arantv.az\/wp-content\/uploads\/2022\/08\/FotoJet-2022-08-02T201213.929.jpg",620,413,false],"post-thumbnail":["https:\/\/arantv.az\/wp-content\/uploads\/2022\/08\/FotoJet-2022-08-02T201213.929-240x172.jpg",240,172,true],"advps-thumb-one":["https:\/\/arantv.az\/wp-content\/uploads\/2022\/08\/FotoJet-2022-08-02T201213.929.jpg",620,413,false]},"rttpg_author":{"display_name":"V\u00fcsal Rafiqo\u011flu","author_link":"https:\/\/arantv.az\/?author=2"},"rttpg_comment":0,"rttpg_category":"<a href=\"https:\/\/arantv.az\/?cat=5\" rel=\"category\">Hadis\u0259<\/a>","rttpg_excerpt":"Sabirabad rayonunda \u00f6l\u00fcml\u0259 n\u0259tic\u0259l\u0259n\u0259n z\u0259ncirvar\u0131 yol q\u0259zas\u0131 ba\u015f verib. APA x\u0259b\u0259r verir ki, hadis\u0259 Sabirabad\u0131n Qarag\u00fcney k\u0259ndind\u0259, \u015eirvan-Salyan magistral\u0131nda qeyd\u0259 al\u0131n\u0131b. \u201cMercedes\u201d markal\u0131 minik v\u0259 y\u00fck ma\u015f\u0131nlar\u0131n\u0131n, \u201cVAZ-2107\u201d markal\u0131 minik avtomobilinin toqqu\u015fmas\u0131 n\u0259tic\u0259sind\u0259 Fazil Sabir o\u011flu M\u0259h\u0259rr\u0259mov hadis\u0259 yerind\u0259 \u00f6l\u00fcb, 6 n\u0259f\u0259rin x\u0259sar\u0259t al\u0131b. X\u0259sar\u0259t alanlar \u015eirvan \u015f\u0259h\u0259r x\u0259st\u0259xanas\u0131na yerl\u0259\u015fdirilib. Qeyd ed\u0259 ki, Fazil Sabir&hellip;","_links":{"self":[{"href":"https:\/\/arantv.az\/index.php?rest_route=\/wp\/v2\/posts\/501533"}],"collection":[{"href":"https:\/\/arantv.az\/index.php?rest_route=\/wp\/v2\/posts"}],"about":[{"href":"https:\/\/arantv.az\/index.php?rest_route=\/wp\/v2\/types\/post"}],"author":[{"embeddable":true,"href":"https:\/\/arantv.az\/index.php?rest_route=\/wp\/v2\/users\/2"}],"replies":[{"embeddable":true,"href":"https:\/\/arantv.az\/index.php?rest_route=%2Fwp%2Fv2%2Fcomments&post=501533"}],"version-history":[{"count":0,"href":"https:\/\/arantv.az\/index.php?rest_route=\/wp\/v2\/posts\/501533\/revisions"}],"wp:featuredmedia":[{"embeddable":true,"href":"https:\/\/arantv.az\/index.php?rest_route=\/wp\/v2\/media\/501534"}],"wp:attachment":[{"href":"https:\/\/arantv.az\/index.php?rest_route=%2Fwp%2Fv2%2Fmedia&parent=501533"}],"wp:term":[{"taxonomy":"category","embeddable":true,"href":"https:\/\/arantv.az\/index.php?rest_route=%2Fwp%2Fv2%2Fcategories&post=501533"},{"taxonomy":"post_tag","embeddable":true,"href":"https:\/\/arantv.az\/index.php?rest_route=%2Fwp%2Fv2%2Ftags&post=501533"}],"curies":[{"name":"wp","href":"https:\/\/api.w.org\/{rel}","templated":true}]}}