{"id":501536,"date":"2022-08-02T19:46:29","date_gmt":"2022-08-02T16:46:29","guid":{"rendered":"https:\/\/arantv.az\/?p=501536"},"modified":"2022-08-02T19:46:29","modified_gmt":"2022-08-02T16:46:29","slug":"az%c9%99rbaycanin-32-m%c9%99scidin%c9%99-dini-r%c9%99hb%c9%99r-t%c9%99yin-olunub-siyahi","status":"publish","type":"post","link":"https:\/\/arantv.az\/?p=501536","title":{"rendered":"Az\u0259rbaycan\u0131n 32 m\u0259scidin\u0259 dini r\u0259hb\u0259r t\u0259yin olunub &#8211; S\u0130YAHI"},"content":{"rendered":"<p>\u0130slam dinin\u0259 aid ibad\u0259t yerl\u0259rind\u0259 (m\u0259scidl\u0259r) vakant v\u0259zif\u0259l\u0259rin tutulmas\u0131 \u00fc\u00e7\u00fcn 02 avqust 2022-ci ild\u0259 ke\u00e7irilmi\u015f m\u00fcsahib\u0259nin n\u0259tic\u0259l\u0259ri a\u00e7\u0131qlan\u0131b.<\/p>\n<div class=\"AdviadNativeVideo\"><\/div>\n<p>Bu bar\u0259d\u0259 Dini Qurumlarla \u0130\u015f \u00fczr\u0259 D\u00f6vl\u0259t Komit\u0259si m\u0259lumat yay\u0131b.<\/p>\n<p>Qeyd ed\u0259k ki, m\u0259scidl\u0259rd\u0259 vakant v\u0259zif\u0259l\u0259rin tutulmas\u0131 \u00fc\u00e7\u00fcn bu il may\u0131n 24-d\u0259n iyunun 24-d\u0259k s\u0259n\u0259d q\u0259bulu apar\u0131l\u0131b. \u00dcmumilikd\u0259 39 vakant v\u0259zif\u0259nin tutulmas\u0131 \u00fc\u00e7\u00fcn 270 namiz\u0259din s\u0259n\u0259di qeyd\u0259 al\u0131n\u0131b.<\/p>\n<p>N\u0259tic\u0259l\u0259rl\u0259 bu\u00a0<a href=\"https:\/\/scwra.gov.az\/upload\/editor\/files\/musahibe\/02.08.2022.pdf\" target=\"_blank\" rel=\"noopener\">linkd\u0259<\/a>\u00a0tan\u0131\u015f olmaq m\u00fcmk\u00fcnd\u00fcr.<\/p>\n","protected":false},"excerpt":{"rendered":"<p>\u0130slam dinin\u0259 aid ibad\u0259t yerl\u0259rind\u0259 (m\u0259scidl\u0259r) vakant v\u0259zif\u0259l\u0259rin tutulmas\u0131 \u00fc\u00e7\u00fcn 02 avqust 2022-ci ild\u0259 ke\u00e7irilmi\u015f m\u00fcsahib\u0259nin n\u0259tic\u0259l\u0259ri a\u00e7\u0131qlan\u0131b. Bu bar\u0259d\u0259 Dini Qurumlarla \u0130\u015f \u00fczr\u0259 D\u00f6vl\u0259t Komit\u0259si m\u0259lumat yay\u0131b. Qeyd ed\u0259k ki, m\u0259scidl\u0259rd\u0259 vakant v\u0259zif\u0259l\u0259rin tutulmas\u0131 \u00fc\u00e7\u00fcn bu il may\u0131n 24-d\u0259n iyunun 24-d\u0259k s\u0259n\u0259d q\u0259bulu apar\u0131l\u0131b. \u00dcmumilikd\u0259 39 vakant v\u0259zif\u0259nin tutulmas\u0131 \u00fc\u00e7\u00fcn 270 namiz\u0259din s\u0259n\u0259di qeyd\u0259 al\u0131n\u0131b. N\u0259tic\u0259l\u0259rl\u0259 bu\u00a0linkd\u0259\u00a0tan\u0131\u015f olmaq m\u00fcmk\u00fcnd\u00fcr.<\/p>\n","protected":false},"author":2,"featured_media":325165,"comment_status":"closed","ping_status":"closed","sticky":false,"template":"","format":"standard","meta":{"om_disable_all_campaigns":false,"_monsterinsights_skip_tracking":false,"_monsterinsights_sitenote_active":false,"_monsterinsights_sitenote_note":"","_monsterinsights_sitenote_category":0},"categories":[1],"tags":[],"aioseo_notices":[],"gutentor_comment":0,"rttpg_featured_image_url":{"full":["https:\/\/arantv.az\/wp-content\/uploads\/2021\/04\/mecid-2.jpg",620,413,false],"landscape":["https:\/\/arantv.az\/wp-content\/uploads\/2021\/04\/mecid-2.jpg",620,413,false],"portraits":["https:\/\/arantv.az\/wp-content\/uploads\/2021\/04\/mecid-2.jpg",620,413,false],"thumbnail":["https:\/\/arantv.az\/wp-content\/uploads\/2021\/04\/mecid-2-500x280.jpg",500,280,true],"medium":["https:\/\/arantv.az\/wp-content\/uploads\/2021\/04\/mecid-2-548x365.jpg",548,365,true],"large":["https:\/\/arantv.az\/wp-content\/uploads\/2021\/04\/mecid-2.jpg",620,413,false],"1536x1536":["https:\/\/arantv.az\/wp-content\/uploads\/2021\/04\/mecid-2.jpg",620,413,false],"2048x2048":["https:\/\/arantv.az\/wp-content\/uploads\/2021\/04\/mecid-2.jpg",620,413,false],"post-thumbnail":["https:\/\/arantv.az\/wp-content\/uploads\/2021\/04\/mecid-2-240x172.jpg",240,172,true],"advps-thumb-one":["https:\/\/arantv.az\/wp-content\/uploads\/2021\/04\/mecid-2.jpg",620,413,false]},"rttpg_author":{"display_name":"V\u00fcsal Rafiqo\u011flu","author_link":"https:\/\/arantv.az\/?author=2"},"rttpg_comment":0,"rttpg_category":"<a href=\"https:\/\/arantv.az\/?cat=1\" rel=\"category\">C\u0259miyy\u0259t<\/a>","rttpg_excerpt":"\u0130slam dinin\u0259 aid ibad\u0259t yerl\u0259rind\u0259 (m\u0259scidl\u0259r) vakant v\u0259zif\u0259l\u0259rin tutulmas\u0131 \u00fc\u00e7\u00fcn 02 avqust 2022-ci ild\u0259 ke\u00e7irilmi\u015f m\u00fcsahib\u0259nin n\u0259tic\u0259l\u0259ri a\u00e7\u0131qlan\u0131b. Bu bar\u0259d\u0259 Dini Qurumlarla \u0130\u015f \u00fczr\u0259 D\u00f6vl\u0259t Komit\u0259si m\u0259lumat yay\u0131b. Qeyd ed\u0259k ki, m\u0259scidl\u0259rd\u0259 vakant v\u0259zif\u0259l\u0259rin tutulmas\u0131 \u00fc\u00e7\u00fcn bu il may\u0131n 24-d\u0259n iyunun 24-d\u0259k s\u0259n\u0259d q\u0259bulu apar\u0131l\u0131b. \u00dcmumilikd\u0259 39 vakant v\u0259zif\u0259nin tutulmas\u0131 \u00fc\u00e7\u00fcn 270 namiz\u0259din s\u0259n\u0259di qeyd\u0259&hellip;","_links":{"self":[{"href":"https:\/\/arantv.az\/index.php?rest_route=\/wp\/v2\/posts\/501536"}],"collection":[{"href":"https:\/\/arantv.az\/index.php?rest_route=\/wp\/v2\/posts"}],"about":[{"href":"https:\/\/arantv.az\/index.php?rest_route=\/wp\/v2\/types\/post"}],"author":[{"embeddable":true,"href":"https:\/\/arantv.az\/index.php?rest_route=\/wp\/v2\/users\/2"}],"replies":[{"embeddable":true,"href":"https:\/\/arantv.az\/index.php?rest_route=%2Fwp%2Fv2%2Fcomments&post=501536"}],"version-history":[{"count":0,"href":"https:\/\/arantv.az\/index.php?rest_route=\/wp\/v2\/posts\/501536\/revisions"}],"wp:featuredmedia":[{"embeddable":true,"href":"https:\/\/arantv.az\/index.php?rest_route=\/wp\/v2\/media\/325165"}],"wp:attachment":[{"href":"https:\/\/arantv.az\/index.php?rest_route=%2Fwp%2Fv2%2Fmedia&parent=501536"}],"wp:term":[{"taxonomy":"category","embeddable":true,"href":"https:\/\/arantv.az\/index.php?rest_route=%2Fwp%2Fv2%2Fcategories&post=501536"},{"taxonomy":"post_tag","embeddable":true,"href":"https:\/\/arantv.az\/index.php?rest_route=%2Fwp%2Fv2%2Ftags&post=501536"}],"curies":[{"name":"wp","href":"https:\/\/api.w.org\/{rel}","templated":true}]}}