{"id":501541,"date":"2022-08-02T19:48:14","date_gmt":"2022-08-02T16:48:14","guid":{"rendered":"https:\/\/arantv.az\/?p=501541"},"modified":"2022-08-02T19:48:14","modified_gmt":"2022-08-02T16:48:14","slug":"zakir-h%c9%99s%c9%99nov-v%c9%99-sergey-soyqu-arasinda-telefon-danisigi-olub","status":"publish","type":"post","link":"https:\/\/arantv.az\/?p=501541","title":{"rendered":"Zakir H\u0259s\u0259nov v\u0259 Sergey \u015eoyqu aras\u0131nda telefon dan\u0131\u015f\u0131\u011f\u0131 olub"},"content":{"rendered":"<p>Avqustun 2-d\u0259 Rusiya Federasiyas\u0131n\u0131n m\u00fcdafi\u0259 naziri ordu general\u0131 Sergey \u015eoyqunun t\u0259\u015f\u0259bb\u00fcs\u00fc il\u0259 Az\u0259rbaycan Respublikas\u0131n\u0131n m\u00fcdafi\u0259 naziri general-polkovnik Zakir H\u0259s\u0259nov aras\u0131nda telefon dan\u0131\u015f\u0131\u011f\u0131 olub.<\/p>\n<p>Bu bar\u0259d\u0259 M\u00fcdafi\u0259 Nazirliyi m\u0259lumat yay\u0131b.<\/p>\n<p>Bildirilib ki, telefon dan\u0131\u015f\u0131\u011f\u0131 zaman\u0131 t\u0259r\u0259fl\u0259r regional t\u0259hl\u00fck\u0259sizlik, el\u0259c\u0259 d\u0259 qar\u015f\u0131l\u0131ql\u0131 maraq do\u011furan dig\u0259r m\u0259s\u0259l\u0259l\u0259ri m\u00fczakir\u0259 edibl\u0259r.<\/p>\n","protected":false},"excerpt":{"rendered":"<p>Avqustun 2-d\u0259 Rusiya Federasiyas\u0131n\u0131n m\u00fcdafi\u0259 naziri ordu general\u0131 Sergey \u015eoyqunun t\u0259\u015f\u0259bb\u00fcs\u00fc il\u0259 Az\u0259rbaycan Respublikas\u0131n\u0131n m\u00fcdafi\u0259 naziri general-polkovnik Zakir H\u0259s\u0259nov aras\u0131nda telefon dan\u0131\u015f\u0131\u011f\u0131 olub. Bu bar\u0259d\u0259 M\u00fcdafi\u0259 Nazirliyi m\u0259lumat yay\u0131b. Bildirilib ki, telefon dan\u0131\u015f\u0131\u011f\u0131 zaman\u0131 t\u0259r\u0259fl\u0259r regional t\u0259hl\u00fck\u0259sizlik, el\u0259c\u0259 d\u0259 qar\u015f\u0131l\u0131ql\u0131 maraq do\u011furan dig\u0259r m\u0259s\u0259l\u0259l\u0259ri m\u00fczakir\u0259 edibl\u0259r.<\/p>\n","protected":false},"author":2,"featured_media":501542,"comment_status":"closed","ping_status":"closed","sticky":false,"template":"","format":"standard","meta":{"om_disable_all_campaigns":false,"_monsterinsights_skip_tracking":false,"_monsterinsights_sitenote_active":false,"_monsterinsights_sitenote_note":"","_monsterinsights_sitenote_category":0},"categories":[10],"tags":[],"aioseo_notices":[],"gutentor_comment":0,"rttpg_featured_image_url":{"full":["https:\/\/arantv.az\/wp-content\/uploads\/2022\/08\/FotoJet-2022-08-02T193016.523.jpg",620,413,false],"landscape":["https:\/\/arantv.az\/wp-content\/uploads\/2022\/08\/FotoJet-2022-08-02T193016.523.jpg",620,413,false],"portraits":["https:\/\/arantv.az\/wp-content\/uploads\/2022\/08\/FotoJet-2022-08-02T193016.523.jpg",620,413,false],"thumbnail":["https:\/\/arantv.az\/wp-content\/uploads\/2022\/08\/FotoJet-2022-08-02T193016.523-500x280.jpg",500,280,true],"medium":["https:\/\/arantv.az\/wp-content\/uploads\/2022\/08\/FotoJet-2022-08-02T193016.523-548x365.jpg",548,365,true],"large":["https:\/\/arantv.az\/wp-content\/uploads\/2022\/08\/FotoJet-2022-08-02T193016.523.jpg",620,413,false],"1536x1536":["https:\/\/arantv.az\/wp-content\/uploads\/2022\/08\/FotoJet-2022-08-02T193016.523.jpg",620,413,false],"2048x2048":["https:\/\/arantv.az\/wp-content\/uploads\/2022\/08\/FotoJet-2022-08-02T193016.523.jpg",620,413,false],"post-thumbnail":["https:\/\/arantv.az\/wp-content\/uploads\/2022\/08\/FotoJet-2022-08-02T193016.523-240x172.jpg",240,172,true],"advps-thumb-one":["https:\/\/arantv.az\/wp-content\/uploads\/2022\/08\/FotoJet-2022-08-02T193016.523.jpg",620,413,false]},"rttpg_author":{"display_name":"V\u00fcsal Rafiqo\u011flu","author_link":"https:\/\/arantv.az\/?author=2"},"rttpg_comment":0,"rttpg_category":"<a href=\"https:\/\/arantv.az\/?cat=10\" rel=\"category\">C\u0259bh\u0259d\u0259n X\u0259b\u0259r<\/a>","rttpg_excerpt":"Avqustun 2-d\u0259 Rusiya Federasiyas\u0131n\u0131n m\u00fcdafi\u0259 naziri ordu general\u0131 Sergey \u015eoyqunun t\u0259\u015f\u0259bb\u00fcs\u00fc il\u0259 Az\u0259rbaycan Respublikas\u0131n\u0131n m\u00fcdafi\u0259 naziri general-polkovnik Zakir H\u0259s\u0259nov aras\u0131nda telefon dan\u0131\u015f\u0131\u011f\u0131 olub. Bu bar\u0259d\u0259 M\u00fcdafi\u0259 Nazirliyi m\u0259lumat yay\u0131b. Bildirilib ki, telefon dan\u0131\u015f\u0131\u011f\u0131 zaman\u0131 t\u0259r\u0259fl\u0259r regional t\u0259hl\u00fck\u0259sizlik, el\u0259c\u0259 d\u0259 qar\u015f\u0131l\u0131ql\u0131 maraq do\u011furan dig\u0259r m\u0259s\u0259l\u0259l\u0259ri m\u00fczakir\u0259 edibl\u0259r.","_links":{"self":[{"href":"https:\/\/arantv.az\/index.php?rest_route=\/wp\/v2\/posts\/501541"}],"collection":[{"href":"https:\/\/arantv.az\/index.php?rest_route=\/wp\/v2\/posts"}],"about":[{"href":"https:\/\/arantv.az\/index.php?rest_route=\/wp\/v2\/types\/post"}],"author":[{"embeddable":true,"href":"https:\/\/arantv.az\/index.php?rest_route=\/wp\/v2\/users\/2"}],"replies":[{"embeddable":true,"href":"https:\/\/arantv.az\/index.php?rest_route=%2Fwp%2Fv2%2Fcomments&post=501541"}],"version-history":[{"count":0,"href":"https:\/\/arantv.az\/index.php?rest_route=\/wp\/v2\/posts\/501541\/revisions"}],"wp:featuredmedia":[{"embeddable":true,"href":"https:\/\/arantv.az\/index.php?rest_route=\/wp\/v2\/media\/501542"}],"wp:attachment":[{"href":"https:\/\/arantv.az\/index.php?rest_route=%2Fwp%2Fv2%2Fmedia&parent=501541"}],"wp:term":[{"taxonomy":"category","embeddable":true,"href":"https:\/\/arantv.az\/index.php?rest_route=%2Fwp%2Fv2%2Fcategories&post=501541"},{"taxonomy":"post_tag","embeddable":true,"href":"https:\/\/arantv.az\/index.php?rest_route=%2Fwp%2Fv2%2Ftags&post=501541"}],"curies":[{"name":"wp","href":"https:\/\/api.w.org\/{rel}","templated":true}]}}