{"id":501545,"date":"2022-08-02T19:49:18","date_gmt":"2022-08-02T16:49:18","guid":{"rendered":"https:\/\/arantv.az\/?p=501545"},"modified":"2022-08-02T19:49:18","modified_gmt":"2022-08-02T16:49:18","slug":"v%c9%99fat-etmis-s%c9%99xsl%c9%99rin-v%c9%99r%c9%99s%c9%99l%c9%99rin%c9%99-bird%c9%99f%c9%99lik-od%c9%99m%c9%99-nec%c9%99-t%c9%99yin-olunacaq","status":"publish","type":"post","link":"https:\/\/arantv.az\/?p=501545","title":{"rendered":"V\u0259fat etmi\u015f \u015f\u0259xsl\u0259rin v\u0259r\u0259s\u0259l\u0259rin\u0259 bird\u0259f\u0259lik \u00f6d\u0259m\u0259 nec\u0259 t\u0259yin olunacaq?"},"content":{"rendered":"<p>D\u00f6vl\u0259t ba\u015f\u00e7\u0131s\u0131n\u0131n F\u0259rman\u0131n\u0131n icras\u0131 olaraq v\u0259 Nazirl\u0259r Kabinetinin yeni t\u0259sdiq etdiyi Qaydaya uy\u011fun \u015f\u0259kild\u0259 bu g\u00fcnd\u0259n Birinci Qaraba\u011f m\u00fcharib\u0259si \u0259lill\u0259rin\u0259 bird\u0259f\u0259lik \u00f6d\u0259m\u0259l\u0259r t\u0259yin olunur.<\/p>\n<div class=\"AdviadNativeVideo\"><\/div>\n<p>Bu bar\u0259d\u0259 \u018fm\u0259k v\u0259 \u018fhalinin Sosial M\u00fcdafi\u0259si Nazirliyi m\u0259lumat yay\u0131b.<\/p>\n<p>1997-ci il avqustun 2-d\u0259k h\u0259rbi xidm\u0259td\u0259 olark\u0259n ald\u0131\u011f\u0131 x\u0259sar\u0259t n\u0259tic\u0259sind\u0259 \u0259lilliyi m\u00fc\u0259yy\u0259n edilmi\u015f h\u0259rbi qulluq\u00e7ular v\u0259 daxili i\u015fl\u0259r orqanlar\u0131 \u0259m\u0259kda\u015flar\u0131ndan h\u0259min d\u00f6vr\u0259d\u0259k h\u0259rbi xidm\u0259td\u0259 x\u0259sar\u0259t almas\u0131 bar\u0259d\u0259 m\u0259lumatlar\u0131 aidiyy\u0259ti qurumlar t\u0259r\u0259find\u0259n m\u00fcvafiq elektron sistem\u0259 daxil edilmi\u015f, h\u0259m\u00e7inin s\u0131\u011forta \u00f6d\u0259ni\u015fi almas\u0131 \u00fc\u00e7\u00fcn m\u0259hk\u0259m\u0259 q\u0259tnam\u0259si olan 11 min\u0259d\u0259k \u015f\u0259xs\u0259 h\u0259min bird\u0259f\u0259lik \u00f6d\u0259m\u0259l\u0259r t\u0259yin edilib.<\/p>\n<p>E-sisteml\u0259rd\u0259, habel\u0259 m\u00fcvafiq arxivl\u0259rd\u0259 ald\u0131\u011f\u0131 x\u0259sar\u0259tl\u0259 ba\u011fl\u0131 m\u0259lumat olmad\u0131\u011f\u0131 \u00fc\u00e7\u00fcn e-qaydada \u00f6d\u0259m\u0259 t\u0259yin edilm\u0259y\u0259n \u015f\u0259xsl\u0259r, habel\u0259 bird\u0259f\u0259lik \u00f6d\u0259m\u0259 almaq h\u00fcququ olan v\u0259fat etmi\u015f \u015f\u0259xsl\u0259rin v\u0259r\u0259s\u0259l\u0259ri d\u0259 onlara dair m\u00fcvafiq m\u0259lumatlar e-sistem\u0259 daxil edildikd\u0259n sonra h\u0259min sosial \u00f6d\u0259ni\u015fl\u0259rl\u0259 t\u0259min olunacaqlar.<\/p>\n<p>Bunun \u00fc\u00e7\u00fcn qeyd olunan \u015f\u0259xsl\u0259r\u0259 bu posterl\u0259rd\u0259 g\u00f6st\u0259rildiyi qaydada m\u00fcraci\u0259t ed\u0259r\u0259k s\u0259n\u0259dl\u0259ri t\u0259qdim etm\u0259l\u0259ri t\u00f6vsiy\u0259 olunur.<\/p>\n","protected":false},"excerpt":{"rendered":"<p>D\u00f6vl\u0259t ba\u015f\u00e7\u0131s\u0131n\u0131n F\u0259rman\u0131n\u0131n icras\u0131 olaraq v\u0259 Nazirl\u0259r Kabinetinin yeni t\u0259sdiq etdiyi Qaydaya uy\u011fun \u015f\u0259kild\u0259 bu g\u00fcnd\u0259n Birinci Qaraba\u011f m\u00fcharib\u0259si \u0259lill\u0259rin\u0259 bird\u0259f\u0259lik \u00f6d\u0259m\u0259l\u0259r t\u0259yin olunur. Bu bar\u0259d\u0259 \u018fm\u0259k v\u0259 \u018fhalinin Sosial M\u00fcdafi\u0259si Nazirliyi m\u0259lumat yay\u0131b. 1997-ci il avqustun 2-d\u0259k h\u0259rbi xidm\u0259td\u0259 olark\u0259n ald\u0131\u011f\u0131 x\u0259sar\u0259t n\u0259tic\u0259sind\u0259 \u0259lilliyi m\u00fc\u0259yy\u0259n edilmi\u015f h\u0259rbi qulluq\u00e7ular v\u0259 daxili i\u015fl\u0259r orqanlar\u0131 \u0259m\u0259kda\u015flar\u0131ndan h\u0259min d\u00f6vr\u0259d\u0259k h\u0259rbi xidm\u0259td\u0259 x\u0259sar\u0259t almas\u0131 bar\u0259d\u0259 m\u0259lumatlar\u0131 aidiyy\u0259ti qurumlar t\u0259r\u0259find\u0259n m\u00fcvafiq elektron sistem\u0259 daxil edilmi\u015f, h\u0259m\u00e7inin s\u0131\u011forta \u00f6d\u0259ni\u015fi almas\u0131 \u00fc\u00e7\u00fcn m\u0259hk\u0259m\u0259 q\u0259tnam\u0259si olan 11 min\u0259d\u0259k \u015f\u0259xs\u0259 h\u0259min bird\u0259f\u0259lik \u00f6d\u0259m\u0259l\u0259r t\u0259yin edilib. E-sisteml\u0259rd\u0259, habel\u0259 m\u00fcvafiq arxivl\u0259rd\u0259&hellip;<\/p>\n","protected":false},"author":2,"featured_media":443384,"comment_status":"closed","ping_status":"closed","sticky":false,"template":"","format":"standard","meta":{"om_disable_all_campaigns":false,"_monsterinsights_skip_tracking":false,"_monsterinsights_sitenote_active":false,"_monsterinsights_sitenote_note":"","_monsterinsights_sitenote_category":0},"categories":[1],"tags":[],"aioseo_notices":[],"gutentor_comment":0,"rttpg_featured_image_url":{"full":["https:\/\/arantv.az\/wp-content\/uploads\/2022\/02\/valyuta_manat_0257-1.jpg",800,600,false],"landscape":["https:\/\/arantv.az\/wp-content\/uploads\/2022\/02\/valyuta_manat_0257-1.jpg",800,600,false],"portraits":["https:\/\/arantv.az\/wp-content\/uploads\/2022\/02\/valyuta_manat_0257-1.jpg",800,600,false],"thumbnail":["https:\/\/arantv.az\/wp-content\/uploads\/2022\/02\/valyuta_manat_0257-1-500x280.jpg",500,280,true],"medium":["https:\/\/arantv.az\/wp-content\/uploads\/2022\/02\/valyuta_manat_0257-1-487x365.jpg",487,365,true],"large":["https:\/\/arantv.az\/wp-content\/uploads\/2022\/02\/valyuta_manat_0257-1.jpg",640,480,false],"1536x1536":["https:\/\/arantv.az\/wp-content\/uploads\/2022\/02\/valyuta_manat_0257-1.jpg",800,600,false],"2048x2048":["https:\/\/arantv.az\/wp-content\/uploads\/2022\/02\/valyuta_manat_0257-1.jpg",800,600,false],"post-thumbnail":["https:\/\/arantv.az\/wp-content\/uploads\/2022\/02\/valyuta_manat_0257-1-240x172.jpg",240,172,true],"advps-thumb-one":["https:\/\/arantv.az\/wp-content\/uploads\/2022\/02\/valyuta_manat_0257-1.jpg",800,600,false]},"rttpg_author":{"display_name":"V\u00fcsal Rafiqo\u011flu","author_link":"https:\/\/arantv.az\/?author=2"},"rttpg_comment":0,"rttpg_category":"<a href=\"https:\/\/arantv.az\/?cat=1\" rel=\"category\">C\u0259miyy\u0259t<\/a>","rttpg_excerpt":"D\u00f6vl\u0259t ba\u015f\u00e7\u0131s\u0131n\u0131n F\u0259rman\u0131n\u0131n icras\u0131 olaraq v\u0259 Nazirl\u0259r Kabinetinin yeni t\u0259sdiq etdiyi Qaydaya uy\u011fun \u015f\u0259kild\u0259 bu g\u00fcnd\u0259n Birinci Qaraba\u011f m\u00fcharib\u0259si \u0259lill\u0259rin\u0259 bird\u0259f\u0259lik \u00f6d\u0259m\u0259l\u0259r t\u0259yin olunur. Bu bar\u0259d\u0259 \u018fm\u0259k v\u0259 \u018fhalinin Sosial M\u00fcdafi\u0259si Nazirliyi m\u0259lumat yay\u0131b. 1997-ci il avqustun 2-d\u0259k h\u0259rbi xidm\u0259td\u0259 olark\u0259n ald\u0131\u011f\u0131 x\u0259sar\u0259t n\u0259tic\u0259sind\u0259 \u0259lilliyi m\u00fc\u0259yy\u0259n edilmi\u015f h\u0259rbi qulluq\u00e7ular v\u0259 daxili i\u015fl\u0259r orqanlar\u0131 \u0259m\u0259kda\u015flar\u0131ndan h\u0259min&hellip;","_links":{"self":[{"href":"https:\/\/arantv.az\/index.php?rest_route=\/wp\/v2\/posts\/501545"}],"collection":[{"href":"https:\/\/arantv.az\/index.php?rest_route=\/wp\/v2\/posts"}],"about":[{"href":"https:\/\/arantv.az\/index.php?rest_route=\/wp\/v2\/types\/post"}],"author":[{"embeddable":true,"href":"https:\/\/arantv.az\/index.php?rest_route=\/wp\/v2\/users\/2"}],"replies":[{"embeddable":true,"href":"https:\/\/arantv.az\/index.php?rest_route=%2Fwp%2Fv2%2Fcomments&post=501545"}],"version-history":[{"count":0,"href":"https:\/\/arantv.az\/index.php?rest_route=\/wp\/v2\/posts\/501545\/revisions"}],"wp:featuredmedia":[{"embeddable":true,"href":"https:\/\/arantv.az\/index.php?rest_route=\/wp\/v2\/media\/443384"}],"wp:attachment":[{"href":"https:\/\/arantv.az\/index.php?rest_route=%2Fwp%2Fv2%2Fmedia&parent=501545"}],"wp:term":[{"taxonomy":"category","embeddable":true,"href":"https:\/\/arantv.az\/index.php?rest_route=%2Fwp%2Fv2%2Fcategories&post=501545"},{"taxonomy":"post_tag","embeddable":true,"href":"https:\/\/arantv.az\/index.php?rest_route=%2Fwp%2Fv2%2Ftags&post=501545"}],"curies":[{"name":"wp","href":"https:\/\/api.w.org\/{rel}","templated":true}]}}