{"id":501553,"date":"2022-08-02T19:55:55","date_gmt":"2022-08-02T16:55:55","guid":{"rendered":"https:\/\/arantv.az\/?p=501553"},"modified":"2022-08-02T19:55:55","modified_gmt":"2022-08-02T16:55:55","slug":"ukrayna-taxilini-dasiyan-ilk-g%c9%99mi-turkiy%c9%99-%c9%99razi-sularina-daxil-oldu","status":"publish","type":"post","link":"https:\/\/arantv.az\/?p=501553","title":{"rendered":"Ukrayna tax\u0131l\u0131n\u0131 da\u015f\u0131yan ilk g\u0259mi T\u00fcrkiy\u0259 \u0259razi sular\u0131na daxil oldu"},"content":{"rendered":"<p>Bazar ert\u0259si s\u0259h\u0259r saatlar\u0131nda Odessa liman\u0131ndan ayr\u0131lan Syerra Leone bayra\u011f\u0131 alt\u0131nda \u00fcz\u0259n v\u0259 Ukrayna tax\u0131l\u0131 il\u0259 y\u00fckl\u0259nmi\u015f \u201cRazoni&#8221; y\u00fck g\u0259misi \u00e7\u0259r\u015f\u0259nb\u0259 ax\u015fam\u0131 yerli vaxtla saat 21:00 rad\u0259l\u0259rind\u0259 (Bak\u0131 vaxtil\u0259 saat 22:00-da) \u0130stanbula \u00e7atacaq.<\/p>\n<div class=\"AdviadNativeVideo\"><\/div>\n<p>Bu bar\u0259d\u0259 T\u00fcrkiy\u0259 M\u00fcdafi\u0259 Nazirliyi m\u0259lumat verib.<\/p>\n<p>G\u0259minin art\u0131q T\u00fcrkiy\u0259nin \u0259razi sular\u0131na daxil oldu\u011fu bildirilib.<\/p>\n<p>\u201cBirg\u0259 t\u0259fti\u015f hey\u0259ti sabah s\u0259h\u0259r saatlar\u0131nda g\u0259mini yoxlama\u011fa ba\u015flayacaq\u201d, &#8211; nazirliyin a\u00e7\u0131qlamas\u0131nda deyilir.<\/p>\n<p>M\u0259nb\u0259: Haber Global<\/p>\n","protected":false},"excerpt":{"rendered":"<p>Bazar ert\u0259si s\u0259h\u0259r saatlar\u0131nda Odessa liman\u0131ndan ayr\u0131lan Syerra Leone bayra\u011f\u0131 alt\u0131nda \u00fcz\u0259n v\u0259 Ukrayna tax\u0131l\u0131 il\u0259 y\u00fckl\u0259nmi\u015f \u201cRazoni&#8221; y\u00fck g\u0259misi \u00e7\u0259r\u015f\u0259nb\u0259 ax\u015fam\u0131 yerli vaxtla saat 21:00 rad\u0259l\u0259rind\u0259 (Bak\u0131 vaxtil\u0259 saat 22:00-da) \u0130stanbula \u00e7atacaq. Bu bar\u0259d\u0259 T\u00fcrkiy\u0259 M\u00fcdafi\u0259 Nazirliyi m\u0259lumat verib. G\u0259minin art\u0131q T\u00fcrkiy\u0259nin \u0259razi sular\u0131na daxil oldu\u011fu bildirilib. \u201cBirg\u0259 t\u0259fti\u015f hey\u0259ti sabah s\u0259h\u0259r saatlar\u0131nda g\u0259mini yoxlama\u011fa ba\u015flayacaq\u201d, &#8211; nazirliyin a\u00e7\u0131qlamas\u0131nda deyilir. M\u0259nb\u0259: Haber Global<\/p>\n","protected":false},"author":2,"featured_media":501554,"comment_status":"closed","ping_status":"closed","sticky":false,"template":"","format":"standard","meta":{"om_disable_all_campaigns":false,"_monsterinsights_skip_tracking":false,"_monsterinsights_sitenote_active":false,"_monsterinsights_sitenote_note":"","_monsterinsights_sitenote_category":0},"categories":[7],"tags":[],"aioseo_notices":[],"gutentor_comment":0,"rttpg_featured_image_url":{"full":["https:\/\/arantv.az\/wp-content\/uploads\/2022\/08\/thumbs_b_c_10035a7d84349a97805384f88dd7e0c7.jpg",620,413,false],"landscape":["https:\/\/arantv.az\/wp-content\/uploads\/2022\/08\/thumbs_b_c_10035a7d84349a97805384f88dd7e0c7.jpg",620,413,false],"portraits":["https:\/\/arantv.az\/wp-content\/uploads\/2022\/08\/thumbs_b_c_10035a7d84349a97805384f88dd7e0c7.jpg",620,413,false],"thumbnail":["https:\/\/arantv.az\/wp-content\/uploads\/2022\/08\/thumbs_b_c_10035a7d84349a97805384f88dd7e0c7-500x280.jpg",500,280,true],"medium":["https:\/\/arantv.az\/wp-content\/uploads\/2022\/08\/thumbs_b_c_10035a7d84349a97805384f88dd7e0c7-548x365.jpg",548,365,true],"large":["https:\/\/arantv.az\/wp-content\/uploads\/2022\/08\/thumbs_b_c_10035a7d84349a97805384f88dd7e0c7.jpg",620,413,false],"1536x1536":["https:\/\/arantv.az\/wp-content\/uploads\/2022\/08\/thumbs_b_c_10035a7d84349a97805384f88dd7e0c7.jpg",620,413,false],"2048x2048":["https:\/\/arantv.az\/wp-content\/uploads\/2022\/08\/thumbs_b_c_10035a7d84349a97805384f88dd7e0c7.jpg",620,413,false],"post-thumbnail":["https:\/\/arantv.az\/wp-content\/uploads\/2022\/08\/thumbs_b_c_10035a7d84349a97805384f88dd7e0c7-240x172.jpg",240,172,true],"advps-thumb-one":["https:\/\/arantv.az\/wp-content\/uploads\/2022\/08\/thumbs_b_c_10035a7d84349a97805384f88dd7e0c7.jpg",620,413,false]},"rttpg_author":{"display_name":"V\u00fcsal Rafiqo\u011flu","author_link":"https:\/\/arantv.az\/?author=2"},"rttpg_comment":0,"rttpg_category":"<a href=\"https:\/\/arantv.az\/?cat=7\" rel=\"category\">D\u00fcnya<\/a>","rttpg_excerpt":"Bazar ert\u0259si s\u0259h\u0259r saatlar\u0131nda Odessa liman\u0131ndan ayr\u0131lan Syerra Leone bayra\u011f\u0131 alt\u0131nda \u00fcz\u0259n v\u0259 Ukrayna tax\u0131l\u0131 il\u0259 y\u00fckl\u0259nmi\u015f \u201cRazoni&#8221; y\u00fck g\u0259misi \u00e7\u0259r\u015f\u0259nb\u0259 ax\u015fam\u0131 yerli vaxtla saat 21:00 rad\u0259l\u0259rind\u0259 (Bak\u0131 vaxtil\u0259 saat 22:00-da) \u0130stanbula \u00e7atacaq. Bu bar\u0259d\u0259 T\u00fcrkiy\u0259 M\u00fcdafi\u0259 Nazirliyi m\u0259lumat verib. G\u0259minin art\u0131q T\u00fcrkiy\u0259nin \u0259razi sular\u0131na daxil oldu\u011fu bildirilib. \u201cBirg\u0259 t\u0259fti\u015f hey\u0259ti sabah s\u0259h\u0259r saatlar\u0131nda g\u0259mini&hellip;","_links":{"self":[{"href":"https:\/\/arantv.az\/index.php?rest_route=\/wp\/v2\/posts\/501553"}],"collection":[{"href":"https:\/\/arantv.az\/index.php?rest_route=\/wp\/v2\/posts"}],"about":[{"href":"https:\/\/arantv.az\/index.php?rest_route=\/wp\/v2\/types\/post"}],"author":[{"embeddable":true,"href":"https:\/\/arantv.az\/index.php?rest_route=\/wp\/v2\/users\/2"}],"replies":[{"embeddable":true,"href":"https:\/\/arantv.az\/index.php?rest_route=%2Fwp%2Fv2%2Fcomments&post=501553"}],"version-history":[{"count":0,"href":"https:\/\/arantv.az\/index.php?rest_route=\/wp\/v2\/posts\/501553\/revisions"}],"wp:featuredmedia":[{"embeddable":true,"href":"https:\/\/arantv.az\/index.php?rest_route=\/wp\/v2\/media\/501554"}],"wp:attachment":[{"href":"https:\/\/arantv.az\/index.php?rest_route=%2Fwp%2Fv2%2Fmedia&parent=501553"}],"wp:term":[{"taxonomy":"category","embeddable":true,"href":"https:\/\/arantv.az\/index.php?rest_route=%2Fwp%2Fv2%2Fcategories&post=501553"},{"taxonomy":"post_tag","embeddable":true,"href":"https:\/\/arantv.az\/index.php?rest_route=%2Fwp%2Fv2%2Ftags&post=501553"}],"curies":[{"name":"wp","href":"https:\/\/api.w.org\/{rel}","templated":true}]}}