{"id":50243,"date":"2019-04-11T15:43:41","date_gmt":"2019-04-11T12:43:41","guid":{"rendered":"http:\/\/arantv.az\/?p=50243"},"modified":"2019-04-11T15:43:41","modified_gmt":"2019-04-11T12:43:41","slug":"az%c9%99rbaycan-silahli-quvv%c9%99l%c9%99ri-ali-bas-komandaninin-bayragi-haqqinda-%c9%99sasnam%c9%99-v%c9%99-bayragin-t%c9%99sviri-t%c9%99sdiq-edildi","status":"publish","type":"post","link":"https:\/\/arantv.az\/?p=50243","title":{"rendered":"Az\u0259rbaycan Silahl\u0131 Q\u00fcvv\u0259l\u0259ri Ali Ba\u015f Komandan\u0131n\u0131n bayra\u011f\u0131 haqq\u0131nda \u018fsasnam\u0259 v\u0259 bayra\u011f\u0131n t\u0259sviri t\u0259sdiq edildi"},"content":{"rendered":"<p>Prezident \u0130lham \u018fliyev &#8220;Az\u0259rbaycan Respublikas\u0131 Silahl\u0131 Q\u00fcvv\u0259l\u0259ri Ali Ba\u015f Komandan\u0131n\u0131n bayra\u011f\u0131 haqq\u0131nda \u018fsasnam\u0259&#8221;nin v\u0259 &#8220;Az\u0259rbaycan Respublikas\u0131 Silahl\u0131 Q\u00fcvv\u0259l\u0259ri Ali Ba\u015f Komandan\u0131n\u0131n bayra\u011f\u0131n\u0131n t\u0259sviri&#8221;nin t\u0259sdiq edilm\u0259si bar\u0259d\u0259 f\u0259rman imzalay\u0131b.<\/p>\n<p><strong>ARANTV.AZ<\/strong> az\u0259rtac-a istinad\u0259n x\u0259b\u0259r verir ki, Nazirl\u0259r Kabinetin\u0259 Az\u0259rbaycan Respublikas\u0131 Prezidentinin aktlar\u0131n\u0131n bu f\u0259rmana uy\u011funla\u015fd\u0131r\u0131lmas\u0131 il\u0259 ba\u011fl\u0131 t\u0259klifl\u0259rini \u00fc\u00e7 ay m\u00fcdd\u0259tind\u0259 haz\u0131rlay\u0131b Az\u0259rbaycan Prezidentin\u0259 t\u0259qdim etm\u0259k; Nazirl\u0259r Kabinetinin normativ h\u00fcquqi aktlar\u0131n\u0131n bu f\u0259rmana uy\u011funla\u015fd\u0131r\u0131lmas\u0131n\u0131 \u00fc\u00e7 ay m\u00fcdd\u0259tind\u0259 t\u0259min edib Az\u0259rbaycan Prezidentin\u0259 m\u0259lumat verm\u0259k; m\u0259rk\u0259zi icra hakimiyy\u0259ti orqanlar\u0131n\u0131n normativ h\u00fcquqi aktlar\u0131n\u0131n bu f\u0259rmana uy\u011funla\u015fd\u0131r\u0131lmas\u0131n\u0131 n\u0259zar\u0259td\u0259 saxlamaq v\u0259 bunun icras\u0131 bar\u0259d\u0259 be\u015f ay m\u00fcdd\u0259tind\u0259 Az\u0259rbaycan Prezidentin\u0259 m\u0259lumat verm\u0259k; bu f\u0259rmandan ir\u0259li g\u0259l\u0259n dig\u0259r m\u0259s\u0259l\u0259l\u0259ri h\u0259ll etm\u0259k tap\u015f\u0131r\u0131l\u0131b.<\/p>\n<p>\u018fdliyy\u0259 Nazirliyi m\u0259rk\u0259zi icra hakimiyy\u0259ti orqanlar\u0131n\u0131n normativ h\u00fcquqi aktlar\u0131n\u0131n v\u0259 normativ xarakterli aktlar\u0131n bu f\u0259rmana uy\u011funla\u015fd\u0131r\u0131lmas\u0131n\u0131 t\u0259min edib Nazirl\u0259r Kabinetin\u0259 m\u0259lumat ver\u0259c\u0259k.<\/p>\n","protected":false},"excerpt":{"rendered":"<p>Prezident \u0130lham \u018fliyev &#8220;Az\u0259rbaycan Respublikas\u0131 Silahl\u0131 Q\u00fcvv\u0259l\u0259ri Ali Ba\u015f Komandan\u0131n\u0131n bayra\u011f\u0131 haqq\u0131nda \u018fsasnam\u0259&#8221;nin v\u0259 &#8220;Az\u0259rbaycan Respublikas\u0131 Silahl\u0131 Q\u00fcvv\u0259l\u0259ri Ali Ba\u015f Komandan\u0131n\u0131n bayra\u011f\u0131n\u0131n t\u0259sviri&#8221;nin t\u0259sdiq edilm\u0259si bar\u0259d\u0259 f\u0259rman imzalay\u0131b. ARANTV.AZ az\u0259rtac-a istinad\u0259n x\u0259b\u0259r verir ki, Nazirl\u0259r Kabinetin\u0259 Az\u0259rbaycan Respublikas\u0131 Prezidentinin aktlar\u0131n\u0131n bu f\u0259rmana uy\u011funla\u015fd\u0131r\u0131lmas\u0131 il\u0259 ba\u011fl\u0131 t\u0259klifl\u0259rini \u00fc\u00e7 ay m\u00fcdd\u0259tind\u0259 haz\u0131rlay\u0131b Az\u0259rbaycan Prezidentin\u0259 t\u0259qdim etm\u0259k; Nazirl\u0259r Kabinetinin normativ h\u00fcquqi aktlar\u0131n\u0131n bu f\u0259rmana uy\u011funla\u015fd\u0131r\u0131lmas\u0131n\u0131 \u00fc\u00e7 ay m\u00fcdd\u0259tind\u0259 t\u0259min edib Az\u0259rbaycan Prezidentin\u0259 m\u0259lumat verm\u0259k; m\u0259rk\u0259zi icra hakimiyy\u0259ti orqanlar\u0131n\u0131n normativ h\u00fcquqi aktlar\u0131n\u0131n bu f\u0259rmana uy\u011funla\u015fd\u0131r\u0131lmas\u0131n\u0131 n\u0259zar\u0259td\u0259 saxlamaq v\u0259 bunun icras\u0131 bar\u0259d\u0259 be\u015f ay m\u00fcdd\u0259tind\u0259&hellip;<\/p>\n","protected":false},"author":2,"featured_media":49580,"comment_status":"closed","ping_status":"closed","sticky":false,"template":"","format":"standard","meta":{"om_disable_all_campaigns":false,"_monsterinsights_skip_tracking":false,"_monsterinsights_sitenote_active":false,"_monsterinsights_sitenote_note":"","_monsterinsights_sitenote_category":0},"categories":[4],"tags":[],"aioseo_notices":[],"gutentor_comment":0,"rttpg_featured_image_url":{"full":["https:\/\/arantv.az\/wp-content\/uploads\/2019\/04\/55857638_356235948323875_937778780204695552_n-3.jpg",660,330,false],"landscape":["https:\/\/arantv.az\/wp-content\/uploads\/2019\/04\/55857638_356235948323875_937778780204695552_n-3.jpg",660,330,false],"portraits":["https:\/\/arantv.az\/wp-content\/uploads\/2019\/04\/55857638_356235948323875_937778780204695552_n-3.jpg",660,330,false],"thumbnail":["https:\/\/arantv.az\/wp-content\/uploads\/2019\/04\/55857638_356235948323875_937778780204695552_n-3-150x150.jpg",150,150,true],"medium":["https:\/\/arantv.az\/wp-content\/uploads\/2019\/04\/55857638_356235948323875_937778780204695552_n-3-300x150.jpg",300,150,true],"large":["https:\/\/arantv.az\/wp-content\/uploads\/2019\/04\/55857638_356235948323875_937778780204695552_n-3.jpg",640,320,false],"1536x1536":["https:\/\/arantv.az\/wp-content\/uploads\/2019\/04\/55857638_356235948323875_937778780204695552_n-3.jpg",660,330,false],"2048x2048":["https:\/\/arantv.az\/wp-content\/uploads\/2019\/04\/55857638_356235948323875_937778780204695552_n-3.jpg",660,330,false],"post-thumbnail":["https:\/\/arantv.az\/wp-content\/uploads\/2019\/04\/55857638_356235948323875_937778780204695552_n-3-240x172.jpg",240,172,true],"advps-thumb-one":["https:\/\/arantv.az\/wp-content\/uploads\/2019\/04\/55857638_356235948323875_937778780204695552_n-3.jpg",660,330,false]},"rttpg_author":{"display_name":"V\u00fcsal Rafiqo\u011flu","author_link":"https:\/\/arantv.az\/?author=2"},"rttpg_comment":0,"rttpg_category":"<a href=\"https:\/\/arantv.az\/?cat=4\" rel=\"category\">Siyas\u0259t<\/a>","rttpg_excerpt":"Prezident \u0130lham \u018fliyev &#8220;Az\u0259rbaycan Respublikas\u0131 Silahl\u0131 Q\u00fcvv\u0259l\u0259ri Ali Ba\u015f Komandan\u0131n\u0131n bayra\u011f\u0131 haqq\u0131nda \u018fsasnam\u0259&#8221;nin v\u0259 &#8220;Az\u0259rbaycan Respublikas\u0131 Silahl\u0131 Q\u00fcvv\u0259l\u0259ri Ali Ba\u015f Komandan\u0131n\u0131n bayra\u011f\u0131n\u0131n t\u0259sviri&#8221;nin t\u0259sdiq edilm\u0259si bar\u0259d\u0259 f\u0259rman imzalay\u0131b. ARANTV.AZ az\u0259rtac-a istinad\u0259n x\u0259b\u0259r verir ki, Nazirl\u0259r Kabinetin\u0259 Az\u0259rbaycan Respublikas\u0131 Prezidentinin aktlar\u0131n\u0131n bu f\u0259rmana uy\u011funla\u015fd\u0131r\u0131lmas\u0131 il\u0259 ba\u011fl\u0131 t\u0259klifl\u0259rini \u00fc\u00e7 ay m\u00fcdd\u0259tind\u0259 haz\u0131rlay\u0131b Az\u0259rbaycan Prezidentin\u0259 t\u0259qdim etm\u0259k; Nazirl\u0259r&hellip;","_links":{"self":[{"href":"https:\/\/arantv.az\/index.php?rest_route=\/wp\/v2\/posts\/50243"}],"collection":[{"href":"https:\/\/arantv.az\/index.php?rest_route=\/wp\/v2\/posts"}],"about":[{"href":"https:\/\/arantv.az\/index.php?rest_route=\/wp\/v2\/types\/post"}],"author":[{"embeddable":true,"href":"https:\/\/arantv.az\/index.php?rest_route=\/wp\/v2\/users\/2"}],"replies":[{"embeddable":true,"href":"https:\/\/arantv.az\/index.php?rest_route=%2Fwp%2Fv2%2Fcomments&post=50243"}],"version-history":[{"count":0,"href":"https:\/\/arantv.az\/index.php?rest_route=\/wp\/v2\/posts\/50243\/revisions"}],"wp:featuredmedia":[{"embeddable":true,"href":"https:\/\/arantv.az\/index.php?rest_route=\/wp\/v2\/media\/49580"}],"wp:attachment":[{"href":"https:\/\/arantv.az\/index.php?rest_route=%2Fwp%2Fv2%2Fmedia&parent=50243"}],"wp:term":[{"taxonomy":"category","embeddable":true,"href":"https:\/\/arantv.az\/index.php?rest_route=%2Fwp%2Fv2%2Fcategories&post=50243"},{"taxonomy":"post_tag","embeddable":true,"href":"https:\/\/arantv.az\/index.php?rest_route=%2Fwp%2Fv2%2Ftags&post=50243"}],"curies":[{"name":"wp","href":"https:\/\/api.w.org\/{rel}","templated":true}]}}