{"id":50251,"date":"2019-04-11T16:00:07","date_gmt":"2019-04-11T13:00:07","guid":{"rendered":"http:\/\/arantv.az\/?p=50251"},"modified":"2019-04-11T16:00:07","modified_gmt":"2019-04-11T13:00:07","slug":"cavusoglu-makronu-t%c9%99nqid-etdi-qondarma-erm%c9%99ni-soyqirimi","status":"publish","type":"post","link":"https:\/\/arantv.az\/?p=50251","title":{"rendered":"\u00c7avu\u015fo\u011flu Makronu t\u0259nqid etdi &#8211; Qondarma &#8220;erm\u0259ni soyq\u0131r\u0131m\u0131&#8221;"},"content":{"rendered":"<p>&#8220;Fransa Prezidenti Emmanuel Makron 24 aprel tarixinin qondarma &#8220;erm\u0259ni soyq\u0131r\u0131m\u0131&#8221;n\u0131n xatir\u0259 g\u00fcn\u00fc elan edilm\u0259si haqq\u0131nda f\u0259rman imzalamaqla beyn\u0259lxalq h\u00fcququ kobud \u015f\u0259kild\u0259 pozub&#8221;.<\/p>\n<p><strong>ARANTV.AZ<\/strong>\u00a0\u00a0<span style=\"color: #000000;\"><a style=\"color: #000000;\" href=\"https:\/\/az.trend.az\/\" target=\"_blank\" rel=\"noopener\">Trend<\/a><\/span>-\u0259 istinad\u0259n x\u0259b\u0259r verir ki, bunu T\u00fcrkiy\u0259nin xarici i\u015fl\u0259r naziri M\u00f6vlud \u00c7avu\u015fo\u011flu &#8220;Twitter&#8221; s\u0259hif\u0259sind\u0259 yaz\u0131b.<\/p>\n<p>Nazir bildirib ki, E.Makron bel\u0259 q\u0259rar q\u0259bul etm\u0259zd\u0259n \u0259vv\u0259l \u00f6z \u00f6lk\u0259sinin tarixinin qaranl\u0131q m\u0259qamlar\u0131na diqq\u0259t ets\u0259ydi, yax\u015f\u0131 olard\u0131.<\/p>\n<div id=\"AdviadNativeVideo0\" class=\"AdviadNativeVideo\"><\/div>\n<p>Qeyd ed\u0259k ki, aprelin 10-da E.Makron 24 aprel tarixinin Fransada qondarma &#8220;erm\u0259ni soyq\u0131r\u0131m\u0131&#8221;n\u0131n xatir\u0259 g\u00fcn\u00fc elan edilm\u0259si haqq\u0131nda f\u0259rman imzalay\u0131b.<\/p>\n","protected":false},"excerpt":{"rendered":"<p>&#8220;Fransa Prezidenti Emmanuel Makron 24 aprel tarixinin qondarma &#8220;erm\u0259ni soyq\u0131r\u0131m\u0131&#8221;n\u0131n xatir\u0259 g\u00fcn\u00fc elan edilm\u0259si haqq\u0131nda f\u0259rman imzalamaqla beyn\u0259lxalq h\u00fcququ kobud \u015f\u0259kild\u0259 pozub&#8221;. ARANTV.AZ\u00a0\u00a0Trend-\u0259 istinad\u0259n x\u0259b\u0259r verir ki, bunu T\u00fcrkiy\u0259nin xarici i\u015fl\u0259r naziri M\u00f6vlud \u00c7avu\u015fo\u011flu &#8220;Twitter&#8221; s\u0259hif\u0259sind\u0259 yaz\u0131b. Nazir bildirib ki, E.Makron bel\u0259 q\u0259rar q\u0259bul etm\u0259zd\u0259n \u0259vv\u0259l \u00f6z \u00f6lk\u0259sinin tarixinin qaranl\u0131q m\u0259qamlar\u0131na diqq\u0259t ets\u0259ydi, yax\u015f\u0131 olard\u0131. Qeyd ed\u0259k ki, aprelin 10-da E.Makron 24 aprel tarixinin Fransada qondarma &#8220;erm\u0259ni soyq\u0131r\u0131m\u0131&#8221;n\u0131n xatir\u0259 g\u00fcn\u00fc elan edilm\u0259si haqq\u0131nda f\u0259rman imzalay\u0131b.<\/p>\n","protected":false},"author":2,"featured_media":50252,"comment_status":"closed","ping_status":"closed","sticky":false,"template":"","format":"standard","meta":{"om_disable_all_campaigns":false,"_monsterinsights_skip_tracking":false,"_monsterinsights_sitenote_active":false,"_monsterinsights_sitenote_note":"","_monsterinsights_sitenote_category":0},"categories":[7],"tags":[],"aioseo_notices":[],"gutentor_comment":0,"rttpg_featured_image_url":{"full":["https:\/\/arantv.az\/wp-content\/uploads\/2019\/04\/746145.jpg",800,600,false],"landscape":["https:\/\/arantv.az\/wp-content\/uploads\/2019\/04\/746145.jpg",800,600,false],"portraits":["https:\/\/arantv.az\/wp-content\/uploads\/2019\/04\/746145.jpg",800,600,false],"thumbnail":["https:\/\/arantv.az\/wp-content\/uploads\/2019\/04\/746145-150x150.jpg",150,150,true],"medium":["https:\/\/arantv.az\/wp-content\/uploads\/2019\/04\/746145-300x225.jpg",300,225,true],"large":["https:\/\/arantv.az\/wp-content\/uploads\/2019\/04\/746145.jpg",640,480,false],"1536x1536":["https:\/\/arantv.az\/wp-content\/uploads\/2019\/04\/746145.jpg",800,600,false],"2048x2048":["https:\/\/arantv.az\/wp-content\/uploads\/2019\/04\/746145.jpg",800,600,false],"post-thumbnail":["https:\/\/arantv.az\/wp-content\/uploads\/2019\/04\/746145-240x172.jpg",240,172,true],"advps-thumb-one":["https:\/\/arantv.az\/wp-content\/uploads\/2019\/04\/746145.jpg",800,600,false]},"rttpg_author":{"display_name":"V\u00fcsal Rafiqo\u011flu","author_link":"https:\/\/arantv.az\/?author=2"},"rttpg_comment":0,"rttpg_category":"<a href=\"https:\/\/arantv.az\/?cat=7\" rel=\"category\">D\u00fcnya<\/a>","rttpg_excerpt":"&#8220;Fransa Prezidenti Emmanuel Makron 24 aprel tarixinin qondarma &#8220;erm\u0259ni soyq\u0131r\u0131m\u0131&#8221;n\u0131n xatir\u0259 g\u00fcn\u00fc elan edilm\u0259si haqq\u0131nda f\u0259rman imzalamaqla beyn\u0259lxalq h\u00fcququ kobud \u015f\u0259kild\u0259 pozub&#8221;. ARANTV.AZ\u00a0\u00a0Trend-\u0259 istinad\u0259n x\u0259b\u0259r verir ki, bunu T\u00fcrkiy\u0259nin xarici i\u015fl\u0259r naziri M\u00f6vlud \u00c7avu\u015fo\u011flu &#8220;Twitter&#8221; s\u0259hif\u0259sind\u0259 yaz\u0131b. Nazir bildirib ki, E.Makron bel\u0259 q\u0259rar q\u0259bul etm\u0259zd\u0259n \u0259vv\u0259l \u00f6z \u00f6lk\u0259sinin tarixinin qaranl\u0131q m\u0259qamlar\u0131na diqq\u0259t ets\u0259ydi, yax\u015f\u0131 olard\u0131.&hellip;","_links":{"self":[{"href":"https:\/\/arantv.az\/index.php?rest_route=\/wp\/v2\/posts\/50251"}],"collection":[{"href":"https:\/\/arantv.az\/index.php?rest_route=\/wp\/v2\/posts"}],"about":[{"href":"https:\/\/arantv.az\/index.php?rest_route=\/wp\/v2\/types\/post"}],"author":[{"embeddable":true,"href":"https:\/\/arantv.az\/index.php?rest_route=\/wp\/v2\/users\/2"}],"replies":[{"embeddable":true,"href":"https:\/\/arantv.az\/index.php?rest_route=%2Fwp%2Fv2%2Fcomments&post=50251"}],"version-history":[{"count":0,"href":"https:\/\/arantv.az\/index.php?rest_route=\/wp\/v2\/posts\/50251\/revisions"}],"wp:featuredmedia":[{"embeddable":true,"href":"https:\/\/arantv.az\/index.php?rest_route=\/wp\/v2\/media\/50252"}],"wp:attachment":[{"href":"https:\/\/arantv.az\/index.php?rest_route=%2Fwp%2Fv2%2Fmedia&parent=50251"}],"wp:term":[{"taxonomy":"category","embeddable":true,"href":"https:\/\/arantv.az\/index.php?rest_route=%2Fwp%2Fv2%2Fcategories&post=50251"},{"taxonomy":"post_tag","embeddable":true,"href":"https:\/\/arantv.az\/index.php?rest_route=%2Fwp%2Fv2%2Ftags&post=50251"}],"curies":[{"name":"wp","href":"https:\/\/api.w.org\/{rel}","templated":true}]}}