{"id":50257,"date":"2019-04-11T16:23:07","date_gmt":"2019-04-11T13:23:07","guid":{"rendered":"http:\/\/arantv.az\/?p=50257"},"modified":"2019-04-11T16:23:07","modified_gmt":"2019-04-11T13:23:07","slug":"az%c9%99rbaycanda-novb%c9%99d%c9%99nk%c9%99nar-parlament-seckil%c9%99ri-olacaq-siyavus-novruzov-aciqladi","status":"publish","type":"post","link":"https:\/\/arantv.az\/?p=50257","title":{"rendered":"Az\u0259rbaycanda n\u00f6vb\u0259d\u0259nk\u0259nar parlament se\u00e7kil\u0259ri olacaq? &#8211; Siyavu\u015f Novruzov A\u00c7IQLADI"},"content":{"rendered":"<p>&#8220;Az\u0259rbaycan Milli M\u0259clisin\u0259 erk\u0259n se\u00e7kil\u0259rin ke\u00e7irilm\u0259si g\u00fcnd\u0259md\u0259 deyil&#8221;.<\/p>\n<p>Bunu hakim Yeni Az\u0259rbaycan Partiyas\u0131n\u0131n (YAP) icra katibinin m\u00fcavini Siyavu\u015f Novruzov deyib. YAP r\u0259smisi bildirib ki, n\u00f6vb\u0259d\u0259nk\u0259nar se\u00e7kil\u0259rin ke\u00e7irilm\u0259si \u00fc\u00e7\u00fcn ya konstitusiyada d\u0259yi\u015fiklik edilm\u0259lidir, ya da parlament \u00f6z\u00fc-\u00f6z\u00fcn\u00fc buraxmal\u0131d\u0131r:<br \/>\n&#8220;Bu ilin dekab\u0131r\u0131nda b\u0259l\u0259diyy\u0259 se\u00e7kil\u0259ri olmal\u0131d\u0131r. Qanunvericiliy\u0259 uy\u011fun olaraq n\u00f6vb\u0259ti il is\u0259 parlament\u0259 se\u00e7kil\u0259r ke\u00e7iril\u0259c\u0259k. N\u0259 ba\u015f ver\u0259c\u0259yini biz proqnozla\u015fd\u0131ra bilm\u0259rik&#8221;. \/azvision<\/p>\n","protected":false},"excerpt":{"rendered":"<p>&#8220;Az\u0259rbaycan Milli M\u0259clisin\u0259 erk\u0259n se\u00e7kil\u0259rin ke\u00e7irilm\u0259si g\u00fcnd\u0259md\u0259 deyil&#8221;. Bunu hakim Yeni Az\u0259rbaycan Partiyas\u0131n\u0131n (YAP) icra katibinin m\u00fcavini Siyavu\u015f Novruzov deyib. YAP r\u0259smisi bildirib ki, n\u00f6vb\u0259d\u0259nk\u0259nar se\u00e7kil\u0259rin ke\u00e7irilm\u0259si \u00fc\u00e7\u00fcn ya konstitusiyada d\u0259yi\u015fiklik edilm\u0259lidir, ya da parlament \u00f6z\u00fc-\u00f6z\u00fcn\u00fc buraxmal\u0131d\u0131r: &#8220;Bu ilin dekab\u0131r\u0131nda b\u0259l\u0259diyy\u0259 se\u00e7kil\u0259ri olmal\u0131d\u0131r. Qanunvericiliy\u0259 uy\u011fun olaraq n\u00f6vb\u0259ti il is\u0259 parlament\u0259 se\u00e7kil\u0259r ke\u00e7iril\u0259c\u0259k. N\u0259 ba\u015f ver\u0259c\u0259yini biz proqnozla\u015fd\u0131ra bilm\u0259rik&#8221;. \/azvision<\/p>\n","protected":false},"author":2,"featured_media":50258,"comment_status":"closed","ping_status":"closed","sticky":false,"template":"","format":"standard","meta":{"om_disable_all_campaigns":false,"_monsterinsights_skip_tracking":false,"_monsterinsights_sitenote_active":false,"_monsterinsights_sitenote_note":"","_monsterinsights_sitenote_category":0},"categories":[4],"tags":[],"aioseo_notices":[],"gutentor_comment":0,"rttpg_featured_image_url":{"full":["https:\/\/arantv.az\/wp-content\/uploads\/2019\/04\/siyav-1554984699.jpg",549,308,false],"landscape":["https:\/\/arantv.az\/wp-content\/uploads\/2019\/04\/siyav-1554984699.jpg",549,308,false],"portraits":["https:\/\/arantv.az\/wp-content\/uploads\/2019\/04\/siyav-1554984699.jpg",549,308,false],"thumbnail":["https:\/\/arantv.az\/wp-content\/uploads\/2019\/04\/siyav-1554984699-150x150.jpg",150,150,true],"medium":["https:\/\/arantv.az\/wp-content\/uploads\/2019\/04\/siyav-1554984699-300x168.jpg",300,168,true],"large":["https:\/\/arantv.az\/wp-content\/uploads\/2019\/04\/siyav-1554984699.jpg",549,308,false],"1536x1536":["https:\/\/arantv.az\/wp-content\/uploads\/2019\/04\/siyav-1554984699.jpg",549,308,false],"2048x2048":["https:\/\/arantv.az\/wp-content\/uploads\/2019\/04\/siyav-1554984699.jpg",549,308,false],"post-thumbnail":["https:\/\/arantv.az\/wp-content\/uploads\/2019\/04\/siyav-1554984699-240x172.jpg",240,172,true],"advps-thumb-one":["https:\/\/arantv.az\/wp-content\/uploads\/2019\/04\/siyav-1554984699.jpg",549,308,false]},"rttpg_author":{"display_name":"V\u00fcsal Rafiqo\u011flu","author_link":"https:\/\/arantv.az\/?author=2"},"rttpg_comment":0,"rttpg_category":"<a href=\"https:\/\/arantv.az\/?cat=4\" rel=\"category\">Siyas\u0259t<\/a>","rttpg_excerpt":"&#8220;Az\u0259rbaycan Milli M\u0259clisin\u0259 erk\u0259n se\u00e7kil\u0259rin ke\u00e7irilm\u0259si g\u00fcnd\u0259md\u0259 deyil&#8221;. Bunu hakim Yeni Az\u0259rbaycan Partiyas\u0131n\u0131n (YAP) icra katibinin m\u00fcavini Siyavu\u015f Novruzov deyib. YAP r\u0259smisi bildirib ki, n\u00f6vb\u0259d\u0259nk\u0259nar se\u00e7kil\u0259rin ke\u00e7irilm\u0259si \u00fc\u00e7\u00fcn ya konstitusiyada d\u0259yi\u015fiklik edilm\u0259lidir, ya da parlament \u00f6z\u00fc-\u00f6z\u00fcn\u00fc buraxmal\u0131d\u0131r: &#8220;Bu ilin dekab\u0131r\u0131nda b\u0259l\u0259diyy\u0259 se\u00e7kil\u0259ri olmal\u0131d\u0131r. Qanunvericiliy\u0259 uy\u011fun olaraq n\u00f6vb\u0259ti il is\u0259 parlament\u0259 se\u00e7kil\u0259r ke\u00e7iril\u0259c\u0259k. N\u0259 ba\u015f ver\u0259c\u0259yini&hellip;","_links":{"self":[{"href":"https:\/\/arantv.az\/index.php?rest_route=\/wp\/v2\/posts\/50257"}],"collection":[{"href":"https:\/\/arantv.az\/index.php?rest_route=\/wp\/v2\/posts"}],"about":[{"href":"https:\/\/arantv.az\/index.php?rest_route=\/wp\/v2\/types\/post"}],"author":[{"embeddable":true,"href":"https:\/\/arantv.az\/index.php?rest_route=\/wp\/v2\/users\/2"}],"replies":[{"embeddable":true,"href":"https:\/\/arantv.az\/index.php?rest_route=%2Fwp%2Fv2%2Fcomments&post=50257"}],"version-history":[{"count":0,"href":"https:\/\/arantv.az\/index.php?rest_route=\/wp\/v2\/posts\/50257\/revisions"}],"wp:featuredmedia":[{"embeddable":true,"href":"https:\/\/arantv.az\/index.php?rest_route=\/wp\/v2\/media\/50258"}],"wp:attachment":[{"href":"https:\/\/arantv.az\/index.php?rest_route=%2Fwp%2Fv2%2Fmedia&parent=50257"}],"wp:term":[{"taxonomy":"category","embeddable":true,"href":"https:\/\/arantv.az\/index.php?rest_route=%2Fwp%2Fv2%2Fcategories&post=50257"},{"taxonomy":"post_tag","embeddable":true,"href":"https:\/\/arantv.az\/index.php?rest_route=%2Fwp%2Fv2%2Ftags&post=50257"}],"curies":[{"name":"wp","href":"https:\/\/api.w.org\/{rel}","templated":true}]}}