{"id":50276,"date":"2019-04-12T08:22:29","date_gmt":"2019-04-12T05:22:29","guid":{"rendered":"http:\/\/arantv.az\/?p=50276"},"modified":"2019-04-12T08:22:29","modified_gmt":"2019-04-12T05:22:29","slug":"az%c9%99rbaycanda-nar-istehsali-v%c9%99-ixraci-artirilacaq","status":"publish","type":"post","link":"https:\/\/arantv.az\/?p=50276","title":{"rendered":"Az\u0259rbaycanda nar istehsal\u0131 v\u0259 ixrac\u0131 art\u0131r\u0131lacaq"},"content":{"rendered":"<p>2019-cu ild\u0259 Az\u0259rbaycanda nar istehsal\u0131 7-10 faiz artacaq.<\/p>\n<p><strong>ARANTV.AZ<\/strong> bildirir ki, bunu<span style=\"color: #000000;\">\u00a0<a style=\"color: #000000;\" href=\"http:\/\/az.trend.az\/\" target=\"_blank\" rel=\"noopener\">Trend<\/a><\/span>-\u0259 Az\u0259rbaycan Nar \u0130stehsal\u00e7\u0131lar\u0131 v\u0259 \u0130xracat\u00e7\u0131lar\u0131 Assosiasiyas\u0131n\u0131n r\u0259hb\u0259ri F\u0259rhad Qara\u015fov deyib.<\/p>\n<p>F.Qara\u015fovun s\u00f6zl\u0259rin\u0259 g\u00f6r\u0259, \u00f6lk\u0259d\u0259 nar m\u0259hsullar\u0131n\u0131n istehsal\u0131 il\u0259 m\u0259\u015f\u011ful olan 15 m\u00fc\u0259ssis\u0259 2018-ci ild\u0259 60-70 min ton nar emal edib.<\/p>\n<p>\u0130xrac bar\u0259d\u0259 dan\u0131\u015fan assosiasiya r\u0259hb\u0259ri bildirib ki, bu il xarici bazarlara \u00e7\u0131xacaq m\u0259hsulun 12-15 min tonad\u0259k artaca\u011f\u0131 g\u00f6zl\u0259nilir.<\/p>\n<div id=\"AdviadNativeVideo0\" class=\"AdviadNativeVideo\"><\/div>\n<p>G\u0259l\u0259c\u0259k planlar bar\u0259d\u0259 dan\u0131\u015fan F.Qara\u015fov bildirib ki, Prezident \u0130lham \u018fliyevin f\u0259rman\u0131na \u0259sas\u0259n K\u0259nd T\u0259s\u0259rr\u00fcfat\u0131 Nazirliyind\u0259 k\u0259nd t\u0259s\u0259rr\u00fcfat\u0131 infrastrukturu v\u0259 sosial sektorun inki\u015faf\u0131 sah\u0259sind\u0259 bir s\u0131ra d\u00f6vl\u0259t proqramlar\u0131 haz\u0131rlan\u0131b. O \u00fcmidvar oldu\u011funu bildirib ki, bununla ba\u011fl\u0131 d\u00f6vl\u0259t subsidiyalar\u0131 artacaq. F.Qara\u015fov nar ba\u011flar\u0131n\u0131n \u00fcmumi sah\u0259sinin 28 min hektarad\u0259k geni\u015fl\u0259n\u0259c\u0259yinin g\u00f6zl\u0259nildiyini deyib.<\/p>\n<p>Assosiasiya r\u0259hb\u0259ri Az\u0259rbaycanda \u0130xrac\u0131n v\u0259 \u0130nvestisiyalar\u0131n T\u0259\u015fviqi Fondunun (AZPROMO) yerli nar m\u0259hsullar\u0131n\u0131n &#8220;Made in Azerbaijan&#8221; brendi alt\u0131nda b\u00fct\u00fcn d\u00fcnyada t\u0259\u015fviqind\u0259 d\u0259st\u0259yini vur\u011fulay\u0131b. Assosiasiya m\u00fcnt\u0259z\u0259m olaraq Az\u0259rbaycan nar\u0131n\u0131 yerli v\u0259 xarici bazarlarda n\u00fcmayi\u015f etdirir.<\/p>\n","protected":false},"excerpt":{"rendered":"<p>2019-cu ild\u0259 Az\u0259rbaycanda nar istehsal\u0131 7-10 faiz artacaq. ARANTV.AZ bildirir ki, bunu\u00a0Trend-\u0259 Az\u0259rbaycan Nar \u0130stehsal\u00e7\u0131lar\u0131 v\u0259 \u0130xracat\u00e7\u0131lar\u0131 Assosiasiyas\u0131n\u0131n r\u0259hb\u0259ri F\u0259rhad Qara\u015fov deyib. F.Qara\u015fovun s\u00f6zl\u0259rin\u0259 g\u00f6r\u0259, \u00f6lk\u0259d\u0259 nar m\u0259hsullar\u0131n\u0131n istehsal\u0131 il\u0259 m\u0259\u015f\u011ful olan 15 m\u00fc\u0259ssis\u0259 2018-ci ild\u0259 60-70 min ton nar emal edib. \u0130xrac bar\u0259d\u0259 dan\u0131\u015fan assosiasiya r\u0259hb\u0259ri bildirib ki, bu il xarici bazarlara \u00e7\u0131xacaq m\u0259hsulun 12-15 min tonad\u0259k artaca\u011f\u0131 g\u00f6zl\u0259nilir. G\u0259l\u0259c\u0259k planlar bar\u0259d\u0259 dan\u0131\u015fan F.Qara\u015fov bildirib ki, Prezident \u0130lham \u018fliyevin f\u0259rman\u0131na \u0259sas\u0259n K\u0259nd T\u0259s\u0259rr\u00fcfat\u0131 Nazirliyind\u0259 k\u0259nd t\u0259s\u0259rr\u00fcfat\u0131 infrastrukturu v\u0259 sosial sektorun inki\u015faf\u0131 sah\u0259sind\u0259 bir s\u0131ra d\u00f6vl\u0259t proqramlar\u0131 haz\u0131rlan\u0131b. O \u00fcmidvar&hellip;<\/p>\n","protected":false},"author":2,"featured_media":50277,"comment_status":"closed","ping_status":"closed","sticky":false,"template":"","format":"standard","meta":{"om_disable_all_campaigns":false,"_monsterinsights_skip_tracking":false,"_monsterinsights_sitenote_active":false,"_monsterinsights_sitenote_note":"","_monsterinsights_sitenote_category":0},"categories":[19],"tags":[],"aioseo_notices":[],"gutentor_comment":0,"rttpg_featured_image_url":{"full":["https:\/\/arantv.az\/wp-content\/uploads\/2019\/04\/746269.jpg",1280,850,false],"landscape":["https:\/\/arantv.az\/wp-content\/uploads\/2019\/04\/746269.jpg",1280,850,false],"portraits":["https:\/\/arantv.az\/wp-content\/uploads\/2019\/04\/746269.jpg",1280,850,false],"thumbnail":["https:\/\/arantv.az\/wp-content\/uploads\/2019\/04\/746269-150x150.jpg",150,150,true],"medium":["https:\/\/arantv.az\/wp-content\/uploads\/2019\/04\/746269-300x199.jpg",300,199,true],"large":["https:\/\/arantv.az\/wp-content\/uploads\/2019\/04\/746269-1024x680.jpg",640,425,true],"1536x1536":["https:\/\/arantv.az\/wp-content\/uploads\/2019\/04\/746269.jpg",1280,850,false],"2048x2048":["https:\/\/arantv.az\/wp-content\/uploads\/2019\/04\/746269.jpg",1280,850,false],"post-thumbnail":["https:\/\/arantv.az\/wp-content\/uploads\/2019\/04\/746269-240x172.jpg",240,172,true],"advps-thumb-one":["https:\/\/arantv.az\/wp-content\/uploads\/2019\/04\/746269-1200x620.jpg",1200,620,true]},"rttpg_author":{"display_name":"V\u00fcsal Rafiqo\u011flu","author_link":"https:\/\/arantv.az\/?author=2"},"rttpg_comment":0,"rttpg_category":"<a href=\"https:\/\/arantv.az\/?cat=19\" rel=\"category\">G\u00fcnd\u0259m<\/a>","rttpg_excerpt":"2019-cu ild\u0259 Az\u0259rbaycanda nar istehsal\u0131 7-10 faiz artacaq. ARANTV.AZ bildirir ki, bunu\u00a0Trend-\u0259 Az\u0259rbaycan Nar \u0130stehsal\u00e7\u0131lar\u0131 v\u0259 \u0130xracat\u00e7\u0131lar\u0131 Assosiasiyas\u0131n\u0131n r\u0259hb\u0259ri F\u0259rhad Qara\u015fov deyib. F.Qara\u015fovun s\u00f6zl\u0259rin\u0259 g\u00f6r\u0259, \u00f6lk\u0259d\u0259 nar m\u0259hsullar\u0131n\u0131n istehsal\u0131 il\u0259 m\u0259\u015f\u011ful olan 15 m\u00fc\u0259ssis\u0259 2018-ci ild\u0259 60-70 min ton nar emal edib. \u0130xrac bar\u0259d\u0259 dan\u0131\u015fan assosiasiya r\u0259hb\u0259ri bildirib ki, bu il xarici bazarlara \u00e7\u0131xacaq m\u0259hsulun&hellip;","_links":{"self":[{"href":"https:\/\/arantv.az\/index.php?rest_route=\/wp\/v2\/posts\/50276"}],"collection":[{"href":"https:\/\/arantv.az\/index.php?rest_route=\/wp\/v2\/posts"}],"about":[{"href":"https:\/\/arantv.az\/index.php?rest_route=\/wp\/v2\/types\/post"}],"author":[{"embeddable":true,"href":"https:\/\/arantv.az\/index.php?rest_route=\/wp\/v2\/users\/2"}],"replies":[{"embeddable":true,"href":"https:\/\/arantv.az\/index.php?rest_route=%2Fwp%2Fv2%2Fcomments&post=50276"}],"version-history":[{"count":0,"href":"https:\/\/arantv.az\/index.php?rest_route=\/wp\/v2\/posts\/50276\/revisions"}],"wp:featuredmedia":[{"embeddable":true,"href":"https:\/\/arantv.az\/index.php?rest_route=\/wp\/v2\/media\/50277"}],"wp:attachment":[{"href":"https:\/\/arantv.az\/index.php?rest_route=%2Fwp%2Fv2%2Fmedia&parent=50276"}],"wp:term":[{"taxonomy":"category","embeddable":true,"href":"https:\/\/arantv.az\/index.php?rest_route=%2Fwp%2Fv2%2Fcategories&post=50276"},{"taxonomy":"post_tag","embeddable":true,"href":"https:\/\/arantv.az\/index.php?rest_route=%2Fwp%2Fv2%2Ftags&post=50276"}],"curies":[{"name":"wp","href":"https:\/\/api.w.org\/{rel}","templated":true}]}}