{"id":50307,"date":"2019-04-12T09:03:22","date_gmt":"2019-04-12T06:03:22","guid":{"rendered":"http:\/\/arantv.az\/?p=50307"},"modified":"2019-04-12T09:03:22","modified_gmt":"2019-04-12T06:03:22","slug":"intihar-ed%c9%99n-elinanin-m%c9%99kt%c9%99b-direktoru-h%c9%99yati-t%c9%99hluk%c9%99d%c9%99dir","status":"publish","type":"post","link":"https:\/\/arantv.az\/?p=50307","title":{"rendered":"\u0130ntihar ed\u0259n Elinan\u0131n m\u0259kt\u0259b direktoru h\u0259yat\u0131 t\u0259hl\u00fck\u0259d\u0259dir?"},"content":{"rendered":"<p>Elina Hac\u0131yevan\u0131n intihar etdiyi 162 n\u00f6mr\u0259li m\u0259kt\u0259bin direktoru Sevin Abbasovan\u0131n h\u0259yat\u0131na g\u00f6r\u0259 narahatam.<\/p>\n<p><b>ARANTV.AZ\u00a0<\/b>\u00a0bildirir ki, Buta.media-n\u0131n m\u0259lumat\u0131na g\u00f6r\u0259, bunu Az\u0259rbaycan U\u015faqlar Birliyinin s\u0259dri K\u0259mal\u0259 A\u011fazad\u0259 jurnalisl\u0259r\u0259 a\u00e7\u0131qlamas\u0131nda deyib.<\/p>\n<p>Onun s\u00f6zl\u0259rin\u0259 g\u00f6r\u0259, istintaq tamamlayana q\u0259d\u0259r kims\u0259 ittiham etm\u0259k d\u00fczg\u00fcn deyil:<\/p>\n<p>&#8220;V\u0259t\u0259nda\u015flar Elinan\u0131n intihar\u0131nda g\u00fcnahkar olnalar\u0131 c\u0259zaland\u0131rmaq t\u0259l\u0259b edirl\u0259r. Kimis\u0259 m\u0259hk\u0259m\u0259siz c\u0259zaland\u0131rmaq olmaz. Onun da ail\u0259si var. S. Abbasovadan v\u0259 onun 11 sinifd\u0259 oxuyan o\u011fluna g\u00f6r\u0259 qorxuram. T\u0259cav\u00fcz yax\u015f\u0131 bir \u015fey\u0259 g\u0259tirib \u00e7\u0131xarmayacaq. Bir \u00e7ox insanlar bu hadis\u0259d\u0259n sonra u\u015faqlar\u0131 m\u0259kt\u0259b\u0259 getm\u0259kd\u0259n qorxurlar. Ancaq bu tamamil\u0259 yanl\u0131\u015f bir yana\u015fmad\u0131r&#8221;.<\/p>\n","protected":false},"excerpt":{"rendered":"<p>Elina Hac\u0131yevan\u0131n intihar etdiyi 162 n\u00f6mr\u0259li m\u0259kt\u0259bin direktoru Sevin Abbasovan\u0131n h\u0259yat\u0131na g\u00f6r\u0259 narahatam. ARANTV.AZ\u00a0\u00a0bildirir ki, Buta.media-n\u0131n m\u0259lumat\u0131na g\u00f6r\u0259, bunu Az\u0259rbaycan U\u015faqlar Birliyinin s\u0259dri K\u0259mal\u0259 A\u011fazad\u0259 jurnalisl\u0259r\u0259 a\u00e7\u0131qlamas\u0131nda deyib. Onun s\u00f6zl\u0259rin\u0259 g\u00f6r\u0259, istintaq tamamlayana q\u0259d\u0259r kims\u0259 ittiham etm\u0259k d\u00fczg\u00fcn deyil: &#8220;V\u0259t\u0259nda\u015flar Elinan\u0131n intihar\u0131nda g\u00fcnahkar olnalar\u0131 c\u0259zaland\u0131rmaq t\u0259l\u0259b edirl\u0259r. Kimis\u0259 m\u0259hk\u0259m\u0259siz c\u0259zaland\u0131rmaq olmaz. Onun da ail\u0259si var. S. Abbasovadan v\u0259 onun 11 sinifd\u0259 oxuyan o\u011fluna g\u00f6r\u0259 qorxuram. T\u0259cav\u00fcz yax\u015f\u0131 bir \u015fey\u0259 g\u0259tirib \u00e7\u0131xarmayacaq. Bir \u00e7ox insanlar bu hadis\u0259d\u0259n sonra u\u015faqlar\u0131 m\u0259kt\u0259b\u0259 getm\u0259kd\u0259n qorxurlar. Ancaq bu tamamil\u0259 yanl\u0131\u015f bir yana\u015fmad\u0131r&#8221;.<\/p>\n","protected":false},"author":2,"featured_media":50308,"comment_status":"closed","ping_status":"closed","sticky":false,"template":"","format":"standard","meta":{"om_disable_all_campaigns":false,"_monsterinsights_skip_tracking":false,"_monsterinsights_sitenote_active":false,"_monsterinsights_sitenote_note":"","_monsterinsights_sitenote_category":0},"categories":[1],"tags":[],"aioseo_notices":[],"gutentor_comment":0,"rttpg_featured_image_url":{"full":["https:\/\/arantv.az\/wp-content\/uploads\/2019\/04\/1555004644_1.jpg",550,351,false],"landscape":["https:\/\/arantv.az\/wp-content\/uploads\/2019\/04\/1555004644_1.jpg",550,351,false],"portraits":["https:\/\/arantv.az\/wp-content\/uploads\/2019\/04\/1555004644_1.jpg",550,351,false],"thumbnail":["https:\/\/arantv.az\/wp-content\/uploads\/2019\/04\/1555004644_1-150x150.jpg",150,150,true],"medium":["https:\/\/arantv.az\/wp-content\/uploads\/2019\/04\/1555004644_1-300x191.jpg",300,191,true],"large":["https:\/\/arantv.az\/wp-content\/uploads\/2019\/04\/1555004644_1.jpg",550,351,false],"1536x1536":["https:\/\/arantv.az\/wp-content\/uploads\/2019\/04\/1555004644_1.jpg",550,351,false],"2048x2048":["https:\/\/arantv.az\/wp-content\/uploads\/2019\/04\/1555004644_1.jpg",550,351,false],"post-thumbnail":["https:\/\/arantv.az\/wp-content\/uploads\/2019\/04\/1555004644_1-240x172.jpg",240,172,true],"advps-thumb-one":["https:\/\/arantv.az\/wp-content\/uploads\/2019\/04\/1555004644_1.jpg",550,351,false]},"rttpg_author":{"display_name":"V\u00fcsal Rafiqo\u011flu","author_link":"https:\/\/arantv.az\/?author=2"},"rttpg_comment":0,"rttpg_category":"<a href=\"https:\/\/arantv.az\/?cat=1\" rel=\"category\">C\u0259miyy\u0259t<\/a>","rttpg_excerpt":"Elina Hac\u0131yevan\u0131n intihar etdiyi 162 n\u00f6mr\u0259li m\u0259kt\u0259bin direktoru Sevin Abbasovan\u0131n h\u0259yat\u0131na g\u00f6r\u0259 narahatam. ARANTV.AZ\u00a0\u00a0bildirir ki, Buta.media-n\u0131n m\u0259lumat\u0131na g\u00f6r\u0259, bunu Az\u0259rbaycan U\u015faqlar Birliyinin s\u0259dri K\u0259mal\u0259 A\u011fazad\u0259 jurnalisl\u0259r\u0259 a\u00e7\u0131qlamas\u0131nda deyib. Onun s\u00f6zl\u0259rin\u0259 g\u00f6r\u0259, istintaq tamamlayana q\u0259d\u0259r kims\u0259 ittiham etm\u0259k d\u00fczg\u00fcn deyil: &#8220;V\u0259t\u0259nda\u015flar Elinan\u0131n intihar\u0131nda g\u00fcnahkar olnalar\u0131 c\u0259zaland\u0131rmaq t\u0259l\u0259b edirl\u0259r. Kimis\u0259 m\u0259hk\u0259m\u0259siz c\u0259zaland\u0131rmaq olmaz. Onun da ail\u0259si var.&hellip;","_links":{"self":[{"href":"https:\/\/arantv.az\/index.php?rest_route=\/wp\/v2\/posts\/50307"}],"collection":[{"href":"https:\/\/arantv.az\/index.php?rest_route=\/wp\/v2\/posts"}],"about":[{"href":"https:\/\/arantv.az\/index.php?rest_route=\/wp\/v2\/types\/post"}],"author":[{"embeddable":true,"href":"https:\/\/arantv.az\/index.php?rest_route=\/wp\/v2\/users\/2"}],"replies":[{"embeddable":true,"href":"https:\/\/arantv.az\/index.php?rest_route=%2Fwp%2Fv2%2Fcomments&post=50307"}],"version-history":[{"count":0,"href":"https:\/\/arantv.az\/index.php?rest_route=\/wp\/v2\/posts\/50307\/revisions"}],"wp:featuredmedia":[{"embeddable":true,"href":"https:\/\/arantv.az\/index.php?rest_route=\/wp\/v2\/media\/50308"}],"wp:attachment":[{"href":"https:\/\/arantv.az\/index.php?rest_route=%2Fwp%2Fv2%2Fmedia&parent=50307"}],"wp:term":[{"taxonomy":"category","embeddable":true,"href":"https:\/\/arantv.az\/index.php?rest_route=%2Fwp%2Fv2%2Fcategories&post=50307"},{"taxonomy":"post_tag","embeddable":true,"href":"https:\/\/arantv.az\/index.php?rest_route=%2Fwp%2Fv2%2Ftags&post=50307"}],"curies":[{"name":"wp","href":"https:\/\/api.w.org\/{rel}","templated":true}]}}