{"id":50327,"date":"2019-04-12T10:04:31","date_gmt":"2019-04-12T07:04:31","guid":{"rendered":"http:\/\/arantv.az\/?p=50327"},"modified":"2019-04-12T10:04:31","modified_gmt":"2019-04-12T07:04:31","slug":"14-yasli-elinanin-intihari-turkiy%c9%99-m%c9%99tbuatinda-video","status":"publish","type":"post","link":"https:\/\/arantv.az\/?p=50327","title":{"rendered":"14 ya\u015fl\u0131 Elinan\u0131n intihar\u0131 T\u00fcrkiy\u0259 m\u0259tbuat\u0131nda &#8211; V\u0130DEO"},"content":{"rendered":"<p>X\u0259b\u0259r verdiyimiz kimi, aprelin 4-d\u0259 S\u0259bail rayon 162 sayl\u0131 orta m\u0259kt\u0259bin 8-ci sinif \u015fagirdi Elina Hac\u0131yeva \u00f6z\u00fcn\u00fc 3-c\u00fc m\u0259rt\u0259b\u0259d\u0259n ataraq intihar edib. Elina Hac\u0131yeva yaral\u0131 halda x\u0259st\u0259xanaya \u00e7atd\u0131r\u0131l\u0131b. Bir ne\u00e7\u0259 g\u00fcn sonra is\u0259 orada v\u0259fat edib. Faktla ba\u011fl\u0131 Az\u0259rbaycan Cinay\u0259t M\u0259c\u0259ll\u0259sinin 125-ci madd\u0259si (\u00f6z\u00fcn\u00fc intihar h\u0259ddin\u0259 \u00e7atd\u0131rma) \u00fczr\u0259 cinay\u0259t i\u015fi a\u00e7\u0131l\u0131b.<\/p>\n<p>Qeyd ed\u0259k ki, Elina Hac\u0131yevan\u0131n intihar etm\u0259si il\u0259 ba\u011fl\u0131 m\u0259s\u0259l\u0259 Prezident \u0130lham \u018fliyevin v\u0259 x\u00fcsusil\u0259 d\u0259 Birinci vitse-prezident Mehriban \u018fliyevan\u0131n diqq\u0259tind\u0259dir. Bu m\u0259s\u0259l\u0259 il\u0259 ba\u011fl\u0131 b\u00fct\u00fcn d\u00f6vl\u0259t qurumlar\u0131na x\u00fcsusi tap\u015f\u0131r\u0131qlar verilib ki, m\u0259s\u0259l\u0259 ciddi \u015f\u0259kild\u0259 ara\u015fd\u0131r\u0131ls\u0131n.<\/p>\n<div id=\"AdviadNativeVideo0\" class=\"AdviadNativeVideo\"><\/div>\n<p><b>ARANTV.AZ <\/b>\u00a0x\u0259b\u0259r verir ki, Elina Hac\u0131yevan\u0131n intihar\u0131 T\u00fcrkiy\u0259 m\u0259tbuat\u0131nda da \u0131\u015f\u0131qland\u0131r\u0131l\u0131b.<\/p>\n<p>Bel\u0259 ki, Elina Hac\u0131yevan\u0131n intihar videosu il\u0259 ba\u011fl\u0131 x\u0259b\u0259ri ver\u0259r\u0259k m\u0259kt\u0259blinin s\u0259hl\u0259nkarl\u0131q ucbat\u0131ndan \u00f6ld\u00fcy\u00fc bildirilib. Bundan \u0259lav\u0259 x\u0259b\u0259rd\u0259 hadis\u0259nin ciddi \u015f\u0259kild\u0259 ara\u015fd\u0131r\u0131lmas\u0131 \u00fc\u00e7\u00fcn Az\u0259rbaycan prezidentinin g\u00f6st\u0259ri\u015f verdiyini d\u0259 vur\u011fulay\u0131blar. big.az<\/p>\n","protected":false},"excerpt":{"rendered":"<p>X\u0259b\u0259r verdiyimiz kimi, aprelin 4-d\u0259 S\u0259bail rayon 162 sayl\u0131 orta m\u0259kt\u0259bin 8-ci sinif \u015fagirdi Elina Hac\u0131yeva \u00f6z\u00fcn\u00fc 3-c\u00fc m\u0259rt\u0259b\u0259d\u0259n ataraq intihar edib. Elina Hac\u0131yeva yaral\u0131 halda x\u0259st\u0259xanaya \u00e7atd\u0131r\u0131l\u0131b. Bir ne\u00e7\u0259 g\u00fcn sonra is\u0259 orada v\u0259fat edib. Faktla ba\u011fl\u0131 Az\u0259rbaycan Cinay\u0259t M\u0259c\u0259ll\u0259sinin 125-ci madd\u0259si (\u00f6z\u00fcn\u00fc intihar h\u0259ddin\u0259 \u00e7atd\u0131rma) \u00fczr\u0259 cinay\u0259t i\u015fi a\u00e7\u0131l\u0131b. Qeyd ed\u0259k ki, Elina Hac\u0131yevan\u0131n intihar etm\u0259si il\u0259 ba\u011fl\u0131 m\u0259s\u0259l\u0259 Prezident \u0130lham \u018fliyevin v\u0259 x\u00fcsusil\u0259 d\u0259 Birinci vitse-prezident Mehriban \u018fliyevan\u0131n diqq\u0259tind\u0259dir. Bu m\u0259s\u0259l\u0259 il\u0259 ba\u011fl\u0131 b\u00fct\u00fcn d\u00f6vl\u0259t qurumlar\u0131na x\u00fcsusi tap\u015f\u0131r\u0131qlar verilib ki, m\u0259s\u0259l\u0259 ciddi \u015f\u0259kild\u0259 ara\u015fd\u0131r\u0131ls\u0131n. ARANTV.AZ \u00a0x\u0259b\u0259r verir&hellip;<\/p>\n","protected":false},"author":2,"featured_media":50328,"comment_status":"closed","ping_status":"closed","sticky":false,"template":"","format":"standard","meta":{"om_disable_all_campaigns":false,"_monsterinsights_skip_tracking":false,"_monsterinsights_sitenote_active":false,"_monsterinsights_sitenote_note":"","_monsterinsights_sitenote_category":0},"categories":[1],"tags":[],"aioseo_notices":[],"gutentor_comment":0,"rttpg_featured_image_url":{"full":["https:\/\/arantv.az\/wp-content\/uploads\/2019\/04\/5_31555052031.jpg",650,344,false],"landscape":["https:\/\/arantv.az\/wp-content\/uploads\/2019\/04\/5_31555052031.jpg",650,344,false],"portraits":["https:\/\/arantv.az\/wp-content\/uploads\/2019\/04\/5_31555052031.jpg",650,344,false],"thumbnail":["https:\/\/arantv.az\/wp-content\/uploads\/2019\/04\/5_31555052031-150x150.jpg",150,150,true],"medium":["https:\/\/arantv.az\/wp-content\/uploads\/2019\/04\/5_31555052031-300x159.jpg",300,159,true],"large":["https:\/\/arantv.az\/wp-content\/uploads\/2019\/04\/5_31555052031.jpg",640,339,false],"1536x1536":["https:\/\/arantv.az\/wp-content\/uploads\/2019\/04\/5_31555052031.jpg",650,344,false],"2048x2048":["https:\/\/arantv.az\/wp-content\/uploads\/2019\/04\/5_31555052031.jpg",650,344,false],"post-thumbnail":["https:\/\/arantv.az\/wp-content\/uploads\/2019\/04\/5_31555052031-240x172.jpg",240,172,true],"advps-thumb-one":["https:\/\/arantv.az\/wp-content\/uploads\/2019\/04\/5_31555052031.jpg",650,344,false]},"rttpg_author":{"display_name":"V\u00fcsal Rafiqo\u011flu","author_link":"https:\/\/arantv.az\/?author=2"},"rttpg_comment":0,"rttpg_category":"<a href=\"https:\/\/arantv.az\/?cat=1\" rel=\"category\">C\u0259miyy\u0259t<\/a>","rttpg_excerpt":"X\u0259b\u0259r verdiyimiz kimi, aprelin 4-d\u0259 S\u0259bail rayon 162 sayl\u0131 orta m\u0259kt\u0259bin 8-ci sinif \u015fagirdi Elina Hac\u0131yeva \u00f6z\u00fcn\u00fc 3-c\u00fc m\u0259rt\u0259b\u0259d\u0259n ataraq intihar edib. Elina Hac\u0131yeva yaral\u0131 halda x\u0259st\u0259xanaya \u00e7atd\u0131r\u0131l\u0131b. Bir ne\u00e7\u0259 g\u00fcn sonra is\u0259 orada v\u0259fat edib. Faktla ba\u011fl\u0131 Az\u0259rbaycan Cinay\u0259t M\u0259c\u0259ll\u0259sinin 125-ci madd\u0259si (\u00f6z\u00fcn\u00fc intihar h\u0259ddin\u0259 \u00e7atd\u0131rma) \u00fczr\u0259 cinay\u0259t i\u015fi a\u00e7\u0131l\u0131b. Qeyd ed\u0259k ki, Elina&hellip;","_links":{"self":[{"href":"https:\/\/arantv.az\/index.php?rest_route=\/wp\/v2\/posts\/50327"}],"collection":[{"href":"https:\/\/arantv.az\/index.php?rest_route=\/wp\/v2\/posts"}],"about":[{"href":"https:\/\/arantv.az\/index.php?rest_route=\/wp\/v2\/types\/post"}],"author":[{"embeddable":true,"href":"https:\/\/arantv.az\/index.php?rest_route=\/wp\/v2\/users\/2"}],"replies":[{"embeddable":true,"href":"https:\/\/arantv.az\/index.php?rest_route=%2Fwp%2Fv2%2Fcomments&post=50327"}],"version-history":[{"count":0,"href":"https:\/\/arantv.az\/index.php?rest_route=\/wp\/v2\/posts\/50327\/revisions"}],"wp:featuredmedia":[{"embeddable":true,"href":"https:\/\/arantv.az\/index.php?rest_route=\/wp\/v2\/media\/50328"}],"wp:attachment":[{"href":"https:\/\/arantv.az\/index.php?rest_route=%2Fwp%2Fv2%2Fmedia&parent=50327"}],"wp:term":[{"taxonomy":"category","embeddable":true,"href":"https:\/\/arantv.az\/index.php?rest_route=%2Fwp%2Fv2%2Fcategories&post=50327"},{"taxonomy":"post_tag","embeddable":true,"href":"https:\/\/arantv.az\/index.php?rest_route=%2Fwp%2Fv2%2Ftags&post=50327"}],"curies":[{"name":"wp","href":"https:\/\/api.w.org\/{rel}","templated":true}]}}