{"id":50379,"date":"2019-04-12T10:55:07","date_gmt":"2019-04-12T07:55:07","guid":{"rendered":"http:\/\/arantv.az\/?p=50379"},"modified":"2019-04-12T10:55:07","modified_gmt":"2019-04-12T07:55:07","slug":"prezident-ilham-%c9%99liyev-rusiya-federal-m%c9%99clisi-federasiya-surasinin-s%c9%99drini-q%c9%99bul-edib-foto","status":"publish","type":"post","link":"https:\/\/arantv.az\/?p=50379","title":{"rendered":"Prezident \u0130lham \u018fliyev Rusiya Federal M\u0259clisi Federasiya \u015euras\u0131n\u0131n s\u0259drini q\u0259bul edib &#8211; FOTO"},"content":{"rendered":"<p>Az\u0259rbaycan Respublikas\u0131n\u0131n Prezidenti<strong>\u00a0\u0130lham \u018fliyev<\/strong>\u00a0aprelin 12-d\u0259 Rusiya Federasiyas\u0131 Federal M\u0259clisi Federasiya \u015euras\u0131n\u0131n s\u0259dri xan\u0131m\u00a0<strong>Valentina Matviyenko<\/strong>nun ba\u015f\u00e7\u0131l\u0131q etdiyi n\u00fcmay\u0259nd\u0259 hey\u0259tini q\u0259bul edib.<\/p>\n<p><strong>ARANTV.AZ<\/strong> az\u0259rtac-a istinad\u0259n x\u0259b\u0259r verir ki, g\u00f6r\u00fc\u015fd\u0259 Prezident \u0130lham \u018fliyev Rusiya Federal M\u0259clisi Federasiya \u015euras\u0131n\u0131n s\u0259dri Valentina Matviyenkoya Az\u0259rbaycan\u0131n &#8220;Dostluq&#8221; ordenini t\u0259qdim edib.<\/p>\n<p>Xan\u0131m Valentina Matviyenko Az\u0259rbaycan il\u0259 Rusiya aras\u0131nda \u0259m\u0259kda\u015fl\u0131q v\u0259 qar\u015f\u0131l\u0131ql\u0131 \u0259laq\u0259l\u0259rin m\u00f6hk\u0259ml\u0259ndirilm\u0259sind\u0259 x\u00fcsusi xidm\u0259tl\u0259rin\u0259 g\u00f6r\u0259 d\u00f6vl\u0259timizin ba\u015f\u00e7\u0131s\u0131n\u0131n S\u0259r\u0259ncam\u0131 il\u0259 bu ordenl\u0259 t\u0259ltif olunub.<\/p>\n<p><img loading=\"lazy\" class=\"alignnone size-medium wp-image-50380\" src=\"https:\/\/arantv.az\/wp-content\/uploads\/2019\/04\/746353-300x225.jpg\" alt=\"\" width=\"300\" height=\"225\" \/><img loading=\"lazy\" class=\"alignnone size-full wp-image-50381\" src=\"https:\/\/arantv.az\/wp-content\/uploads\/2019\/04\/746353_01.jpg\" alt=\"\" width=\"250\" height=\"184\" \/><img loading=\"lazy\" class=\"alignnone size-full wp-image-50382\" src=\"https:\/\/arantv.az\/wp-content\/uploads\/2019\/04\/746353_07.jpg\" alt=\"\" width=\"250\" height=\"222\" \/><img loading=\"lazy\" class=\"alignnone size-full wp-image-50383\" src=\"https:\/\/arantv.az\/wp-content\/uploads\/2019\/04\/746353_09.jpg\" alt=\"\" width=\"250\" height=\"176\" \/><img loading=\"lazy\" class=\"alignnone size-full wp-image-50384\" src=\"https:\/\/arantv.az\/wp-content\/uploads\/2019\/04\/746353_04.jpg\" alt=\"\" width=\"250\" height=\"169\" \/><img loading=\"lazy\" class=\"alignnone size-full wp-image-50385\" src=\"https:\/\/arantv.az\/wp-content\/uploads\/2019\/04\/746353_03.jpg\" alt=\"\" width=\"250\" height=\"159\" \/><\/p>\n","protected":false},"excerpt":{"rendered":"<p>Az\u0259rbaycan Respublikas\u0131n\u0131n Prezidenti\u00a0\u0130lham \u018fliyev\u00a0aprelin 12-d\u0259 Rusiya Federasiyas\u0131 Federal M\u0259clisi Federasiya \u015euras\u0131n\u0131n s\u0259dri xan\u0131m\u00a0Valentina Matviyenkonun ba\u015f\u00e7\u0131l\u0131q etdiyi n\u00fcmay\u0259nd\u0259 hey\u0259tini q\u0259bul edib. ARANTV.AZ az\u0259rtac-a istinad\u0259n x\u0259b\u0259r verir ki, g\u00f6r\u00fc\u015fd\u0259 Prezident \u0130lham \u018fliyev Rusiya Federal M\u0259clisi Federasiya \u015euras\u0131n\u0131n s\u0259dri Valentina Matviyenkoya Az\u0259rbaycan\u0131n &#8220;Dostluq&#8221; ordenini t\u0259qdim edib. Xan\u0131m Valentina Matviyenko Az\u0259rbaycan il\u0259 Rusiya aras\u0131nda \u0259m\u0259kda\u015fl\u0131q v\u0259 qar\u015f\u0131l\u0131ql\u0131 \u0259laq\u0259l\u0259rin m\u00f6hk\u0259ml\u0259ndirilm\u0259sind\u0259 x\u00fcsusi xidm\u0259tl\u0259rin\u0259 g\u00f6r\u0259 d\u00f6vl\u0259timizin ba\u015f\u00e7\u0131s\u0131n\u0131n S\u0259r\u0259ncam\u0131 il\u0259 bu ordenl\u0259 t\u0259ltif olunub.<\/p>\n","protected":false},"author":2,"featured_media":50380,"comment_status":"closed","ping_status":"closed","sticky":false,"template":"","format":"standard","meta":{"om_disable_all_campaigns":false,"_monsterinsights_skip_tracking":false,"_monsterinsights_sitenote_active":false,"_monsterinsights_sitenote_note":"","_monsterinsights_sitenote_category":0},"categories":[4],"tags":[],"aioseo_notices":[],"gutentor_comment":0,"rttpg_featured_image_url":{"full":["https:\/\/arantv.az\/wp-content\/uploads\/2019\/04\/746353.jpg",800,600,false],"landscape":["https:\/\/arantv.az\/wp-content\/uploads\/2019\/04\/746353.jpg",800,600,false],"portraits":["https:\/\/arantv.az\/wp-content\/uploads\/2019\/04\/746353.jpg",800,600,false],"thumbnail":["https:\/\/arantv.az\/wp-content\/uploads\/2019\/04\/746353-150x150.jpg",150,150,true],"medium":["https:\/\/arantv.az\/wp-content\/uploads\/2019\/04\/746353-300x225.jpg",300,225,true],"large":["https:\/\/arantv.az\/wp-content\/uploads\/2019\/04\/746353.jpg",640,480,false],"1536x1536":["https:\/\/arantv.az\/wp-content\/uploads\/2019\/04\/746353.jpg",800,600,false],"2048x2048":["https:\/\/arantv.az\/wp-content\/uploads\/2019\/04\/746353.jpg",800,600,false],"post-thumbnail":["https:\/\/arantv.az\/wp-content\/uploads\/2019\/04\/746353-240x172.jpg",240,172,true],"advps-thumb-one":["https:\/\/arantv.az\/wp-content\/uploads\/2019\/04\/746353.jpg",800,600,false]},"rttpg_author":{"display_name":"V\u00fcsal Rafiqo\u011flu","author_link":"https:\/\/arantv.az\/?author=2"},"rttpg_comment":0,"rttpg_category":"<a href=\"https:\/\/arantv.az\/?cat=4\" rel=\"category\">Siyas\u0259t<\/a>","rttpg_excerpt":"Az\u0259rbaycan Respublikas\u0131n\u0131n Prezidenti\u00a0\u0130lham \u018fliyev\u00a0aprelin 12-d\u0259 Rusiya Federasiyas\u0131 Federal M\u0259clisi Federasiya \u015euras\u0131n\u0131n s\u0259dri xan\u0131m\u00a0Valentina Matviyenkonun ba\u015f\u00e7\u0131l\u0131q etdiyi n\u00fcmay\u0259nd\u0259 hey\u0259tini q\u0259bul edib. ARANTV.AZ az\u0259rtac-a istinad\u0259n x\u0259b\u0259r verir ki, g\u00f6r\u00fc\u015fd\u0259 Prezident \u0130lham \u018fliyev Rusiya Federal M\u0259clisi Federasiya \u015euras\u0131n\u0131n s\u0259dri Valentina Matviyenkoya Az\u0259rbaycan\u0131n &#8220;Dostluq&#8221; ordenini t\u0259qdim edib. Xan\u0131m Valentina Matviyenko Az\u0259rbaycan il\u0259 Rusiya aras\u0131nda \u0259m\u0259kda\u015fl\u0131q v\u0259 qar\u015f\u0131l\u0131ql\u0131 \u0259laq\u0259l\u0259rin m\u00f6hk\u0259ml\u0259ndirilm\u0259sind\u0259&hellip;","_links":{"self":[{"href":"https:\/\/arantv.az\/index.php?rest_route=\/wp\/v2\/posts\/50379"}],"collection":[{"href":"https:\/\/arantv.az\/index.php?rest_route=\/wp\/v2\/posts"}],"about":[{"href":"https:\/\/arantv.az\/index.php?rest_route=\/wp\/v2\/types\/post"}],"author":[{"embeddable":true,"href":"https:\/\/arantv.az\/index.php?rest_route=\/wp\/v2\/users\/2"}],"replies":[{"embeddable":true,"href":"https:\/\/arantv.az\/index.php?rest_route=%2Fwp%2Fv2%2Fcomments&post=50379"}],"version-history":[{"count":0,"href":"https:\/\/arantv.az\/index.php?rest_route=\/wp\/v2\/posts\/50379\/revisions"}],"wp:featuredmedia":[{"embeddable":true,"href":"https:\/\/arantv.az\/index.php?rest_route=\/wp\/v2\/media\/50380"}],"wp:attachment":[{"href":"https:\/\/arantv.az\/index.php?rest_route=%2Fwp%2Fv2%2Fmedia&parent=50379"}],"wp:term":[{"taxonomy":"category","embeddable":true,"href":"https:\/\/arantv.az\/index.php?rest_route=%2Fwp%2Fv2%2Fcategories&post=50379"},{"taxonomy":"post_tag","embeddable":true,"href":"https:\/\/arantv.az\/index.php?rest_route=%2Fwp%2Fv2%2Ftags&post=50379"}],"curies":[{"name":"wp","href":"https:\/\/api.w.org\/{rel}","templated":true}]}}