{"id":50390,"date":"2019-04-12T11:10:04","date_gmt":"2019-04-12T08:10:04","guid":{"rendered":"http:\/\/arantv.az\/?p=50390"},"modified":"2019-04-12T11:10:04","modified_gmt":"2019-04-12T08:10:04","slug":"bakida-isiq-dir%c9%99yind%c9%99-meyiti-tapilan-s%c9%99xsin-kimliyi-aciqlandi","status":"publish","type":"post","link":"https:\/\/arantv.az\/?p=50390","title":{"rendered":"Bak\u0131da i\u015f\u0131q dir\u0259yind\u0259 meyiti tap\u0131lan \u015f\u0259xsin kimliyi A\u00c7IQLANDI"},"content":{"rendered":"<p>K\u00f6hn\u0259 G\u00fcn\u0259\u015fli q\u0259s\u0259b\u0259sind\u0259 i\u015f\u0131q dir\u0259yind\u0259n as\u0131lm\u0131\u015f meyiti tap\u0131lan ki\u015finin \u015f\u0259xsiyy\u0259ti m\u00fc\u0259yy\u0259nl\u0259\u015fib.<\/p>\n<div id=\"AdviadNativeVideo0\" class=\"AdviadNativeVideo\"><\/div>\n<p><b>ARANTV.AZ<\/b>-\u0131n news24.az-a istinad\u0259n m\u0259lumat\u0131na g\u00f6r\u0259, \u00f6l\u0259n ki\u015finin 62 ya\u015fl\u0131 H\u0259s\u0259nov \u0130kram Teymur o\u011flu oldu\u011fu d\u0259qiql\u0259\u015fib. Onun \u00f6l\u00fcm\u00fc il\u0259 ba\u011fl\u0131 cinay\u0259t i\u015fi a\u00e7\u0131l\u0131b.<\/p>\n<p>Bel\u0259 ki, ya\u015fl\u0131 ki\u015finin intihar etdiyi m\u0259lum olub. Yax\u0131nl\u0131qdak\u0131 \u015e\u0131xl\u0131nski k\u00fc\u00e7\u0259sind\u0259 ya\u015fayan \u0130.H\u0259s\u0259nov bir q\u0259d\u0259r aral\u0131da yerl\u0259\u015f\u0259n Mehmandarov k\u00fc\u00e7\u0259sin\u0259 g\u0259l\u0259r\u0259k i\u015f\u0131q dir\u0259yin\u0259 \u00e7\u0131x\u0131b v\u0259 k\u0259ndirl\u0259 \u00f6z\u00fcn\u00fc as\u0131b.<\/p>\n","protected":false},"excerpt":{"rendered":"<p>K\u00f6hn\u0259 G\u00fcn\u0259\u015fli q\u0259s\u0259b\u0259sind\u0259 i\u015f\u0131q dir\u0259yind\u0259n as\u0131lm\u0131\u015f meyiti tap\u0131lan ki\u015finin \u015f\u0259xsiyy\u0259ti m\u00fc\u0259yy\u0259nl\u0259\u015fib. ARANTV.AZ-\u0131n news24.az-a istinad\u0259n m\u0259lumat\u0131na g\u00f6r\u0259, \u00f6l\u0259n ki\u015finin 62 ya\u015fl\u0131 H\u0259s\u0259nov \u0130kram Teymur o\u011flu oldu\u011fu d\u0259qiql\u0259\u015fib. Onun \u00f6l\u00fcm\u00fc il\u0259 ba\u011fl\u0131 cinay\u0259t i\u015fi a\u00e7\u0131l\u0131b. Bel\u0259 ki, ya\u015fl\u0131 ki\u015finin intihar etdiyi m\u0259lum olub. Yax\u0131nl\u0131qdak\u0131 \u015e\u0131xl\u0131nski k\u00fc\u00e7\u0259sind\u0259 ya\u015fayan \u0130.H\u0259s\u0259nov bir q\u0259d\u0259r aral\u0131da yerl\u0259\u015f\u0259n Mehmandarov k\u00fc\u00e7\u0259sin\u0259 g\u0259l\u0259r\u0259k i\u015f\u0131q dir\u0259yin\u0259 \u00e7\u0131x\u0131b v\u0259 k\u0259ndirl\u0259 \u00f6z\u00fcn\u00fc as\u0131b.<\/p>\n","protected":false},"author":2,"featured_media":50391,"comment_status":"closed","ping_status":"closed","sticky":false,"template":"","format":"standard","meta":{"om_disable_all_campaigns":false,"_monsterinsights_skip_tracking":false,"_monsterinsights_sitenote_active":false,"_monsterinsights_sitenote_note":"","_monsterinsights_sitenote_category":0},"categories":[5],"tags":[],"aioseo_notices":[],"gutentor_comment":0,"rttpg_featured_image_url":{"full":["https:\/\/arantv.az\/wp-content\/uploads\/2019\/04\/1555055247_intihar-1_8.jpg",649,365,false],"landscape":["https:\/\/arantv.az\/wp-content\/uploads\/2019\/04\/1555055247_intihar-1_8.jpg",649,365,false],"portraits":["https:\/\/arantv.az\/wp-content\/uploads\/2019\/04\/1555055247_intihar-1_8.jpg",649,365,false],"thumbnail":["https:\/\/arantv.az\/wp-content\/uploads\/2019\/04\/1555055247_intihar-1_8-150x150.jpg",150,150,true],"medium":["https:\/\/arantv.az\/wp-content\/uploads\/2019\/04\/1555055247_intihar-1_8-300x169.jpg",300,169,true],"large":["https:\/\/arantv.az\/wp-content\/uploads\/2019\/04\/1555055247_intihar-1_8.jpg",640,360,false],"1536x1536":["https:\/\/arantv.az\/wp-content\/uploads\/2019\/04\/1555055247_intihar-1_8.jpg",649,365,false],"2048x2048":["https:\/\/arantv.az\/wp-content\/uploads\/2019\/04\/1555055247_intihar-1_8.jpg",649,365,false],"post-thumbnail":["https:\/\/arantv.az\/wp-content\/uploads\/2019\/04\/1555055247_intihar-1_8-240x172.jpg",240,172,true],"advps-thumb-one":["https:\/\/arantv.az\/wp-content\/uploads\/2019\/04\/1555055247_intihar-1_8.jpg",649,365,false]},"rttpg_author":{"display_name":"V\u00fcsal Rafiqo\u011flu","author_link":"https:\/\/arantv.az\/?author=2"},"rttpg_comment":0,"rttpg_category":"<a href=\"https:\/\/arantv.az\/?cat=5\" rel=\"category\">Hadis\u0259<\/a>","rttpg_excerpt":"K\u00f6hn\u0259 G\u00fcn\u0259\u015fli q\u0259s\u0259b\u0259sind\u0259 i\u015f\u0131q dir\u0259yind\u0259n as\u0131lm\u0131\u015f meyiti tap\u0131lan ki\u015finin \u015f\u0259xsiyy\u0259ti m\u00fc\u0259yy\u0259nl\u0259\u015fib. ARANTV.AZ-\u0131n news24.az-a istinad\u0259n m\u0259lumat\u0131na g\u00f6r\u0259, \u00f6l\u0259n ki\u015finin 62 ya\u015fl\u0131 H\u0259s\u0259nov \u0130kram Teymur o\u011flu oldu\u011fu d\u0259qiql\u0259\u015fib. Onun \u00f6l\u00fcm\u00fc il\u0259 ba\u011fl\u0131 cinay\u0259t i\u015fi a\u00e7\u0131l\u0131b. Bel\u0259 ki, ya\u015fl\u0131 ki\u015finin intihar etdiyi m\u0259lum olub. Yax\u0131nl\u0131qdak\u0131 \u015e\u0131xl\u0131nski k\u00fc\u00e7\u0259sind\u0259 ya\u015fayan \u0130.H\u0259s\u0259nov bir q\u0259d\u0259r aral\u0131da yerl\u0259\u015f\u0259n Mehmandarov k\u00fc\u00e7\u0259sin\u0259 g\u0259l\u0259r\u0259k i\u015f\u0131q dir\u0259yin\u0259&hellip;","_links":{"self":[{"href":"https:\/\/arantv.az\/index.php?rest_route=\/wp\/v2\/posts\/50390"}],"collection":[{"href":"https:\/\/arantv.az\/index.php?rest_route=\/wp\/v2\/posts"}],"about":[{"href":"https:\/\/arantv.az\/index.php?rest_route=\/wp\/v2\/types\/post"}],"author":[{"embeddable":true,"href":"https:\/\/arantv.az\/index.php?rest_route=\/wp\/v2\/users\/2"}],"replies":[{"embeddable":true,"href":"https:\/\/arantv.az\/index.php?rest_route=%2Fwp%2Fv2%2Fcomments&post=50390"}],"version-history":[{"count":0,"href":"https:\/\/arantv.az\/index.php?rest_route=\/wp\/v2\/posts\/50390\/revisions"}],"wp:featuredmedia":[{"embeddable":true,"href":"https:\/\/arantv.az\/index.php?rest_route=\/wp\/v2\/media\/50391"}],"wp:attachment":[{"href":"https:\/\/arantv.az\/index.php?rest_route=%2Fwp%2Fv2%2Fmedia&parent=50390"}],"wp:term":[{"taxonomy":"category","embeddable":true,"href":"https:\/\/arantv.az\/index.php?rest_route=%2Fwp%2Fv2%2Fcategories&post=50390"},{"taxonomy":"post_tag","embeddable":true,"href":"https:\/\/arantv.az\/index.php?rest_route=%2Fwp%2Fv2%2Ftags&post=50390"}],"curies":[{"name":"wp","href":"https:\/\/api.w.org\/{rel}","templated":true}]}}