{"id":50393,"date":"2019-04-12T11:22:15","date_gmt":"2019-04-12T08:22:15","guid":{"rendered":"http:\/\/arantv.az\/?p=50393"},"modified":"2019-04-12T11:22:15","modified_gmt":"2019-04-12T08:22:15","slug":"162-nomr%c9%99li-m%c9%99kt%c9%99bin-qarsisinda-elina-haciyevanin-anim-m%c9%99rasimi-kecirilir-fotolar","status":"publish","type":"post","link":"https:\/\/arantv.az\/?p=50393","title":{"rendered":"162 n\u00f6mr\u0259li m\u0259kt\u0259bin qar\u015f\u0131s\u0131nda Elina Hac\u0131yevan\u0131n an\u0131m m\u0259rasimi ke\u00e7irilir &#8211; FOTOLAR"},"content":{"rendered":"<p>Bak\u0131 \u015f\u0259h\u0259ri S\u0259bail rayonu Etibar \u018fliyev ad\u0131na 162 n\u00f6mr\u0259li tam orta m\u0259kt\u0259bin qar\u015f\u0131s\u0131nda Elina Hac\u0131yevan\u0131n an\u0131m m\u0259rasimi ke\u00e7irilir.<\/p>\n<p><strong>ARANTV.AZ<\/strong>-\u0131n x\u0259b\u0259rin\u0259 g\u00f6r\u0259, an\u0131m m\u0259rasimin\u0259 qat\u0131lan v\u0259t\u0259nda\u015flar m\u0259kt\u0259bin qar\u015f\u0131s\u0131na g\u00fcl d\u0259st\u0259l\u0259ri d\u00fcz\u00fcbl\u0259r.<\/p>\n<p>Qeyd ed\u0259k ki, aprelin 4-d\u0259 Bak\u0131 \u015f\u0259h\u0259ri S\u0259bail rayonu Etibar \u018fliyev ad\u0131na 162 n\u00f6mr\u0259li tam orta m\u0259kt\u0259bin VIII sinif \u015fagirdi m\u0259kt\u0259bi intihar edib. O, 1 sayl\u0131 \u015e\u0259h\u0259r Klinik X\u0259st\u0259xanas\u0131na yerl\u0259\u015fdirilib. Apar\u0131lan m\u00fcalic\u0259 t\u0259dbirl\u0259rin\u0259 baxmayaraq, aprelin 6-da x\u0259st\u0259xanada v\u0259fat edib.<\/p>\n<p>Faktla ba\u011fl\u0131 Bak\u0131 \u015f\u0259h\u0259r Prokurorlu\u011funda Cinay\u0259t M\u0259c\u0259ll\u0259sinin 125-ci (\u00f6z\u00fcn\u00fc \u00f6ld\u00fcrm\u0259 h\u0259ddin\u0259 \u00e7atd\u0131rma) madd\u0259si il\u0259 cinay\u0259t i\u015fi ba\u015flan\u0131b, i\u015f \u00fczr\u0259 m\u00fcvafiq ekspertizalar t\u0259yin edilib v\u0259 dig\u0259r z\u0259ruri istintaq t\u0259dbirl\u0259ri h\u0259yata ke\u00e7irilir. Eyni zamanda, Bak\u0131 \u015e\u0259h\u0259ri \u00fczr\u0259 T\u0259hsil \u0130dar\u0259si t\u0259r\u0259find\u0259n qeyd olunan m\u0259s\u0259l\u0259 il\u0259 ba\u011fl\u0131 xidm\u0259ti ara\u015fd\u0131rma apar\u0131l\u0131r.<\/p>\n<div id=\"AdviadNativeVideo0\" class=\"AdviadNativeVideo\"><\/div>\n<p>Az\u0259rbaycan Prezidenti \u0130lham \u018fliyev v\u0259 Birinci vitse-prezident Mehriban xan\u0131m \u018fliyeva i\u015fi n\u0259zar\u0259t\u0259 g\u00f6t\u00fcr\u00fcbl\u0259r. Bununla ba\u011fl\u0131 aidiyy\u0259ti d\u00f6vl\u0259t qurumlar\u0131na &#8211; T\u0259hsil Nazirliyin\u0259, Ail\u0259, Qad\u0131n v\u0259 U\u015faq M\u0259s\u0259l\u0259l\u0259ri \u00fczr\u0259 D\u00f6vl\u0259t Komit\u0259sin\u0259, Daxili \u0130\u015fl\u0259r Nazirliyin\u0259 x\u00fcsusi tap\u015f\u0131r\u0131qlar verilib.<\/p>\n<p>T\u0259hsil nazirinin 8 aprel 2019-cu il tarixli \u0259mri il\u0259 m\u0259kt\u0259bin direktoru Abbasova Sevinc Kamil q\u0131z\u0131 ara\u015fd\u0131rma m\u00fcdd\u0259tind\u0259 i\u015fd\u0259n k\u0259narla\u015fd\u0131r\u0131l\u0131b. M\u0259kt\u0259bin direktoru v\u0259zif\u0259sinin m\u00fcv\u0259qq\u0259ti icras\u0131 Bak\u0131 \u015e\u0259h\u0259ri \u00fczr\u0259 T\u0259hsil \u0130dar\u0259sinin \u00dcmumi t\u0259hsil sektorunun apar\u0131c\u0131 m\u0259sl\u0259h\u0259t\u00e7isi \u0130sg\u0259nd\u0259rov \u018ffqan K\u0259r\u0259m o\u011fluna h\u0259val\u0259 edilib.<br \/>\n<img class=\"imgbcodecent\" src=\"https:\/\/upload.az\/foto\/arxiv\/g2_21555056520.jpg\" alt=\"162 n\u00f6mr\u0259li m\u0259kt\u0259bin qar\u015f\u0131s\u0131nda Elina Hac\u0131yevan\u0131n an\u0131m m\u0259rasimi ke\u00e7irilir - FOTOLAR\" \/><br \/>\n<img class=\"imgbcodecent\" src=\"https:\/\/upload.az\/foto\/arxiv\/g3_11555056520.jpg\" alt=\"162 n\u00f6mr\u0259li m\u0259kt\u0259bin qar\u015f\u0131s\u0131nda Elina Hac\u0131yevan\u0131n an\u0131m m\u0259rasimi ke\u00e7irilir - FOTOLAR\" \/><br \/>\n<img class=\"imgbcodecent\" src=\"https:\/\/upload.az\/foto\/arxiv\/g4_31555056520.jpg\" alt=\"162 n\u00f6mr\u0259li m\u0259kt\u0259bin qar\u015f\u0131s\u0131nda Elina Hac\u0131yevan\u0131n an\u0131m m\u0259rasimi ke\u00e7irilir - FOTOLAR\" \/><br \/>\n<img class=\"imgbcodecent\" src=\"https:\/\/upload.az\/foto\/arxiv\/g5_61555056520.jpg\" alt=\"162 n\u00f6mr\u0259li m\u0259kt\u0259bin qar\u015f\u0131s\u0131nda Elina Hac\u0131yevan\u0131n an\u0131m m\u0259rasimi ke\u00e7irilir - FOTOLAR\" \/><br \/>\n<img class=\"imgbcodecent\" src=\"https:\/\/upload.az\/foto\/arxiv\/g6_51555056520.jpg\" alt=\"162 n\u00f6mr\u0259li m\u0259kt\u0259bin qar\u015f\u0131s\u0131nda Elina Hac\u0131yevan\u0131n an\u0131m m\u0259rasimi ke\u00e7irilir - FOTOLAR\" \/><\/p>\n<p>oxu.az<\/p>\n","protected":false},"excerpt":{"rendered":"<p>Bak\u0131 \u015f\u0259h\u0259ri S\u0259bail rayonu Etibar \u018fliyev ad\u0131na 162 n\u00f6mr\u0259li tam orta m\u0259kt\u0259bin qar\u015f\u0131s\u0131nda Elina Hac\u0131yevan\u0131n an\u0131m m\u0259rasimi ke\u00e7irilir. ARANTV.AZ-\u0131n x\u0259b\u0259rin\u0259 g\u00f6r\u0259, an\u0131m m\u0259rasimin\u0259 qat\u0131lan v\u0259t\u0259nda\u015flar m\u0259kt\u0259bin qar\u015f\u0131s\u0131na g\u00fcl d\u0259st\u0259l\u0259ri d\u00fcz\u00fcbl\u0259r. Qeyd ed\u0259k ki, aprelin 4-d\u0259 Bak\u0131 \u015f\u0259h\u0259ri S\u0259bail rayonu Etibar \u018fliyev ad\u0131na 162 n\u00f6mr\u0259li tam orta m\u0259kt\u0259bin VIII sinif \u015fagirdi m\u0259kt\u0259bi intihar edib. O, 1 sayl\u0131 \u015e\u0259h\u0259r Klinik X\u0259st\u0259xanas\u0131na yerl\u0259\u015fdirilib. Apar\u0131lan m\u00fcalic\u0259 t\u0259dbirl\u0259rin\u0259 baxmayaraq, aprelin 6-da x\u0259st\u0259xanada v\u0259fat edib. Faktla ba\u011fl\u0131 Bak\u0131 \u015f\u0259h\u0259r Prokurorlu\u011funda Cinay\u0259t M\u0259c\u0259ll\u0259sinin 125-ci (\u00f6z\u00fcn\u00fc \u00f6ld\u00fcrm\u0259 h\u0259ddin\u0259 \u00e7atd\u0131rma) madd\u0259si il\u0259 cinay\u0259t i\u015fi ba\u015flan\u0131b, i\u015f \u00fczr\u0259 m\u00fcvafiq ekspertizalar&hellip;<\/p>\n","protected":false},"author":2,"featured_media":50394,"comment_status":"closed","ping_status":"closed","sticky":false,"template":"","format":"standard","meta":{"om_disable_all_campaigns":false,"_monsterinsights_skip_tracking":false,"_monsterinsights_sitenote_active":false,"_monsterinsights_sitenote_note":"","_monsterinsights_sitenote_category":0},"categories":[1],"tags":[],"aioseo_notices":[],"gutentor_comment":0,"rttpg_featured_image_url":{"full":["https:\/\/arantv.az\/wp-content\/uploads\/2019\/04\/g1_91555056520.jpg",650,433,false],"landscape":["https:\/\/arantv.az\/wp-content\/uploads\/2019\/04\/g1_91555056520.jpg",650,433,false],"portraits":["https:\/\/arantv.az\/wp-content\/uploads\/2019\/04\/g1_91555056520.jpg",650,433,false],"thumbnail":["https:\/\/arantv.az\/wp-content\/uploads\/2019\/04\/g1_91555056520-150x150.jpg",150,150,true],"medium":["https:\/\/arantv.az\/wp-content\/uploads\/2019\/04\/g1_91555056520-300x200.jpg",300,200,true],"large":["https:\/\/arantv.az\/wp-content\/uploads\/2019\/04\/g1_91555056520.jpg",640,426,false],"1536x1536":["https:\/\/arantv.az\/wp-content\/uploads\/2019\/04\/g1_91555056520.jpg",650,433,false],"2048x2048":["https:\/\/arantv.az\/wp-content\/uploads\/2019\/04\/g1_91555056520.jpg",650,433,false],"post-thumbnail":["https:\/\/arantv.az\/wp-content\/uploads\/2019\/04\/g1_91555056520-240x172.jpg",240,172,true],"advps-thumb-one":["https:\/\/arantv.az\/wp-content\/uploads\/2019\/04\/g1_91555056520.jpg",650,433,false]},"rttpg_author":{"display_name":"V\u00fcsal Rafiqo\u011flu","author_link":"https:\/\/arantv.az\/?author=2"},"rttpg_comment":0,"rttpg_category":"<a href=\"https:\/\/arantv.az\/?cat=1\" rel=\"category\">C\u0259miyy\u0259t<\/a>","rttpg_excerpt":"Bak\u0131 \u015f\u0259h\u0259ri S\u0259bail rayonu Etibar \u018fliyev ad\u0131na 162 n\u00f6mr\u0259li tam orta m\u0259kt\u0259bin qar\u015f\u0131s\u0131nda Elina Hac\u0131yevan\u0131n an\u0131m m\u0259rasimi ke\u00e7irilir. ARANTV.AZ-\u0131n x\u0259b\u0259rin\u0259 g\u00f6r\u0259, an\u0131m m\u0259rasimin\u0259 qat\u0131lan v\u0259t\u0259nda\u015flar m\u0259kt\u0259bin qar\u015f\u0131s\u0131na g\u00fcl d\u0259st\u0259l\u0259ri d\u00fcz\u00fcbl\u0259r. Qeyd ed\u0259k ki, aprelin 4-d\u0259 Bak\u0131 \u015f\u0259h\u0259ri S\u0259bail rayonu Etibar \u018fliyev ad\u0131na 162 n\u00f6mr\u0259li tam orta m\u0259kt\u0259bin VIII sinif \u015fagirdi m\u0259kt\u0259bi intihar edib. O, 1&hellip;","_links":{"self":[{"href":"https:\/\/arantv.az\/index.php?rest_route=\/wp\/v2\/posts\/50393"}],"collection":[{"href":"https:\/\/arantv.az\/index.php?rest_route=\/wp\/v2\/posts"}],"about":[{"href":"https:\/\/arantv.az\/index.php?rest_route=\/wp\/v2\/types\/post"}],"author":[{"embeddable":true,"href":"https:\/\/arantv.az\/index.php?rest_route=\/wp\/v2\/users\/2"}],"replies":[{"embeddable":true,"href":"https:\/\/arantv.az\/index.php?rest_route=%2Fwp%2Fv2%2Fcomments&post=50393"}],"version-history":[{"count":0,"href":"https:\/\/arantv.az\/index.php?rest_route=\/wp\/v2\/posts\/50393\/revisions"}],"wp:featuredmedia":[{"embeddable":true,"href":"https:\/\/arantv.az\/index.php?rest_route=\/wp\/v2\/media\/50394"}],"wp:attachment":[{"href":"https:\/\/arantv.az\/index.php?rest_route=%2Fwp%2Fv2%2Fmedia&parent=50393"}],"wp:term":[{"taxonomy":"category","embeddable":true,"href":"https:\/\/arantv.az\/index.php?rest_route=%2Fwp%2Fv2%2Fcategories&post=50393"},{"taxonomy":"post_tag","embeddable":true,"href":"https:\/\/arantv.az\/index.php?rest_route=%2Fwp%2Fv2%2Ftags&post=50393"}],"curies":[{"name":"wp","href":"https:\/\/api.w.org\/{rel}","templated":true}]}}