{"id":503981,"date":"2022-08-09T16:08:56","date_gmt":"2022-08-09T13:08:56","guid":{"rendered":"https:\/\/arantv.az\/?p=503981"},"modified":"2022-08-09T16:08:56","modified_gmt":"2022-08-09T13:08:56","slug":"v%c9%99dl%c9%99rini-yerin%c9%99-yetirm%c9%99y%c9%99n-erm%c9%99nistan-olk%c9%99ni-idar%c9%99-ed%c9%99-bilm%c9%99y%c9%99n-hokum%c9%99t-s%c9%99rh-foto","status":"publish","type":"post","link":"https:\/\/arantv.az\/?p=503981","title":{"rendered":"V\u0259dl\u0259rini yerin\u0259 yetirm\u0259y\u0259n Erm\u0259nistan: \u00d6lk\u0259ni idar\u0259 ed\u0259 bilm\u0259y\u0259n h\u00f6kum\u0259t &#8211; \u015e\u018fRH + FOTO"},"content":{"rendered":"<p>Erm\u0259nistan 44 g\u00fcnl\u00fck m\u00fcharib\u0259d\u0259n d\u0259rs alana, n\u0259tic\u0259 \u00e7\u0131xarana ox\u015fam\u0131r. Daha do\u011frusu, \u00f6z\u00fcn\u00fc at\u0259\u015fk\u0259s imzalanan g\u00fcnd\u0259ki kimi aparm\u0131r. Noyabr\u0131n 10-da s\u0259n\u0259di imzalamaq \u00fc\u00e7\u00fcn g\u00f6z\u0259 g\u00f6r\u00fcnm\u0259y\u0259n Ba\u015f nazir Nikol Pa\u015finyan indi \u015f\u0259rtl\u0259ri yerin\u0259 yetirmir. Az\u0259rbaycan t\u0259r\u0259fi r\u0259smi \u0130r\u0259vana \u00f6hd\u0259likl\u0259rini yerin\u0259 yetirm\u0259yin vacibliyini m\u00fcxt\u0259lif vasit\u0259l\u0259rl\u0259 ba\u015fa sal\u0131r.<\/p>\n<p>A\u011f\u0131r iqtisadi, siyasi, sosial, h\u0259rbi b\u00f6hranla \u00fcz-\u00fcz\u0259 qalan \u0130r\u0259van \u00f6hd\u0259likl\u0259rin\u0259 \u0259m\u0259l etm\u0259diyi azm\u0131\u015f kimi, \u0259lav\u0259 \u015f\u0259rtl\u0259r ir\u0259li s\u00fcr\u00fcr. Hadis\u0259l\u0259r bu \u00f6lk\u0259d\u0259 sabit hakimiyy\u0259tin, nizaml\u0131 ordunun olmad\u0131\u011f\u0131n\u0131 da isbatlay\u0131r. Bu hal Erm\u0259nistan\u0131n \u00fcz\u0259rin\u0259 g\u00f6t\u00fcrd\u00fcy\u00fc \u00f6hd\u0259likl\u0259r\u0259 \u0259m\u0259l etm\u0259sin\u0259 mane ola bil\u0259r. Odur ki, \u00f6lk\u0259nin silahl\u0131 q\u00fcvv\u0259l\u0259rind\u0259 intiharlar, s\u0259b\u0259bi bilinm\u0259y\u0259n \u00f6l\u00fcm hallar\u0131 b\u00f6hrandan x\u0259b\u0259r verir.<\/p>\n<div class=\"AdviadNativeVideo\"><\/div>\n<p>Erm\u0259nistan Ba\u015f Prokurorlu\u011funun yayd\u0131\u011f\u0131 m\u0259lumata g\u00f6r\u0259, cari ilin yanvar\u0131ndan avqustun \u0259vv\u0259lin\u0259d\u0259k \u00f6lk\u0259nin silahl\u0131 q\u00fcvv\u0259l\u0259rind\u0259 19 h\u0259rb\u00e7i qeyri-d\u00f6y\u00fc\u015f \u015f\u0259raitind\u0259 \u00f6l\u00fcb. M\u0259lumata \u0259sas\u0259n, onlar\u0131n 10-u h\u0259rbi xidm\u0259t zaman\u0131, qalanlar\u0131 is\u0259 nam\u0259lum \u015f\u0259raitd\u0259 \u00f6l\u00fcb. M\u0259s\u0259l\u0259n, avqustun 7-d\u0259 N sayl\u0131 h\u0259rbi hiss\u0259nin h\u0259rbi qulluq\u00e7usu Ar\u015faluys Ovannisyan nam\u0259lum \u015f\u0259raitd\u0259 \u00f6l\u00fcb. Onun \u00f6l\u00fcm s\u0259b\u0259bi a\u00e7\u0131qlanmay\u0131b. Yaxud \u015eirak rayon sakini, 31 ya\u015fl\u0131 Azat M. G\u00f6y\u00e7\u0259 g\u00f6l\u00fcnd\u0259 bataraq \u00f6l\u00fcb. Sonradan onun h\u0259rbi qulluq\u00e7u oldu\u011fu m\u00fc\u0259yy\u0259nl\u0259\u015fib. Ba\u015fqa m\u0259nb\u0259l\u0259r is\u0259 bildiribl\u0259r ki, bu ilin ilk 7 ay\u0131 v\u0259 avqustun \u0259vv\u0259lind\u0259 Erm\u0259nistan Silahl\u0131 Q\u00fcvv\u0259l\u0259rinin 19 deyil, 28 h\u0259rb\u00e7isi qeyri-d\u00f6y\u00fc\u015f \u015f\u0259raitind\u0259 \u00f6l\u00fcb. Bundan \u0259lav\u0259, Erm\u0259nistan ordusunda onlarla h\u0259rb\u00e7i nam\u0259lum v\u0259ziyy\u0259td\u0259 yaralan\u0131b. Onlar\u0131n bir qismi qeydiyyata al\u0131nmay\u0131b.<\/p>\n<p><img src=\"https:\/\/cdn.oxu.az\/uploads\/W1siZiIsIjIwMjIvMDgvMDkvMTUvMjcvMzUvYzZiMjlkM2QtOTk4Mi00ZmFjLTk5ODktYzQ5ZDM2NTJjNWUyLzVhZmM3NTUxLWQzN2QtMzg0NS1iZDI3LTA1MTljYWQyZWVjNy5qcGciXSxbInAiLCJlbmNvZGUiLCJqcGciLCItcXVhbGl0eSA4MCJdLFsicCIsInRodW1iIiwiNTkweDU5MFx1MDAzZSJdXQ?sha=9713061aedac8c1a\" alt=\"\" \/><\/p>\n<p>Erm\u0259nistan Silahl\u0131 Q\u00fcvv\u0259l\u0259rind\u0259 nizam-intizam qaydalar\u0131na \u0259m\u0259l olunmad\u0131\u011f\u0131na dair d\u0259 m\u0259lumatlar yay\u0131l\u0131r. Erm\u0259nistan M\u00fcdafi\u0259 Nazirliyi H\u0259rbi Polisi \u0259m\u0259kda\u015flar\u0131n\u0131n geni\u015fmiqyasl\u0131 \u0259m\u0259liyyat\u0131 n\u0259tic\u0259sind\u0259 h\u0259rb\u00e7il\u0259rin, \u0259sg\u0259rl\u0259rin m\u00fcdafi\u0259 nazirinin \u0259mrin\u0259 tabe olmad\u0131qlar\u0131 a\u015fkarlan\u0131b. M\u0259lum olub ki, \u0259sg\u0259r v\u0259 h\u0259rb\u00e7il\u0259r cib telefonlar\u0131 vasit\u0259sil\u0259 xidm\u0259t h\u0259yat\u0131ndan \u015f\u0259kill\u0259r \u00e7\u0259k\u0259r\u0259k sosial \u015f\u0259b\u0259k\u0259d\u0259 payla\u015f\u0131m edirl\u0259r. H\u0259min h\u0259rb\u00e7il\u0259r inzibati m\u0259suliyy\u0259t\u0259 c\u0259lb olunublar.<\/p>\n<p>Erm\u0259nistan\u0131n kapitulyasiya akt\u0131n\u0131 imzalamas\u0131ndan iki il\u0259 yax\u0131n m\u00fcdd\u0259t ke\u00e7m\u0259sin\u0259 baxmayaraq, \u00f6lk\u0259nin silahl\u0131 q\u00fcvv\u0259l\u0259rinin r\u0259hb\u0259rliyi tam formala\u015fmay\u0131b. \u0130yulun 14-d\u0259 Erm\u0259nistan m\u00fcdafi\u0259 nazirinin birinci m\u00fcavini v\u0259 silahl\u0131 q\u00fcvv\u0259l\u0259rin\u0259 Edvard Asryan yen\u0259 r\u0259is t\u0259yin edilib. O, bu v\u0259zif\u0259d\u0259 5 il m\u00fcdd\u0259tin\u0259 xidm\u0259t ed\u0259c\u0259k. Yeri g\u0259lmi\u015fk\u0259n, \u0130kinci Qaraba\u011f m\u00fcharib\u0259si ba\u015fa \u00e7atandan sonra bir il \u0259rzind\u0259 Erm\u0259nistan\u0131n m\u00fcdafi\u0259 naziri postuna d\u00f6rd nazir t\u0259yin edilib: David Tonoyan (2018-2020), Vaqar\u015fak Arutyunyan (2020-2021), Ar\u015fak Karapetyan (2021-ci il avqustun 2-d\u0259n noyabr\u0131n 15-d\u0259k) v\u0259 Suren Papikyan (2021-ci il noyabr\u0131n 15-d\u0259n). Sadalad\u0131\u011f\u0131m\u0131z faktlar Erm\u0259nistan ordusunda ruh d\u00fc\u015fk\u00fcnl\u00fcy\u00fc, t\u0259lim-t\u0259rbiy\u0259nin, nizam-intizam\u0131n a\u015fa\u011f\u0131 s\u0259viyy\u0259d\u0259 oldu\u011funun g\u00f6st\u0259ricisidir. Ordusu bu v\u0259ziyy\u0259td\u0259 olan Erm\u0259nistan\u0131n Az\u0259rbaycana \u0259razi iddias\u0131, yaxud onun torpaqlar\u0131nda qanunsuz m\u0259skunla\u015fma apar\u0131b onlar\u0131 m\u00fcdafi\u0259 etm\u0259k c\u0259hdi yersiz v\u0259 m\u0259nas\u0131z g\u00f6r\u00fcn\u00fcr.<\/p>\n<p><img src=\"https:\/\/cdn.oxu.az\/uploads\/W1siZiIsIjIwMjIvMDgvMDkvMTUvMjcvMzUvNGM3YTliMDAtZGE5MS00ZDViLTgwZWUtZDEyNjQzNWZlM2Y3Lzk5MzAwNjQ5LTg5ZjYtMzZjNS05MjlmLWEwZjU5NTNhY2FiMy5qcGciXSxbInAiLCJlbmNvZGUiLCJqcGciLCItcXVhbGl0eSA4MCJdLFsicCIsInRodW1iIiwiNTkweDU5MFx1MDAzZSJdXQ?sha=03ca97d5aad6c58e\" alt=\"\" \/><\/p>\n<p>He\u00e7 \u015f\u00fcbh\u0259siz, r\u0259smi \u0130r\u0259van torpaqlar\u0131 i\u015f\u011fal alt\u0131nda saxlayanda da, indi d\u0259 Az\u0259rbaycanla ba\u011fl\u0131 iddialar\u0131nda haql\u0131 deyil. Erm\u0259nistan v\u0259 havadarlar\u0131n\u0131n anlamaq ist\u0259m\u0259diyi bir aksioma var: Qaraba\u011f v\u0259 \u0259traf rayonlar Az\u0259rbaycan Respublikas\u0131n\u0131n b\u00f6l\u00fcnm\u0259z t\u0259rkib hiss\u0259sidir. \u018frazisind\u0259 \u00f6z v\u0259t\u0259nda\u015flar\u0131n\u0131n h\u00fcquqlar\u0131n\u0131 m\u00fcdafi\u0259 etm\u0259k is\u0259 Az\u0259rbaycan\u0131n m\u00fcst\u0259sna h\u00fcququdur. V\u0259t\u0259nda\u015flar\u0131 il\u0259 m\u00fcnasib\u0259tl\u0259ri t\u0259nziml\u0259m\u0259k, yaxud onlar\u0131n t\u0259hl\u00fck\u0259sizliyini t\u0259min etm\u0259k \u00fc\u00e7\u00fcn vasit\u0259\u00e7iy\u0259 ehtiyac yoxdur. Ancaq Erm\u0259nistan \u015f\u0259rtl\u0259r\u0259 \u0259m\u0259l etm\u0259m\u0259kl\u0259 C\u0259nub Qafqazda \u0259m\u0259kda\u015fl\u0131\u011f\u0131n v\u0259 \u0259laq\u0259l\u0259rin qurulmas\u0131, iqtisadiyyat\u0131n inki\u015faf\u0131, t\u0259hl\u00fck\u0259sizliyin t\u0259min edilm\u0259sin\u0259 mane olur.<\/p>\n<p>R\u0259smi Bak\u0131 10 noyabr \u00dc\u00e7t\u0259r\u0259fli B\u0259yanat\u0131na \u0259sas\u0259n Az\u0259rbaycan torpaqlar\u0131nda qanunsuz m\u0259skunla\u015fan erm\u0259nil\u0259rin, qanunsuz silahl\u0131 birl\u0259\u015fm\u0259l\u0259rin, el\u0259c\u0259 d\u0259 Erm\u0259nistan h\u0259rb\u00e7il\u0259rinin \u00e7\u0131xmas\u0131n\u0131 t\u0259l\u0259b edir. Bununla ba\u011fl\u0131 maraql\u0131 v\u0259 t\u0259minat\u00e7\u0131 t\u0259r\u0259fl\u0259r\u0259 m\u00fcraci\u0259t edib. Az\u0259rbaycan humanistlik g\u00f6st\u0259r\u0259r\u0259k qanunsuz m\u0259skunla\u015fan erm\u0259nil\u0259rin v\u0259 erm\u0259ni silahl\u0131lar\u0131n \u00e7\u0131xmas\u0131 \u00fc\u00e7\u00fcn avqustun 25-d\u0259k m\u00f6hl\u0259t verib. \u0130\u015f\u011fal d\u00f6vr\u00fcnd\u0259 Erm\u0259nistan v\u0259 havadarlar\u0131 Az\u0259rbaycan k\u0259ndl\u0259rin\u0259 Suriya v\u0259 Livandan k\u00f6\u00e7\u00fcr\u00fcl\u0259n erm\u0259nil\u0259r yerl\u0259\u015fdiribl\u0259r. Erm\u0259nil\u0259r iddia edirl\u0259r ki, La\u00e7\u0131nda v\u0259 onun Sus, A\u015fa\u011f\u0131 Sus, Zabux k\u0259ndl\u0259rind\u0259 erm\u0259nil\u0259r ya\u015fay\u0131r. Onlar h\u0259min \u0259raziy\u0259 torpaqlar Erm\u0259nistan\u0131n i\u015f\u011fal\u0131nda olan zaman yerl\u0259\u015fdirilibl\u0259r. \u0130ndi d\u0259 bu k\u0259ndl\u0259rd\u0259ki erm\u0259nil\u0259r (b\u0259lk\u0259 d\u0259 muzdlu d\u00f6y\u00fc\u015f\u00e7\u00fcl\u0259r) \u201c\u00f6z\u00fcn\u00fcm\u00fcdafi\u0259\u201d m\u0259qs\u0259dil\u0259 silahl\u0131 d\u0259st\u0259l\u0259r t\u0259\u015fkil etm\u0259y\u0259 \u00e7al\u0131\u015f\u0131rlar.<\/p>\n<p>Erm\u0259nistan Demokratik H\u0259mr\u0259ylik Partiyas\u0131n\u0131n s\u0259dri Suren Petrosyan Zabux k\u0259ndin\u0259 g\u0259l\u0259r\u0259k burada \u201cd\u0259st\u0259l\u0259r\u201din formala\u015fd\u0131r\u0131lmas\u0131 \u00fc\u00e7\u00fcn i\u015fl\u0259r\u0259 ba\u015flad\u0131\u011f\u0131n\u0131 bildirib. Onun avant\u00fcras\u0131na qo\u015fulanlar\u0131n oldu\u011funa dair m\u0259lumat yay\u0131l\u0131b. Bu \u201cm\u00fcqavim\u0259t\u201dl\u0259 erm\u0259nil\u0259r \u00f6z al\u0259mind\u0259 d\u00fcnyaya \u201cevl\u0259rind\u0259n zorla \u00e7\u0131xar\u0131ld\u0131qlar\u0131\u201dn\u0131 car \u00e7\u0259km\u0259k ist\u0259yirl\u0259r. Halbuki h\u0259min erm\u0259nil\u0259r o torpaqlarda qanunsuz olaraq ya\u015fad\u0131qlar\u0131n\u0131 gizl\u0259dirl\u0259r. \u0130r\u0259vanda, G\u00f6y\u00e7\u0259d\u0259, Z\u0259ng\u0259zurda, Xank\u0259ndid\u0259 v\u0259 Az\u0259rbaycan\u0131n indiki v\u0259 tarixi ba\u015fqa yerl\u0259rind\u0259 d\u0259 bel\u0259 m\u0259skunla\u015f\u0131blar. Sonralar h\u0259min yerl\u0259ri \u00f6zl\u0259rinki bilib na\u011f\u0131llar uydurma\u011fa, saxta tarixl\u0259r yazma\u011fa ba\u015flay\u0131blar. N\u0259 yax\u015f\u0131 bu d\u0259f\u0259 s\u00fcni m\u0259skunla\u015fma uzun s\u00fcrm\u0259di&#8230;<\/p>\n<p><img src=\"https:\/\/cdn.oxu.az\/uploads\/W1siZiIsIjIwMjIvMDgvMDkvMTUvMjcvMzUvNGMzYWU0NTYtNzQxMi00OGQ2LThlZDEtODQ4MzU2NTI3MDQ3LzgzZjY2N2E3LWI3ZTktMzM1Mi05NzUzLTFhY2MwODBjN2Q1MC5qcGciXSxbInAiLCJlbmNvZGUiLCJqcGciLCItcXVhbGl0eSA4MCJdLFsicCIsInRodW1iIiwiNTkweDU5MFx1MDAzZSJdXQ?sha=fcf07a0e47d8a1d5\" alt=\"\" \/><\/p>\n<p>Bu sayaq informasiyalar Erm\u0259nistanda xaosun, m\u00f6vcud h\u00f6kum\u0259tin hadis\u0259l\u0259r\u0259 n\u0259zar\u0259t, v\u0259dl\u0259rin\u0259 \u0259m\u0259l ed\u0259 bilm\u0259diyini ehtimal etm\u0259y\u0259 \u0259sas verir. Bel\u0259 hesab etm\u0259k olar ki, Erm\u0259nistan\u0131 Nikol Pa\u015finyan h\u00f6kum\u0259ti deyil, k\u0259nar q\u00fcvv\u0259 idar\u0259 edir. Bu q\u00fcvv\u0259nin \u00e7ald\u0131\u011f\u0131 zurnan\u0131n havas\u0131na Erm\u0259nistan\u0131n h\u0259m hakimiyy\u0259ti, h\u0259m d\u0259 ko\u00e7aryanlar, sarqsyanlar, vanesyanlardan ibar\u0259t m\u00fcxalif\u0259ti oynay\u0131r. \u018fks halda b\u00f6lg\u0259d\u0259 Erm\u0259nistan\u0131n v\u0259 erm\u0259nil\u0259rin d\u0259 faydalana bil\u0259c\u0259yi b\u00f6y\u00fck quruculuq i\u015fl\u0259rin\u0259 s\u00fcni, m\u0259nas\u0131z, m\u0259ntiqsiz mane\u0259l\u0259r yaranmazd\u0131&#8230;<\/p>\n<p><strong>\u201cReport<\/strong><strong>\u201d<\/strong><strong>\u00a0\u0130nformasiya Agentliyi<\/strong><\/p>\n","protected":false},"excerpt":{"rendered":"<p>Erm\u0259nistan 44 g\u00fcnl\u00fck m\u00fcharib\u0259d\u0259n d\u0259rs alana, n\u0259tic\u0259 \u00e7\u0131xarana ox\u015fam\u0131r. Daha do\u011frusu, \u00f6z\u00fcn\u00fc at\u0259\u015fk\u0259s imzalanan g\u00fcnd\u0259ki kimi aparm\u0131r. Noyabr\u0131n 10-da s\u0259n\u0259di imzalamaq \u00fc\u00e7\u00fcn g\u00f6z\u0259 g\u00f6r\u00fcnm\u0259y\u0259n Ba\u015f nazir Nikol Pa\u015finyan indi \u015f\u0259rtl\u0259ri yerin\u0259 yetirmir. Az\u0259rbaycan t\u0259r\u0259fi r\u0259smi \u0130r\u0259vana \u00f6hd\u0259likl\u0259rini yerin\u0259 yetirm\u0259yin vacibliyini m\u00fcxt\u0259lif vasit\u0259l\u0259rl\u0259 ba\u015fa sal\u0131r. A\u011f\u0131r iqtisadi, siyasi, sosial, h\u0259rbi b\u00f6hranla \u00fcz-\u00fcz\u0259 qalan \u0130r\u0259van \u00f6hd\u0259likl\u0259rin\u0259 \u0259m\u0259l etm\u0259diyi azm\u0131\u015f kimi, \u0259lav\u0259 \u015f\u0259rtl\u0259r ir\u0259li s\u00fcr\u00fcr. Hadis\u0259l\u0259r bu \u00f6lk\u0259d\u0259 sabit hakimiyy\u0259tin, nizaml\u0131 ordunun olmad\u0131\u011f\u0131n\u0131 da isbatlay\u0131r. Bu hal Erm\u0259nistan\u0131n \u00fcz\u0259rin\u0259 g\u00f6t\u00fcrd\u00fcy\u00fc \u00f6hd\u0259likl\u0259r\u0259 \u0259m\u0259l etm\u0259sin\u0259 mane ola bil\u0259r. Odur ki, \u00f6lk\u0259nin silahl\u0131 q\u00fcvv\u0259l\u0259rind\u0259 intiharlar, s\u0259b\u0259bi&hellip;<\/p>\n","protected":false},"author":2,"featured_media":503982,"comment_status":"closed","ping_status":"closed","sticky":false,"template":"","format":"standard","meta":{"om_disable_all_campaigns":false,"_monsterinsights_skip_tracking":false,"_monsterinsights_sitenote_active":false,"_monsterinsights_sitenote_note":"","_monsterinsights_sitenote_category":0},"categories":[4],"tags":[],"aioseo_notices":[],"gutentor_comment":0,"rttpg_featured_image_url":{"full":["https:\/\/arantv.az\/wp-content\/uploads\/2022\/08\/FotoJet-2022-08-09T152716.472.jpg",620,413,false],"landscape":["https:\/\/arantv.az\/wp-content\/uploads\/2022\/08\/FotoJet-2022-08-09T152716.472.jpg",620,413,false],"portraits":["https:\/\/arantv.az\/wp-content\/uploads\/2022\/08\/FotoJet-2022-08-09T152716.472.jpg",620,413,false],"thumbnail":["https:\/\/arantv.az\/wp-content\/uploads\/2022\/08\/FotoJet-2022-08-09T152716.472-500x280.jpg",500,280,true],"medium":["https:\/\/arantv.az\/wp-content\/uploads\/2022\/08\/FotoJet-2022-08-09T152716.472-548x365.jpg",548,365,true],"large":["https:\/\/arantv.az\/wp-content\/uploads\/2022\/08\/FotoJet-2022-08-09T152716.472.jpg",620,413,false],"1536x1536":["https:\/\/arantv.az\/wp-content\/uploads\/2022\/08\/FotoJet-2022-08-09T152716.472.jpg",620,413,false],"2048x2048":["https:\/\/arantv.az\/wp-content\/uploads\/2022\/08\/FotoJet-2022-08-09T152716.472.jpg",620,413,false],"post-thumbnail":["https:\/\/arantv.az\/wp-content\/uploads\/2022\/08\/FotoJet-2022-08-09T152716.472-240x172.jpg",240,172,true],"advps-thumb-one":["https:\/\/arantv.az\/wp-content\/uploads\/2022\/08\/FotoJet-2022-08-09T152716.472.jpg",620,413,false]},"rttpg_author":{"display_name":"V\u00fcsal Rafiqo\u011flu","author_link":"https:\/\/arantv.az\/?author=2"},"rttpg_comment":0,"rttpg_category":"<a href=\"https:\/\/arantv.az\/?cat=4\" rel=\"category\">Siyas\u0259t<\/a>","rttpg_excerpt":"Erm\u0259nistan 44 g\u00fcnl\u00fck m\u00fcharib\u0259d\u0259n d\u0259rs alana, n\u0259tic\u0259 \u00e7\u0131xarana ox\u015fam\u0131r. Daha do\u011frusu, \u00f6z\u00fcn\u00fc at\u0259\u015fk\u0259s imzalanan g\u00fcnd\u0259ki kimi aparm\u0131r. Noyabr\u0131n 10-da s\u0259n\u0259di imzalamaq \u00fc\u00e7\u00fcn g\u00f6z\u0259 g\u00f6r\u00fcnm\u0259y\u0259n Ba\u015f nazir Nikol Pa\u015finyan indi \u015f\u0259rtl\u0259ri yerin\u0259 yetirmir. Az\u0259rbaycan t\u0259r\u0259fi r\u0259smi \u0130r\u0259vana \u00f6hd\u0259likl\u0259rini yerin\u0259 yetirm\u0259yin vacibliyini m\u00fcxt\u0259lif vasit\u0259l\u0259rl\u0259 ba\u015fa sal\u0131r. A\u011f\u0131r iqtisadi, siyasi, sosial, h\u0259rbi b\u00f6hranla \u00fcz-\u00fcz\u0259 qalan \u0130r\u0259van \u00f6hd\u0259likl\u0259rin\u0259 \u0259m\u0259l&hellip;","_links":{"self":[{"href":"https:\/\/arantv.az\/index.php?rest_route=\/wp\/v2\/posts\/503981"}],"collection":[{"href":"https:\/\/arantv.az\/index.php?rest_route=\/wp\/v2\/posts"}],"about":[{"href":"https:\/\/arantv.az\/index.php?rest_route=\/wp\/v2\/types\/post"}],"author":[{"embeddable":true,"href":"https:\/\/arantv.az\/index.php?rest_route=\/wp\/v2\/users\/2"}],"replies":[{"embeddable":true,"href":"https:\/\/arantv.az\/index.php?rest_route=%2Fwp%2Fv2%2Fcomments&post=503981"}],"version-history":[{"count":0,"href":"https:\/\/arantv.az\/index.php?rest_route=\/wp\/v2\/posts\/503981\/revisions"}],"wp:featuredmedia":[{"embeddable":true,"href":"https:\/\/arantv.az\/index.php?rest_route=\/wp\/v2\/media\/503982"}],"wp:attachment":[{"href":"https:\/\/arantv.az\/index.php?rest_route=%2Fwp%2Fv2%2Fmedia&parent=503981"}],"wp:term":[{"taxonomy":"category","embeddable":true,"href":"https:\/\/arantv.az\/index.php?rest_route=%2Fwp%2Fv2%2Fcategories&post=503981"},{"taxonomy":"post_tag","embeddable":true,"href":"https:\/\/arantv.az\/index.php?rest_route=%2Fwp%2Fv2%2Ftags&post=503981"}],"curies":[{"name":"wp","href":"https:\/\/api.w.org\/{rel}","templated":true}]}}