{"id":50399,"date":"2019-04-12T12:20:45","date_gmt":"2019-04-12T09:20:45","guid":{"rendered":"http:\/\/arantv.az\/?p=50399"},"modified":"2019-04-12T12:20:45","modified_gmt":"2019-04-12T09:20:45","slug":"usagi-mu%c9%99llim-doym%c9%99yib-yixilib-basi-d%c9%99yib-r%c9%99smi-aciqlama-yenil%c9%99nib","status":"publish","type":"post","link":"https:\/\/arantv.az\/?p=50399","title":{"rendered":"\u201cU\u015fa\u011f\u0131 m\u00fc\u0259llim d\u00f6ym\u0259yib, y\u0131x\u0131l\u0131b ba\u015f\u0131 d\u0259yib\u201d &#8211; R\u0259smi a\u00e7\u0131qlama &#8211; YEN\u0130L\u018fN\u0130B"},"content":{"rendered":"<p>13:15<\/p>\n<p>Bak\u0131 \u015e\u0259h\u0259ri \u00fczr\u0259 T\u0259hsil \u0130dar\u0259si Qarada\u011f rayonu, Qobustan q\u0259s\u0259b\u0259sind\u0259 321 n\u00f6mr\u0259li m\u0259kt\u0259bd\u0259 m\u00fc\u0259llim \u015fagirdi d\u00f6y\u00fcb x\u0259st\u0259xanal\u0131q etm\u0259si il\u0259 ba\u011fl\u0131 x\u0259b\u0259r\u0259 m\u00fcnasib\u0259t bildirib.<\/p>\n<p><strong>ARANTV.AZ<\/strong> bildirir ki, qurumdan qafqazinfo-ya daxil olan m\u0259lumata g\u00f6r\u0259, aprelin 12-si saat t\u0259xmin\u0259n 11:30 rad\u0259l\u0259rind\u0259 m\u0259kt\u0259bin VII sinif \u015fagirdi (m\u00fcvafiq s\u0259b\u0259bl\u0259r\u0259 g\u00f6r\u0259 \u015fagirdin ad\u0131 qeyd olunmur) riyaziyyat d\u0259rsind\u0259 \u00f6z\u00fcn\u00fc pis hiss edib v\u0259 y\u0131x\u0131l\u0131b. \u015eagirdin hal\u0131 pisl\u0259\u015fdiyi \u00fc\u00e7\u00fcn ba\u015f\u0131 d\u0259yib.<\/p>\n<p>Sinif r\u0259hb\u0259ri \u015fagirdin do\u011fma xalas\u0131d\u0131r. Hadis\u0259 olan kimi d\u0259rhal valideyn\u0259 d\u0259 m\u0259lumat verilib.<\/p>\n<p>M\u0259kt\u0259b\u0259 t\u0259cili-tibbi yard\u0131m \u00e7a\u011f\u0131r\u0131l\u0131b. \u015eagirdin atas\u0131 da u\u015faqla x\u0259st\u0259xanaya gedib. M\u0259kt\u0259b r\u0259hb\u0259rliyi t\u0259r\u0259find\u0259n valideyn il\u0259 \u0259laq\u0259 saxlan\u0131l\u0131b, \u015fagirdin hal\u0131n\u0131n yax\u015f\u0131 oldu\u011fu bildirilib.<\/p>\n<p>Qeyd ed\u0259k ki, \u015fagirdin g\u00fccl\u00fc ba\u015f a\u011fr\u0131lar\u0131 oldu\u011fu \u00fc\u00e7\u00fcn valideyn d\u0259f\u0259l\u0259rl\u0259 bununla ba\u011fl\u0131 h\u0259kim\u0259 m\u00fcraci\u0259t edib.<\/p>\n<p>Onu da qeyd ed\u0259k ki, m\u0259s\u0259l\u0259 il\u0259 ba\u011fl\u0131 Bak\u0131 \u015e\u0259h\u0259ri \u00fczr\u0259 T\u0259hsil \u0130dar\u0259si t\u0259r\u0259find\u0259n xidm\u0259ti ara\u015fd\u0131rma apar\u0131l\u0131r. Ara\u015fd\u0131rman\u0131n n\u0259tic\u0259l\u0259ri haqq\u0131nda \u0259lav\u0259 m\u0259lumat veril\u0259c\u0259k.<\/p>\n<p>&#8212;&#8212;&#8212;<br \/>\n13:11<\/p>\n<p>Bak\u0131n\u0131n Qarada\u011f rayonu, Qobustan q\u0259s\u0259b\u0259sind\u0259 321 n\u00f6mr\u0259li m\u0259kt\u0259bd\u0259 m\u00fc\u0259llim \u015fagirdi d\u00f6y\u00fcb.<\/p>\n<p><strong>ARANTV.AZ<\/strong>\u00a0 virtualaz.org-a istinad\u0259n x\u0259b\u0259r verir ki, x\u0259sar\u0259t alan \u015fagird Aq\u015fin H\u00fcseynov t\u0259cili tibbi yard\u0131m ma\u015f\u0131n\u0131 il\u0259 Kliniki Tibbi M\u0259rk\u0259z\u0259 g\u0259tirilib. \u015eagird\u0259 k\u0259ll\u0259-beyin travmas\u0131 diaqnozu qoyulub. M\u0259lumat\u0131 S\u0259hiyy\u0259 Nazirliyinin m\u0259tbuat xidm\u0259tinin r\u0259hb\u0259ri P\u0259rviz Abub\u0259kirov t\u0259sdiql\u0259yib.<\/p>\n<p>12 ya\u015f\u0131 olan m\u0259kt\u0259bli 7-ci sinifd\u0259 oxuyur. Onu d\u00f6y\u00fcb a\u011f\u0131r x\u0259sar\u0259t yetir\u0259n m\u00fc\u0259llimin ad\u0131 h\u0259l\u0259lik m\u0259lum deyil.<\/p>\n<p>Faktla ba\u011fl\u0131 ara\u015fd\u0131rma apar\u0131l\u0131r.<\/p>\n<p>&#8212;&#8212;&#8212;<br \/>\n12:09<\/p>\n<p>Bak\u0131da 12 ya\u015fl\u0131 \u015fagird m\u00fc\u0259llim t\u0259r\u0259find\u0259n d\u00f6y\u00fcl\u00fcb.<\/p>\n<p><strong>ARANTV.AZ\u00a0<\/strong> ONA-ya istinad\u0259n x\u0259b\u0259r verir ki, hadis\u0259 paytaxt\u0131n Qarada\u011f rayonu Qobustan q\u0259s\u0259b\u0259sind\u0259 yerl\u0259\u015f\u0259n 321 n\u00f6mr\u0259li m\u0259kt\u0259bd\u0259 qeyd\u0259 al\u0131n\u0131b. M\u0259kt\u0259bin m\u00fc\u0259llimi \u015fagirdi d\u00f6y\u00fcb. D\u00f6y\u00fcl\u0259n \u015fagird x\u0259st\u0259xanaya yerl\u0259\u015fdirilib.<\/p>\n<p>S\u0259hiyy\u0259 Nazirliyind\u0259n s\u00f6z\u00fcged\u0259n sayta bildirilib ki, x\u0259sar\u0259t alan u\u015faq t\u0259cili tibbi yard\u0131m ma\u015f\u0131n\u0131 il\u0259 Klinik Tibbi M\u0259rk\u0259z\u0259 g\u0259tirilib. Ona k\u0259ll\u0259 beyin travmas\u0131 diaqnozu qoyulub.<\/p>\n","protected":false},"excerpt":{"rendered":"<p>13:15 Bak\u0131 \u015e\u0259h\u0259ri \u00fczr\u0259 T\u0259hsil \u0130dar\u0259si Qarada\u011f rayonu, Qobustan q\u0259s\u0259b\u0259sind\u0259 321 n\u00f6mr\u0259li m\u0259kt\u0259bd\u0259 m\u00fc\u0259llim \u015fagirdi d\u00f6y\u00fcb x\u0259st\u0259xanal\u0131q etm\u0259si il\u0259 ba\u011fl\u0131 x\u0259b\u0259r\u0259 m\u00fcnasib\u0259t bildirib. ARANTV.AZ bildirir ki, qurumdan qafqazinfo-ya daxil olan m\u0259lumata g\u00f6r\u0259, aprelin 12-si saat t\u0259xmin\u0259n 11:30 rad\u0259l\u0259rind\u0259 m\u0259kt\u0259bin VII sinif \u015fagirdi (m\u00fcvafiq s\u0259b\u0259bl\u0259r\u0259 g\u00f6r\u0259 \u015fagirdin ad\u0131 qeyd olunmur) riyaziyyat d\u0259rsind\u0259 \u00f6z\u00fcn\u00fc pis hiss edib v\u0259 y\u0131x\u0131l\u0131b. \u015eagirdin hal\u0131 pisl\u0259\u015fdiyi \u00fc\u00e7\u00fcn ba\u015f\u0131 d\u0259yib. Sinif r\u0259hb\u0259ri \u015fagirdin do\u011fma xalas\u0131d\u0131r. Hadis\u0259 olan kimi d\u0259rhal valideyn\u0259 d\u0259 m\u0259lumat verilib. M\u0259kt\u0259b\u0259 t\u0259cili-tibbi yard\u0131m \u00e7a\u011f\u0131r\u0131l\u0131b. \u015eagirdin atas\u0131 da u\u015faqla x\u0259st\u0259xanaya gedib. M\u0259kt\u0259b r\u0259hb\u0259rliyi t\u0259r\u0259find\u0259n valideyn&hellip;<\/p>\n","protected":false},"author":2,"featured_media":50400,"comment_status":"closed","ping_status":"closed","sticky":false,"template":"","format":"standard","meta":{"om_disable_all_campaigns":false,"_monsterinsights_skip_tracking":false,"_monsterinsights_sitenote_active":false,"_monsterinsights_sitenote_note":"","_monsterinsights_sitenote_category":0},"categories":[1],"tags":[],"aioseo_notices":[],"gutentor_comment":0,"rttpg_featured_image_url":{"full":["https:\/\/arantv.az\/wp-content\/uploads\/2019\/04\/746357.jpg",800,600,false],"landscape":["https:\/\/arantv.az\/wp-content\/uploads\/2019\/04\/746357.jpg",800,600,false],"portraits":["https:\/\/arantv.az\/wp-content\/uploads\/2019\/04\/746357.jpg",800,600,false],"thumbnail":["https:\/\/arantv.az\/wp-content\/uploads\/2019\/04\/746357-150x150.jpg",150,150,true],"medium":["https:\/\/arantv.az\/wp-content\/uploads\/2019\/04\/746357-300x225.jpg",300,225,true],"large":["https:\/\/arantv.az\/wp-content\/uploads\/2019\/04\/746357.jpg",640,480,false],"1536x1536":["https:\/\/arantv.az\/wp-content\/uploads\/2019\/04\/746357.jpg",800,600,false],"2048x2048":["https:\/\/arantv.az\/wp-content\/uploads\/2019\/04\/746357.jpg",800,600,false],"post-thumbnail":["https:\/\/arantv.az\/wp-content\/uploads\/2019\/04\/746357-240x172.jpg",240,172,true],"advps-thumb-one":["https:\/\/arantv.az\/wp-content\/uploads\/2019\/04\/746357.jpg",800,600,false]},"rttpg_author":{"display_name":"V\u00fcsal Rafiqo\u011flu","author_link":"https:\/\/arantv.az\/?author=2"},"rttpg_comment":0,"rttpg_category":"<a href=\"https:\/\/arantv.az\/?cat=1\" rel=\"category\">C\u0259miyy\u0259t<\/a>","rttpg_excerpt":"13:15 Bak\u0131 \u015e\u0259h\u0259ri \u00fczr\u0259 T\u0259hsil \u0130dar\u0259si Qarada\u011f rayonu, Qobustan q\u0259s\u0259b\u0259sind\u0259 321 n\u00f6mr\u0259li m\u0259kt\u0259bd\u0259 m\u00fc\u0259llim \u015fagirdi d\u00f6y\u00fcb x\u0259st\u0259xanal\u0131q etm\u0259si il\u0259 ba\u011fl\u0131 x\u0259b\u0259r\u0259 m\u00fcnasib\u0259t bildirib. ARANTV.AZ bildirir ki, qurumdan qafqazinfo-ya daxil olan m\u0259lumata g\u00f6r\u0259, aprelin 12-si saat t\u0259xmin\u0259n 11:30 rad\u0259l\u0259rind\u0259 m\u0259kt\u0259bin VII sinif \u015fagirdi (m\u00fcvafiq s\u0259b\u0259bl\u0259r\u0259 g\u00f6r\u0259 \u015fagirdin ad\u0131 qeyd olunmur) riyaziyyat d\u0259rsind\u0259 \u00f6z\u00fcn\u00fc pis hiss edib&hellip;","_links":{"self":[{"href":"https:\/\/arantv.az\/index.php?rest_route=\/wp\/v2\/posts\/50399"}],"collection":[{"href":"https:\/\/arantv.az\/index.php?rest_route=\/wp\/v2\/posts"}],"about":[{"href":"https:\/\/arantv.az\/index.php?rest_route=\/wp\/v2\/types\/post"}],"author":[{"embeddable":true,"href":"https:\/\/arantv.az\/index.php?rest_route=\/wp\/v2\/users\/2"}],"replies":[{"embeddable":true,"href":"https:\/\/arantv.az\/index.php?rest_route=%2Fwp%2Fv2%2Fcomments&post=50399"}],"version-history":[{"count":0,"href":"https:\/\/arantv.az\/index.php?rest_route=\/wp\/v2\/posts\/50399\/revisions"}],"wp:featuredmedia":[{"embeddable":true,"href":"https:\/\/arantv.az\/index.php?rest_route=\/wp\/v2\/media\/50400"}],"wp:attachment":[{"href":"https:\/\/arantv.az\/index.php?rest_route=%2Fwp%2Fv2%2Fmedia&parent=50399"}],"wp:term":[{"taxonomy":"category","embeddable":true,"href":"https:\/\/arantv.az\/index.php?rest_route=%2Fwp%2Fv2%2Fcategories&post=50399"},{"taxonomy":"post_tag","embeddable":true,"href":"https:\/\/arantv.az\/index.php?rest_route=%2Fwp%2Fv2%2Ftags&post=50399"}],"curies":[{"name":"wp","href":"https:\/\/api.w.org\/{rel}","templated":true}]}}