{"id":503993,"date":"2022-08-09T16:11:05","date_gmt":"2022-08-09T13:11:05","guid":{"rendered":"https:\/\/arantv.az\/?p=503993"},"modified":"2022-08-09T16:11:05","modified_gmt":"2022-08-09T13:11:05","slug":"prezident-bu-gun-az%c9%99rbaycan-dunyada-guclu-idman-olk%c9%99si-kimi-taninir","status":"publish","type":"post","link":"https:\/\/arantv.az\/?p=503993","title":{"rendered":"Prezident: \u201cBu g\u00fcn Az\u0259rbaycan d\u00fcnyada g\u00fccl\u00fc idman \u00f6lk\u0259si kimi tan\u0131n\u0131r\u201d"},"content":{"rendered":"<p>\u201cH\u0259r d\u0259f\u0259 m\u00f6t\u0259b\u0259r beyn\u0259lxalq yar\u0131\u015flar \u0259r\u0259f\u0259sind\u0259 idman\u00e7\u0131larla g\u00f6r\u00fc\u015f\u00fcb, onlarla s\u00f6hb\u0259tl\u0259\u015fir\u0259m. Bu d\u0259f\u0259 d\u0259 istisna deyil\u201d.<\/p>\n<p>\u201cReport\u201dun x\u0259b\u0259rin\u0259 g\u00f6r\u0259, bu fikirl\u0259ri Prezident\u00a0<strong>\u0130lham \u018fliyev<\/strong>\u00a0avqustun 9-da T\u00fcrkiy\u0259nin Konya \u015f\u0259h\u0259rind\u0259 ke\u00e7iril\u0259n V \u0130slam H\u0259mr\u0259yliyi Oyunlar\u0131nda Az\u0259rbaycan\u0131 t\u0259msil ed\u0259n idman\u00e7\u0131larla g\u00f6r\u00fc\u015fd\u0259 deyib.<\/p>\n<p>\u201cBu d\u0259f\u0259 V \u0130slam H\u0259mr\u0259yliyi Oyunlar\u0131nda siz Az\u0259rbaycan\u0131 t\u0259msil ed\u0259c\u0259ksiniz. \u018fmin\u0259m ki, l\u0259yaq\u0259tl\u0259 t\u0259msil ed\u0259c\u0259ksiniz. Bizim idman\u00e7\u0131lar art\u0131q b\u00fct\u00fcn beyn\u0259lxalq yar\u0131\u015flarda \u00f6zl\u0259rini t\u0259sdiql\u0259yibl\u0259r. Bu g\u00fcn Az\u0259rbaycan d\u00fcnyada g\u00fccl\u00fc idman \u00f6lk\u0259si kimi tan\u0131n\u0131r. Bizim q\u0259l\u0259b\u0259l\u0259rimiz olimpiya, d\u00fcnya, Avropa \u00e7empionatlar\u0131nda art\u0131q adi hala \u00e7evrilib\u201d, &#8211; Prezident vur\u011fulay\u0131b.<\/p>\n","protected":false},"excerpt":{"rendered":"<p>\u201cH\u0259r d\u0259f\u0259 m\u00f6t\u0259b\u0259r beyn\u0259lxalq yar\u0131\u015flar \u0259r\u0259f\u0259sind\u0259 idman\u00e7\u0131larla g\u00f6r\u00fc\u015f\u00fcb, onlarla s\u00f6hb\u0259tl\u0259\u015fir\u0259m. Bu d\u0259f\u0259 d\u0259 istisna deyil\u201d. \u201cReport\u201dun x\u0259b\u0259rin\u0259 g\u00f6r\u0259, bu fikirl\u0259ri Prezident\u00a0\u0130lham \u018fliyev\u00a0avqustun 9-da T\u00fcrkiy\u0259nin Konya \u015f\u0259h\u0259rind\u0259 ke\u00e7iril\u0259n V \u0130slam H\u0259mr\u0259yliyi Oyunlar\u0131nda Az\u0259rbaycan\u0131 t\u0259msil ed\u0259n idman\u00e7\u0131larla g\u00f6r\u00fc\u015fd\u0259 deyib. \u201cBu d\u0259f\u0259 V \u0130slam H\u0259mr\u0259yliyi Oyunlar\u0131nda siz Az\u0259rbaycan\u0131 t\u0259msil ed\u0259c\u0259ksiniz. \u018fmin\u0259m ki, l\u0259yaq\u0259tl\u0259 t\u0259msil ed\u0259c\u0259ksiniz. Bizim idman\u00e7\u0131lar art\u0131q b\u00fct\u00fcn beyn\u0259lxalq yar\u0131\u015flarda \u00f6zl\u0259rini t\u0259sdiql\u0259yibl\u0259r. Bu g\u00fcn Az\u0259rbaycan d\u00fcnyada g\u00fccl\u00fc idman \u00f6lk\u0259si kimi tan\u0131n\u0131r. Bizim q\u0259l\u0259b\u0259l\u0259rimiz olimpiya, d\u00fcnya, Avropa \u00e7empionatlar\u0131nda art\u0131q adi hala \u00e7evrilib\u201d, &#8211; Prezident vur\u011fulay\u0131b.<\/p>\n","protected":false},"author":2,"featured_media":503994,"comment_status":"closed","ping_status":"closed","sticky":false,"template":"","format":"standard","meta":{"om_disable_all_campaigns":false,"_monsterinsights_skip_tracking":false,"_monsterinsights_sitenote_active":false,"_monsterinsights_sitenote_note":"","_monsterinsights_sitenote_category":0},"categories":[4],"tags":[],"aioseo_notices":[],"gutentor_comment":0,"rttpg_featured_image_url":{"full":["https:\/\/arantv.az\/wp-content\/uploads\/2022\/08\/FotoJet-2022-08-09T163332.397.jpg",620,413,false],"landscape":["https:\/\/arantv.az\/wp-content\/uploads\/2022\/08\/FotoJet-2022-08-09T163332.397.jpg",620,413,false],"portraits":["https:\/\/arantv.az\/wp-content\/uploads\/2022\/08\/FotoJet-2022-08-09T163332.397.jpg",620,413,false],"thumbnail":["https:\/\/arantv.az\/wp-content\/uploads\/2022\/08\/FotoJet-2022-08-09T163332.397-500x280.jpg",500,280,true],"medium":["https:\/\/arantv.az\/wp-content\/uploads\/2022\/08\/FotoJet-2022-08-09T163332.397-548x365.jpg",548,365,true],"large":["https:\/\/arantv.az\/wp-content\/uploads\/2022\/08\/FotoJet-2022-08-09T163332.397.jpg",620,413,false],"1536x1536":["https:\/\/arantv.az\/wp-content\/uploads\/2022\/08\/FotoJet-2022-08-09T163332.397.jpg",620,413,false],"2048x2048":["https:\/\/arantv.az\/wp-content\/uploads\/2022\/08\/FotoJet-2022-08-09T163332.397.jpg",620,413,false],"post-thumbnail":["https:\/\/arantv.az\/wp-content\/uploads\/2022\/08\/FotoJet-2022-08-09T163332.397-240x172.jpg",240,172,true],"advps-thumb-one":["https:\/\/arantv.az\/wp-content\/uploads\/2022\/08\/FotoJet-2022-08-09T163332.397.jpg",620,413,false]},"rttpg_author":{"display_name":"V\u00fcsal Rafiqo\u011flu","author_link":"https:\/\/arantv.az\/?author=2"},"rttpg_comment":0,"rttpg_category":"<a href=\"https:\/\/arantv.az\/?cat=4\" rel=\"category\">Siyas\u0259t<\/a>","rttpg_excerpt":"\u201cH\u0259r d\u0259f\u0259 m\u00f6t\u0259b\u0259r beyn\u0259lxalq yar\u0131\u015flar \u0259r\u0259f\u0259sind\u0259 idman\u00e7\u0131larla g\u00f6r\u00fc\u015f\u00fcb, onlarla s\u00f6hb\u0259tl\u0259\u015fir\u0259m. Bu d\u0259f\u0259 d\u0259 istisna deyil\u201d. \u201cReport\u201dun x\u0259b\u0259rin\u0259 g\u00f6r\u0259, bu fikirl\u0259ri Prezident\u00a0\u0130lham \u018fliyev\u00a0avqustun 9-da T\u00fcrkiy\u0259nin Konya \u015f\u0259h\u0259rind\u0259 ke\u00e7iril\u0259n V \u0130slam H\u0259mr\u0259yliyi Oyunlar\u0131nda Az\u0259rbaycan\u0131 t\u0259msil ed\u0259n idman\u00e7\u0131larla g\u00f6r\u00fc\u015fd\u0259 deyib. \u201cBu d\u0259f\u0259 V \u0130slam H\u0259mr\u0259yliyi Oyunlar\u0131nda siz Az\u0259rbaycan\u0131 t\u0259msil ed\u0259c\u0259ksiniz. \u018fmin\u0259m ki, l\u0259yaq\u0259tl\u0259 t\u0259msil ed\u0259c\u0259ksiniz. Bizim idman\u00e7\u0131lar art\u0131q&hellip;","_links":{"self":[{"href":"https:\/\/arantv.az\/index.php?rest_route=\/wp\/v2\/posts\/503993"}],"collection":[{"href":"https:\/\/arantv.az\/index.php?rest_route=\/wp\/v2\/posts"}],"about":[{"href":"https:\/\/arantv.az\/index.php?rest_route=\/wp\/v2\/types\/post"}],"author":[{"embeddable":true,"href":"https:\/\/arantv.az\/index.php?rest_route=\/wp\/v2\/users\/2"}],"replies":[{"embeddable":true,"href":"https:\/\/arantv.az\/index.php?rest_route=%2Fwp%2Fv2%2Fcomments&post=503993"}],"version-history":[{"count":0,"href":"https:\/\/arantv.az\/index.php?rest_route=\/wp\/v2\/posts\/503993\/revisions"}],"wp:featuredmedia":[{"embeddable":true,"href":"https:\/\/arantv.az\/index.php?rest_route=\/wp\/v2\/media\/503994"}],"wp:attachment":[{"href":"https:\/\/arantv.az\/index.php?rest_route=%2Fwp%2Fv2%2Fmedia&parent=503993"}],"wp:term":[{"taxonomy":"category","embeddable":true,"href":"https:\/\/arantv.az\/index.php?rest_route=%2Fwp%2Fv2%2Fcategories&post=503993"},{"taxonomy":"post_tag","embeddable":true,"href":"https:\/\/arantv.az\/index.php?rest_route=%2Fwp%2Fv2%2Ftags&post=503993"}],"curies":[{"name":"wp","href":"https:\/\/api.w.org\/{rel}","templated":true}]}}