{"id":50402,"date":"2019-04-12T12:22:14","date_gmt":"2019-04-12T09:22:14","guid":{"rendered":"http:\/\/arantv.az\/?p=50402"},"modified":"2019-04-12T12:22:14","modified_gmt":"2019-04-12T09:22:14","slug":"torpaq-d%c9%99llallari-il%c9%99-birl%c9%99s%c9%99n-icra-m%c9%99murlari-v%c9%99t%c9%99ndasin-evini-basina-ucurdular","status":"publish","type":"post","link":"https:\/\/arantv.az\/?p=50402","title":{"rendered":"TORPAQ D\u018fLLALLARI \u0130L\u018f B\u0130RL\u018f\u015e\u018fN \u0130CRA M\u018fMURLARI V\u018fT\u018fNDA\u015eIN EV\u0130N\u0130 BA\u015eINA U\u00c7URDULAR"},"content":{"rendered":"<p><strong>Millitv.az<\/strong>\u00a0v\u0259\u00a0<strong>Astv.News\u00a0<\/strong>Redaksiyam\u0131za m\u00fcraci\u0259t ed\u0259n Ab\u015feron rayon Saray q\u0259s\u0259b\u0259sinin sakini R\u0131za T\u0259hmasib k\u00fc\u00e7\u0259si , 12 unvan\u0131nda ya\u015fayan H\u00fcseynov R\u0259sul bildirdi ki, bir qurup torpaq d\u0259llal\u0131 il\u0259 \u018fdliyy\u0259 Nazirliyinin Ab\u015feron rayon \u0130cra v\u0259 probasiya \u015fob\u0259sinin \u0259m\u0259kda\u015flar\u0131 birl\u0259\u015f\u0259r\u0259k 1999 cu- ild\u0259n Ab\u015feron rayon icra hakimiy\u0259ti t\u0259r\u0259find\u0259n onlara verilmi\u015f f\u0259rdi ya\u015fay\u0131\u015f evi tikm\u0259k \u00fc\u00e7\u00fcn olan torpaq sah\u0259sind\u0259 tikdikl\u0259ri evi torpaq d\u0259llalar\u0131 icra \u015f\u00f6b\u0259sinin \u0259m\u0259kda\u015flar\u0131n\u0131n k\u00f6m\u0259kliyi il\u0259 ba\u015flar\u0131na u\u00e7urdular.<\/p>\n<p>V\u0259t\u0259nda\u015f\u0131n bildirdiyin\u0259 g\u00f6r\u0259 \u00fc\u00e7 ild\u0259n art\u0131q m\u00fcdd\u0259tdir ki, bir qurup torpa\u011f d\u0259llal\u0131 Ab\u015feron rayon m\u0259hk\u0259m\u0259nin ke\u00e7mi\u015f hakimi \u0130lham K\u0259rimovun k\u00f6m\u0259kliyi il\u0259 1999 \u2013 cu ild\u0259n ya\u015fad\u0131qlar\u0131 evin yerinin g\u00fcyyam\u0131\u015f ba\u015fqa \u015f\u0259xs\u0259 m\u0259nsub olunmas\u0131 haqq\u0131nda saxta s\u0259n\u0259dl\u0259r t\u0259rtib ed\u0259r\u0259k m\u0259hk\u0259m\u0259 q\u0259rar\u0131 \u00e7\u0131xar\u0131bd\u0131r v\u0259 hakimin \u00e7\u0131xard\u0131\u011f\u0131 q\u0259rar\u0131n \u0259sas\u0131ndada h\u0259m\u0259n d\u0259llallar Ab\u015feron rayon \u0130cra \u015f\u00f6b\u0259sinin \u0259m\u0259kda\u015flar\u0131 il\u0259 birl\u0259\u015f\u0259r\u0259k 20- ild\u0259n art\u0131q m\u00fcdd\u0259td\u0259 ya\u015fad\u0131qlar\u0131 evi 09 aprel 2019 \u2013 cu il tarixind\u0259 s\u00f6km\u0259y\u0259 m\u00fcv\u0259ff\u0259q olublar.<\/p>\n<figure class=\"wp-block-image\"><a href=\"http:\/\/millitv.az\/uploads\/posts\/2019-04\/1554998043_img-20190410-wa0008.jpg\"><img src=\"http:\/\/millitv.az\/uploads\/posts\/2019-04\/thumbs\/1554998043_img-20190410-wa0008.jpg\" alt=\"TORPAQ D\u018fLLALLARI \u0130L\u018f B\u0130RL\u018f\u015e\u018fN  \u0130CRA M\u018fMURLARI V\u018fT\u018fNDA\u015eIN EV\u0130N\u0130 BA\u015eINA U\u00c7URDULAR\" \/><\/a><\/figure>\n<p>R\u0259sul H\u00fcseynov onuda bildirdi ki , uzun m\u00fcdd\u0259rd\u0259n sonra yeni v\u0259kilinin k\u00f6m\u0259kliyi il\u0259 Da\u015f\u0131nmaz \u018fmlak\u0131n D\u00f6vl\u0259t Reyistiri Xidm\u0259tinin Ba\u015f \u0130dar\u0259sind\u0259n \u018fld\u0259 etdiyikl\u0259ri s\u0259n\u0259d\u0259 \u0259sas\u0259n onlara bu ill\u0259r \u0259rzind\u0259 yalandan iddia ed\u0259n torpaq d\u0259llalar\u0131n\u0131n s\u0259n\u0259dl\u0259rind\u0259ki kordinatlarla onlar\u0131n evl\u0259rinin kordinatlar\u0131 q\u0259tiyy\u0259n \u00fcst- \u00fcst\u0259 d\u00fc\u015fm\u0259m\u0259si t\u0259sdiqini tapd\u0131 v\u0259 bununlada \u0259laq\u0259dar yeni v\u0259kili Ali m\u0259hk\u0259m\u0259nin Pilenumuna kasasiya \u015fikay\u0259ti il\u0259 m\u00fcraci\u0259t edibdir Amma n\u0259d\u0259ns\u0259 Ab\u015feron rayon \u0130cra \u015f\u00f6b\u0259sinin \u0259m\u0259kda\u015flar\u0131 \u0259ld\u0259 onunan s\u0259n\u0259dl\u0259rimiz\u0259 q\u0259tiy\u0259n baxmad\u0131lar onlar\u0131n bir m\u0259qs\u0259di var idi bizim ya\u015fad\u0131\u011f\u0131m\u0131z evi ba\u015f\u0131m\u0131za u\u00e7ursunlar bunada nail oldular.<\/p>\n<p><strong>P.S<\/strong><strong>H\u00f6rm\u0259tli \u0130zl\u0259yicil\u0259rimiz bildirm\u0259k ist\u0259yirik ki,Ab\u015feron Rayon Da\u015f\u0131nma\u015f \u018fmlak\u0131n D\u00f6vl\u0259t Reyistr xidm\u0259tind\u0259 apard\u0131\u011f\u0131m\u0131z ara\u015fd\u0131rma zaman\u0131 h\u0259qiq\u0259t\u0259nd\u0259 evi s\u00f6k\u00fcl\u0259n R\u0259sul H\u00fcseynov ya\u015fad\u0131\u011f\u0131 evin kordinatlar\u0131 torpaq d\u0259llall\u0259r\u0131n\u0131n iddia etdikl\u0259ri torpaq sah\u0259sinin kordinantlar\u0131 il\u0259 \u00fcst \u2013 \u00fcst\u0259 d\u00fc\u015fm\u0259diyi bir daha t\u0259sdiqini tapd\u0131.<br \/>\n<\/strong><\/p>\n<h4><strong>HAD\u0130S\u018fN\u0130 TAM T\u018fFS\u0130LATIYLA V\u0130DEODAN \u0130ZL\u018f<\/strong><\/h4>\n<figure class=\"wp-block-embed-youtube wp-block-embed is-type-video is-provider-youtube wp-embed-aspect-16-9 wp-has-aspect-ratio\">\n<div class=\"wp-block-embed__wrapper\"><iframe loading=\"lazy\" src=\"https:\/\/www.youtube.com\/embed\/jQKGnO-aYNk?feature=oembed\" width=\"640\" height=\"360\" frameborder=\"0\" allowfullscreen=\"allowfullscreen\" data-mce-fragment=\"1\"><\/iframe><\/div>\n<\/figure>\n<div class=\"post-views post-6431 entry-meta\"><\/div>\n","protected":false},"excerpt":{"rendered":"<p>Millitv.az\u00a0v\u0259\u00a0Astv.News\u00a0Redaksiyam\u0131za m\u00fcraci\u0259t ed\u0259n Ab\u015feron rayon Saray q\u0259s\u0259b\u0259sinin sakini R\u0131za T\u0259hmasib k\u00fc\u00e7\u0259si , 12 unvan\u0131nda ya\u015fayan H\u00fcseynov R\u0259sul bildirdi ki, bir qurup torpaq d\u0259llal\u0131 il\u0259 \u018fdliyy\u0259 Nazirliyinin Ab\u015feron rayon \u0130cra v\u0259 probasiya \u015fob\u0259sinin \u0259m\u0259kda\u015flar\u0131 birl\u0259\u015f\u0259r\u0259k 1999 cu- ild\u0259n Ab\u015feron rayon icra hakimiy\u0259ti t\u0259r\u0259find\u0259n onlara verilmi\u015f f\u0259rdi ya\u015fay\u0131\u015f evi tikm\u0259k \u00fc\u00e7\u00fcn olan torpaq sah\u0259sind\u0259 tikdikl\u0259ri evi torpaq d\u0259llalar\u0131 icra \u015f\u00f6b\u0259sinin \u0259m\u0259kda\u015flar\u0131n\u0131n k\u00f6m\u0259kliyi il\u0259 ba\u015flar\u0131na u\u00e7urdular. V\u0259t\u0259nda\u015f\u0131n bildirdiyin\u0259 g\u00f6r\u0259 \u00fc\u00e7 ild\u0259n art\u0131q m\u00fcdd\u0259tdir ki, bir qurup torpa\u011f d\u0259llal\u0131 Ab\u015feron rayon m\u0259hk\u0259m\u0259nin ke\u00e7mi\u015f hakimi \u0130lham K\u0259rimovun k\u00f6m\u0259kliyi il\u0259 1999 \u2013 cu ild\u0259n ya\u015fad\u0131qlar\u0131 evin&hellip;<\/p>\n","protected":false},"author":2,"featured_media":50403,"comment_status":"closed","ping_status":"closed","sticky":false,"template":"","format":"standard","meta":{"om_disable_all_campaigns":false,"_monsterinsights_skip_tracking":false,"_monsterinsights_sitenote_active":false,"_monsterinsights_sitenote_note":"","_monsterinsights_sitenote_category":0},"categories":[1],"tags":[],"aioseo_notices":[],"gutentor_comment":0,"rttpg_featured_image_url":{"full":["https:\/\/arantv.az\/wp-content\/uploads\/2019\/04\/1554998058_img-20190410-wa0023.jpg",450,337,false],"landscape":["https:\/\/arantv.az\/wp-content\/uploads\/2019\/04\/1554998058_img-20190410-wa0023.jpg",450,337,false],"portraits":["https:\/\/arantv.az\/wp-content\/uploads\/2019\/04\/1554998058_img-20190410-wa0023.jpg",450,337,false],"thumbnail":["https:\/\/arantv.az\/wp-content\/uploads\/2019\/04\/1554998058_img-20190410-wa0023-150x150.jpg",150,150,true],"medium":["https:\/\/arantv.az\/wp-content\/uploads\/2019\/04\/1554998058_img-20190410-wa0023-300x225.jpg",300,225,true],"large":["https:\/\/arantv.az\/wp-content\/uploads\/2019\/04\/1554998058_img-20190410-wa0023.jpg",450,337,false],"1536x1536":["https:\/\/arantv.az\/wp-content\/uploads\/2019\/04\/1554998058_img-20190410-wa0023.jpg",450,337,false],"2048x2048":["https:\/\/arantv.az\/wp-content\/uploads\/2019\/04\/1554998058_img-20190410-wa0023.jpg",450,337,false],"post-thumbnail":["https:\/\/arantv.az\/wp-content\/uploads\/2019\/04\/1554998058_img-20190410-wa0023-240x172.jpg",240,172,true],"advps-thumb-one":["https:\/\/arantv.az\/wp-content\/uploads\/2019\/04\/1554998058_img-20190410-wa0023.jpg",450,337,false]},"rttpg_author":{"display_name":"V\u00fcsal Rafiqo\u011flu","author_link":"https:\/\/arantv.az\/?author=2"},"rttpg_comment":0,"rttpg_category":"<a href=\"https:\/\/arantv.az\/?cat=1\" rel=\"category\">C\u0259miyy\u0259t<\/a>","rttpg_excerpt":"Millitv.az\u00a0v\u0259\u00a0Astv.News\u00a0Redaksiyam\u0131za m\u00fcraci\u0259t ed\u0259n Ab\u015feron rayon Saray q\u0259s\u0259b\u0259sinin sakini R\u0131za T\u0259hmasib k\u00fc\u00e7\u0259si , 12 unvan\u0131nda ya\u015fayan H\u00fcseynov R\u0259sul bildirdi ki, bir qurup torpaq d\u0259llal\u0131 il\u0259 \u018fdliyy\u0259 Nazirliyinin Ab\u015feron rayon \u0130cra v\u0259 probasiya \u015fob\u0259sinin \u0259m\u0259kda\u015flar\u0131 birl\u0259\u015f\u0259r\u0259k 1999 cu- ild\u0259n Ab\u015feron rayon icra hakimiy\u0259ti t\u0259r\u0259find\u0259n onlara verilmi\u015f f\u0259rdi ya\u015fay\u0131\u015f evi tikm\u0259k \u00fc\u00e7\u00fcn olan torpaq sah\u0259sind\u0259 tikdikl\u0259ri evi torpaq&hellip;","_links":{"self":[{"href":"https:\/\/arantv.az\/index.php?rest_route=\/wp\/v2\/posts\/50402"}],"collection":[{"href":"https:\/\/arantv.az\/index.php?rest_route=\/wp\/v2\/posts"}],"about":[{"href":"https:\/\/arantv.az\/index.php?rest_route=\/wp\/v2\/types\/post"}],"author":[{"embeddable":true,"href":"https:\/\/arantv.az\/index.php?rest_route=\/wp\/v2\/users\/2"}],"replies":[{"embeddable":true,"href":"https:\/\/arantv.az\/index.php?rest_route=%2Fwp%2Fv2%2Fcomments&post=50402"}],"version-history":[{"count":0,"href":"https:\/\/arantv.az\/index.php?rest_route=\/wp\/v2\/posts\/50402\/revisions"}],"wp:featuredmedia":[{"embeddable":true,"href":"https:\/\/arantv.az\/index.php?rest_route=\/wp\/v2\/media\/50403"}],"wp:attachment":[{"href":"https:\/\/arantv.az\/index.php?rest_route=%2Fwp%2Fv2%2Fmedia&parent=50402"}],"wp:term":[{"taxonomy":"category","embeddable":true,"href":"https:\/\/arantv.az\/index.php?rest_route=%2Fwp%2Fv2%2Fcategories&post=50402"},{"taxonomy":"post_tag","embeddable":true,"href":"https:\/\/arantv.az\/index.php?rest_route=%2Fwp%2Fv2%2Ftags&post=50402"}],"curies":[{"name":"wp","href":"https:\/\/api.w.org\/{rel}","templated":true}]}}