{"id":504035,"date":"2022-08-09T23:06:23","date_gmt":"2022-08-09T20:06:23","guid":{"rendered":"https:\/\/arantv.az\/?p=504035"},"modified":"2022-08-09T23:06:23","modified_gmt":"2022-08-09T20:06:23","slug":"ilham-%c9%99liyev-v%c9%99-mehriban-%c9%99liyeva-islamiadanin-acilis-m%c9%99rasimind%c9%99-istirak-edirl%c9%99r-yenil%c9%99nib-canli","status":"publish","type":"post","link":"https:\/\/arantv.az\/?p=504035","title":{"rendered":"\u0130lham \u018fliyev v\u0259 Mehriban \u018fliyeva \u0130slamiadan\u0131n a\u00e7\u0131l\u0131\u015f m\u0259rasimind\u0259 i\u015ftirak edirl\u0259r \u2013 YEN\u0130L\u018fN\u0130B + CANLI"},"content":{"rendered":"<p>Avqustun 9-da T\u00fcrkiy\u0259nin Konya \u015f\u0259h\u0259rind\u0259 V \u0130slam H\u0259mr\u0259yliyi Oyunlar\u0131n\u0131n t\u0259nt\u0259n\u0259li a\u00e7\u0131l\u0131\u015f m\u0259rasimi ke\u00e7irilir.<\/p>\n<p><a href=\"https:\/\/azertag.az\/xeber\/Konyada_V_Islam_Hemreyliyi_Oyunlarinin_tenteneli_achilis_merasimi_kechirilirAzerbaycan_Prezidenti_Ilham_Aliyev_ve_birinci_xanim_Mehriban_Aliyeva_merasimde_istirak_edirler_YENILANIB_1_CANLI-2246591\" target=\"_blank\" rel=\"noopener\">AZ\u018fRTAC<\/a>\u00a0x\u0259b\u0259r verir ki, Az\u0259rbaycan Respublikas\u0131n\u0131n Prezidenti\u00a0<strong>\u0130lham \u018fliyev<\/strong>\u00a0v\u0259 Birinci vitse-prezident\u00a0<strong>Mehriban \u018fliyeva<\/strong>\u00a0m\u0259rasimd\u0259 i\u015ftirak edirl\u0259r.<\/p>\n<div class=\"AdviadNativeVideo\"><\/div>\n<p>A\u00e7\u0131l\u0131\u015f m\u0259rasiminin ke\u00e7irildiyi Konya B\u00f6y\u00fck\u015f\u0259h\u0259r B\u0259l\u0259diyy\u0259si Stadionunun \u00fcz\u0259rind\u0259 \u201cT\u00fcrk Y\u0131ld\u0131zlar\u0131\u201d aerobatika komandalar\u0131n\u0131n n\u00fcmun\u0259vi pilotaj u\u00e7u\u015flar\u0131 m\u00f6ht\u0259\u015f\u0259m m\u0259rasimin i\u015ftirak\u00e7\u0131lar\u0131na xo\u015f anlar ya\u015fad\u0131b.<\/p>\n<p>Sonra Livan \u0259silli isve\u00e7li m\u00fc\u011f\u0259nni Maher Zain konsert proqram\u0131 il\u0259 \u00e7\u0131x\u0131\u015f edib. Konsert zaman\u0131 dron v\u0259 i\u015f\u0131q effektl\u0259ri m\u0259rasim\u0259 x\u00fcsusi r\u0259ng qat\u0131b.<\/p>\n<p>Daha sonra m\u00fcq\u0259dd\u0259s \u201cQurani-K\u0259rim\u201dd\u0259n ay\u0259l\u0259r oxunub.<\/p>\n<p>Bu m\u00f6ht\u0259\u015f\u0259m t\u0259dbirin tama\u015fa\u00e7\u0131lar\u0131 arenaya daxil olan T\u00fcrkiy\u0259 Prezidenti R\u0259c\u0259b Tayyib \u018frdo\u011fan\u0131, Az\u0259rbaycan Prezidenti \u0130lham \u018fliyevi, dig\u0259r d\u00f6vl\u0259t v\u0259 h\u00f6kum\u0259t ba\u015f\u00e7\u0131lar\u0131n\u0131 h\u0259rar\u0259tl\u0259 alq\u0131\u015flad\u0131lar.<\/p>\n<p>T\u00fcrkiy\u0259 Prezidenti R\u0259c\u0259b Tayyib \u018frdo\u011fan Az\u0259rbaycan\u0131n birinci xan\u0131m\u0131 Mehriban \u018fliyeva v\u0259 Heyd\u0259r \u018fliyev Fondunun vitse-prezidenti Leyla \u018fliyeva il\u0259 q\u0131sa s\u00f6hb\u0259t etdi.<\/p>\n<p>M\u0259rasimd\u0259 \u0259vv\u0259lc\u0259 s\u0259hn\u0259y\u0259 \u00e7\u0131xan r\u0259qqaslar V \u0130slam H\u0259mr\u0259yliyi Oyunlar\u0131n\u0131n loqosunu canland\u0131rd\u0131lar. Oyunlar \u00fc\u00e7\u00fcn x\u00fcsusi olaraq lal\u0259 formas\u0131nda haz\u0131rlanm\u0131\u015f loqo \u00f6z\u00fcnd\u0259 21 r\u0259q\u0259mini simvoliz\u0259 edir. Loqoda, h\u0259m\u00e7inin \u0259r\u0259b dilind\u0259 \u201cqarda\u015f\u201d s\u00f6z\u00fcn\u00fc bildir\u0259n \u201c \u0623 \u062e\u201d s\u00f6z\u00fc d\u0259 yer al\u0131b.<\/p>\n<p>A\u00e7\u0131l\u0131\u015f m\u0259rasimind\u0259 T\u00fcrkiy\u0259 tarixinin m\u00fcxt\u0259lif d\u00f6vrl\u0259rini v\u0259 m\u0259d\u0259ni z\u0259nginlikl\u0259rini \u0259ks etdir\u0259n kompozisiya n\u00fcmayi\u015f olundu. Kompozisiyan\u0131n sonunda i\u015f\u0131q effektl\u0259ri vasit\u0259sil\u0259 s\u0259hn\u0259d\u0259 T\u00fcrkiy\u0259 bayra\u011f\u0131 v\u0259 ay-ulduz fiquru t\u0259c\u0259ss\u00fcm etdirildi. Ard\u0131nca h\u0259rb\u00e7il\u0259r T\u00fcrkiy\u0259nin D\u00f6vl\u0259t Bayra\u011f\u0131n\u0131 s\u0259hn\u0259y\u0259 g\u0259tirdil\u0259r. Bayraq T\u00fcrkiy\u0259nin D\u00f6vl\u0259t Himni \u2013 \u201c\u0130stiqlal Mar\u015f\u0131\u201dn\u0131n s\u0259dalar\u0131 alt\u0131nda qald\u0131r\u0131ld\u0131.<\/p>\n<p>Bayra\u011f\u0131n qald\u0131r\u0131lmas\u0131ndan sonra \u201cKonya-2021\u201d V \u0130slam H\u0259mr\u0259yliyi Oyunlar\u0131n\u0131n k\u00f6n\u00fcll\u00fcl\u0259rinin v\u0259 komandalar\u0131n parad\u0131 oldu.<\/p>\n<p>Az\u0259rbaycan idman\u00e7\u0131lar\u0131 meydana d\u00f6rd\u00fcnc\u00fc s\u0131rada daxil oldular.<\/p>\n<p>Prezident \u0130lham \u018fliyev v\u0259 birinci xan\u0131m Mehriban \u018fliyeva komandam\u0131z\u0131n \u00fczvl\u0259rini h\u0259rar\u0259tl\u0259 alq\u0131\u015flad\u0131lar.<\/p>\n<p>A\u00e7\u0131l\u0131\u015f m\u0259rasimind\u0259 Az\u0259rbaycan\u0131n \u00fc\u00e7r\u0259ngli bayra\u011f\u0131n\u0131 atlet Nazim Babayev v\u0259 voleybol\u00e7u Ay\u015f\u0259n Abdul\u0259zimova apard\u0131lar.<\/p>\n<p>Nazim Babayev Avropa \u00e7empionu, IV \u0130slam H\u0259mr\u0259yliyi Oyunlar\u0131n\u0131n qalibi, Q\u0131\u015f Universiadas\u0131n\u0131n ikiqat qalibi, Yeniyetm\u0259l\u0259rin Yay Olimpiya Oyunlar\u0131n\u0131n b\u00fcr\u00fcnc medal\u00e7\u0131s\u0131d\u0131r. Ay\u015f\u0259n Abdul\u0259zimova is\u0259 qad\u0131n voleybol\u00e7ulardan ibar\u0259t Az\u0259rbaycan millisinin kapitan\u0131, \u201c\u00c7a\u011f\u0131r\u0131\u015f\u201d kubokunun, \u201cQ\u0131z\u0131l Avropa\u201d liqas\u0131n\u0131n v\u0259 IV \u0130slam H\u0259mr\u0259yliyi Oyunlar\u0131n\u0131n qalibidir.<\/p>\n<p>Az\u0259rbaycan\u0131 \u0130slamiadada 281 idman\u00e7\u0131 t\u0259msil edir. Onlar a\u011f\u0131r atletika, at\u0131c\u0131l\u0131q, atletika, basketbol 3&#215;3 (qad\u0131nlar v\u0259 ki\u015fil\u0259r), c\u00fcdo, futbol, g\u00fcl\u0259\u015f, gimnastika, aerobika, b\u0259dii gimnastika, h\u0259ndbol (qad\u0131nlar v\u0259 ki\u015fil\u0259r), karate, kikboksinq, q\u0131l\u0131ncoynatma, oxatma, para-oxatma, para-atletika, para-\u00fczg\u00fc\u00e7\u00fcl\u00fck, stol\u00fcst\u00fc tennis, taekvondo, velosiped, voleybol (qad\u0131nlar v\u0259 ki\u015fil\u0259r) v\u0259 \u00fczg\u00fc\u00e7\u00fcl\u00fck yar\u0131\u015flar\u0131nda g\u00fccl\u0259rini s\u0131nay\u0131rlar.<\/p>\n<p>Avqustun 18-d\u0259k davam ed\u0259c\u0259k V \u0130slam H\u0259mr\u0259yliyi Oyunlar\u0131nda 56 \u00f6lk\u0259d\u0259n 4 mind\u0259n \u00e7ox atlet idman\u0131n 24 n\u00f6v\u00fc \u00fczr\u0259 483 d\u0259st medal u\u011frunda m\u00fcbariz\u0259 apar\u0131r.<\/p>\n<p><strong>22:31<\/strong><\/p>\n<p>Avqustun 9-da T\u00fcrkiy\u0259nin Konya \u015f\u0259h\u0259rind\u0259 V \u0130slam H\u0259mr\u0259yliyi Oyunlar\u0131n\u0131n t\u0259nt\u0259n\u0259li a\u00e7\u0131l\u0131\u015f m\u0259rasimi ke\u00e7irilir.<\/p>\n<p><a href=\"https:\/\/azertag.az\/xeber\/Konyada_V_Islam_Hemreyliyi_Oyunlarinin_tenteneli_achilis_merasimi_kechirilirAzerbaycan_Prezidenti_Ilham_Aliyev_ve_birinci_xanim_Mehriban_Aliyeva_merasimde_istirak_edirler_CANLI-2246591\" target=\"_blank\" rel=\"noopener\">AZ\u018fRTAC<\/a>\u00a0x\u0259b\u0259r verir ki, Az\u0259rbaycan Respublikas\u0131n\u0131n Prezidenti \u0130lham \u018fliyev v\u0259 birinci xan\u0131m Mehriban \u018fliyeva m\u0259rasimd\u0259 i\u015ftirak edirl\u0259r.<\/p>\n<div><iframe loading=\"lazy\" title=\"CANLI TV \u0130ZLE - Haber Global TV Canl\u0131 Yay\u0131n\u0131 \u1d34\u1d30\" src=\"https:\/\/www.youtube.com\/embed\/yUPDg9T76xg\" width=\"560\" height=\"315\" frameborder=\"0\" allowfullscreen=\"allowfullscreen\" data-mce-fragment=\"1\"><\/iframe><\/div>\n<p><strong>21:52<\/strong><\/p>\n<p>T\u00fcrkiy\u0259nin Konya \u015f\u0259h\u0259rind\u0259 V \u0130slam H\u0259mr\u0259yliyi Oyunlar\u0131n\u0131n r\u0259smi a\u00e7\u0131l\u0131\u015f m\u0259rasimi ba\u015flay\u0131b.<\/p>\n<p>\u201cReport\u201dun Konyaya ezam olunmu\u015f \u0259m\u0259kda\u015f\u0131 x\u0259b\u0259r verir ki, t\u0259dbir ba\u015flamam\u0131\u015fdan \u0259vv\u0259l t\u00fcrk q\u0131r\u0131c\u0131lar\u0131 Konya B\u00f6y\u00fck\u015f\u0259h\u0259r B\u0259l\u0259diyy\u0259si Stadionunun \u00fcz\u0259rind\u0259 n\u00fcmun\u0259vi u\u00e7u\u015flar h\u0259yata ke\u00e7ir\u0259r\u0259k, m\u0259har\u0259tl\u0259rini g\u00f6st\u0259ribl\u0259r.<\/p>\n<p>T\u0259dbir is\u0259 Livan \u0259silli isve\u00e7li m\u00fc\u011f\u0259nni Maher Zeynin konsert proqram\u0131 il\u0259 ba\u015flay\u0131b.<\/p>\n<p>Daha sonra Qurani K\u0259rimd\u0259n ay\u0259l\u0259r oxunub.<\/p>\n<p>Qeyd ed\u0259k ki, V \u0130slam H\u0259mr\u0259yliyi Oyunlar\u0131nda 56 \u00f6lk\u0259d\u0259n 4 200 idman\u00e7\u0131 yar\u0131\u015f\u0131r. Avqustun 18-d\u0259k davam ed\u0259c\u0259k \u0130slamiadada Az\u0259rbaycan\u0131n \u00fcmumilikd\u0259 281 idman\u00e7\u0131s\u0131 q\u00fcvv\u0259sini s\u0131nayacaq.<\/p>\n<div><iframe loading=\"lazy\" title=\"YouTube video player\" src=\"https:\/\/www.youtube.com\/embed\/l24B5G_rj6E\" width=\"560\" height=\"315\" frameborder=\"0\" allowfullscreen=\"allowfullscreen\" data-mce-fragment=\"1\"><\/iframe><\/div>\n<p>&nbsp;<\/p>\n<div class=\"gallery\">\n<div class=\"gallery-i\"><img src=\"https:\/\/cdn.oxu.az\/uploads\/W1siZiIsIjIwMjIvMDgvMDkvMjEvNTEvNDcvODcyZGQwYmMtMzExMy00OTQzLThiOTItZjdhZGNhYzA4YWY1L2JlMTM5Y2QzLTQ5NzQtM2Q2ZS1hODNhLTU4MDkxMzQxMTU0OC5qcGciXSxbInAiLCJlbmNvZGUiLCJqcGciLCItcXVhbGl0eSA4MCJdLFsicCIsInRodW1iIiwiNTkweDU5MFx1MDAzZSJdXQ?sha=c38553f331d4a3ad\" alt=\"\" \/><\/p>\n<div class=\"gallery-i-caption\"><\/div>\n<\/div>\n<div class=\"gallery-i\"><img src=\"https:\/\/cdn.oxu.az\/uploads\/W1siZiIsIjIwMjIvMDgvMDkvMjEvNTEvNDcvOTBkZTc2YjUtNjI2NS00NDE5LWE0ZWItOTg5ZmMwZjEzNWY0L2U1NWUxMjIxLWM0NWYtM2E2MC1iZjVkLWY3MjczYzZjYWViYS5qcGciXSxbInAiLCJlbmNvZGUiLCJqcGciLCItcXVhbGl0eSA4MCJdLFsicCIsInRodW1iIiwiNTkweDU5MFx1MDAzZSJdXQ?sha=b9f457f54cade1f7\" alt=\"\" \/><\/p>\n<div class=\"gallery-i-caption\"><\/div>\n<\/div>\n<div class=\"gallery-i\"><img src=\"https:\/\/cdn.oxu.az\/uploads\/W1siZiIsIjIwMjIvMDgvMDkvMjEvNTEvNDcvYTgxOTIxYWMtZmRjNC00YTdkLThhOGYtODllZmNlYjBlYWIzL2M3YjZhOWVlLTE1ZmYtMzBlYi04M2Y3LWIzMzI5YTYyYjU4MS5qcGciXSxbInAiLCJlbmNvZGUiLCJqcGciLCItcXVhbGl0eSA4MCJdLFsicCIsInRodW1iIiwiNTkweDU5MFx1MDAzZSJdXQ?sha=666a587a71075c6c\" alt=\"\" \/><\/div>\n<\/div>\n","protected":false},"excerpt":{"rendered":"<p>Avqustun 9-da T\u00fcrkiy\u0259nin Konya \u015f\u0259h\u0259rind\u0259 V \u0130slam H\u0259mr\u0259yliyi Oyunlar\u0131n\u0131n t\u0259nt\u0259n\u0259li a\u00e7\u0131l\u0131\u015f m\u0259rasimi ke\u00e7irilir. AZ\u018fRTAC\u00a0x\u0259b\u0259r verir ki, Az\u0259rbaycan Respublikas\u0131n\u0131n Prezidenti\u00a0\u0130lham \u018fliyev\u00a0v\u0259 Birinci vitse-prezident\u00a0Mehriban \u018fliyeva\u00a0m\u0259rasimd\u0259 i\u015ftirak edirl\u0259r. A\u00e7\u0131l\u0131\u015f m\u0259rasiminin ke\u00e7irildiyi Konya B\u00f6y\u00fck\u015f\u0259h\u0259r B\u0259l\u0259diyy\u0259si Stadionunun \u00fcz\u0259rind\u0259 \u201cT\u00fcrk Y\u0131ld\u0131zlar\u0131\u201d aerobatika komandalar\u0131n\u0131n n\u00fcmun\u0259vi pilotaj u\u00e7u\u015flar\u0131 m\u00f6ht\u0259\u015f\u0259m m\u0259rasimin i\u015ftirak\u00e7\u0131lar\u0131na xo\u015f anlar ya\u015fad\u0131b. Sonra Livan \u0259silli isve\u00e7li m\u00fc\u011f\u0259nni Maher Zain konsert proqram\u0131 il\u0259 \u00e7\u0131x\u0131\u015f edib. Konsert zaman\u0131 dron v\u0259 i\u015f\u0131q effektl\u0259ri m\u0259rasim\u0259 x\u00fcsusi r\u0259ng qat\u0131b. Daha sonra m\u00fcq\u0259dd\u0259s \u201cQurani-K\u0259rim\u201dd\u0259n ay\u0259l\u0259r oxunub. Bu m\u00f6ht\u0259\u015f\u0259m t\u0259dbirin tama\u015fa\u00e7\u0131lar\u0131 arenaya daxil olan T\u00fcrkiy\u0259 Prezidenti R\u0259c\u0259b Tayyib \u018frdo\u011fan\u0131, Az\u0259rbaycan Prezidenti \u0130lham \u018fliyevi,&hellip;<\/p>\n","protected":false},"author":2,"featured_media":504036,"comment_status":"closed","ping_status":"closed","sticky":false,"template":"","format":"standard","meta":{"om_disable_all_campaigns":false,"_monsterinsights_skip_tracking":false,"_monsterinsights_sitenote_active":false,"_monsterinsights_sitenote_note":"","_monsterinsights_sitenote_category":0},"categories":[4],"tags":[],"aioseo_notices":[],"gutentor_comment":0,"rttpg_featured_image_url":{"full":["https:\/\/arantv.az\/wp-content\/uploads\/2022\/08\/FotoJet-2022-08-09T215121.592.jpg",620,413,false],"landscape":["https:\/\/arantv.az\/wp-content\/uploads\/2022\/08\/FotoJet-2022-08-09T215121.592.jpg",620,413,false],"portraits":["https:\/\/arantv.az\/wp-content\/uploads\/2022\/08\/FotoJet-2022-08-09T215121.592.jpg",620,413,false],"thumbnail":["https:\/\/arantv.az\/wp-content\/uploads\/2022\/08\/FotoJet-2022-08-09T215121.592-500x280.jpg",500,280,true],"medium":["https:\/\/arantv.az\/wp-content\/uploads\/2022\/08\/FotoJet-2022-08-09T215121.592-548x365.jpg",548,365,true],"large":["https:\/\/arantv.az\/wp-content\/uploads\/2022\/08\/FotoJet-2022-08-09T215121.592.jpg",620,413,false],"1536x1536":["https:\/\/arantv.az\/wp-content\/uploads\/2022\/08\/FotoJet-2022-08-09T215121.592.jpg",620,413,false],"2048x2048":["https:\/\/arantv.az\/wp-content\/uploads\/2022\/08\/FotoJet-2022-08-09T215121.592.jpg",620,413,false],"post-thumbnail":["https:\/\/arantv.az\/wp-content\/uploads\/2022\/08\/FotoJet-2022-08-09T215121.592-240x172.jpg",240,172,true],"advps-thumb-one":["https:\/\/arantv.az\/wp-content\/uploads\/2022\/08\/FotoJet-2022-08-09T215121.592.jpg",620,413,false]},"rttpg_author":{"display_name":"V\u00fcsal Rafiqo\u011flu","author_link":"https:\/\/arantv.az\/?author=2"},"rttpg_comment":0,"rttpg_category":"<a href=\"https:\/\/arantv.az\/?cat=4\" rel=\"category\">Siyas\u0259t<\/a>","rttpg_excerpt":"Avqustun 9-da T\u00fcrkiy\u0259nin Konya \u015f\u0259h\u0259rind\u0259 V \u0130slam H\u0259mr\u0259yliyi Oyunlar\u0131n\u0131n t\u0259nt\u0259n\u0259li a\u00e7\u0131l\u0131\u015f m\u0259rasimi ke\u00e7irilir. AZ\u018fRTAC\u00a0x\u0259b\u0259r verir ki, Az\u0259rbaycan Respublikas\u0131n\u0131n Prezidenti\u00a0\u0130lham \u018fliyev\u00a0v\u0259 Birinci vitse-prezident\u00a0Mehriban \u018fliyeva\u00a0m\u0259rasimd\u0259 i\u015ftirak edirl\u0259r. A\u00e7\u0131l\u0131\u015f m\u0259rasiminin ke\u00e7irildiyi Konya B\u00f6y\u00fck\u015f\u0259h\u0259r B\u0259l\u0259diyy\u0259si Stadionunun \u00fcz\u0259rind\u0259 \u201cT\u00fcrk Y\u0131ld\u0131zlar\u0131\u201d aerobatika komandalar\u0131n\u0131n n\u00fcmun\u0259vi pilotaj u\u00e7u\u015flar\u0131 m\u00f6ht\u0259\u015f\u0259m m\u0259rasimin i\u015ftirak\u00e7\u0131lar\u0131na xo\u015f anlar ya\u015fad\u0131b. Sonra Livan \u0259silli isve\u00e7li m\u00fc\u011f\u0259nni Maher Zain konsert proqram\u0131&hellip;","_links":{"self":[{"href":"https:\/\/arantv.az\/index.php?rest_route=\/wp\/v2\/posts\/504035"}],"collection":[{"href":"https:\/\/arantv.az\/index.php?rest_route=\/wp\/v2\/posts"}],"about":[{"href":"https:\/\/arantv.az\/index.php?rest_route=\/wp\/v2\/types\/post"}],"author":[{"embeddable":true,"href":"https:\/\/arantv.az\/index.php?rest_route=\/wp\/v2\/users\/2"}],"replies":[{"embeddable":true,"href":"https:\/\/arantv.az\/index.php?rest_route=%2Fwp%2Fv2%2Fcomments&post=504035"}],"version-history":[{"count":0,"href":"https:\/\/arantv.az\/index.php?rest_route=\/wp\/v2\/posts\/504035\/revisions"}],"wp:featuredmedia":[{"embeddable":true,"href":"https:\/\/arantv.az\/index.php?rest_route=\/wp\/v2\/media\/504036"}],"wp:attachment":[{"href":"https:\/\/arantv.az\/index.php?rest_route=%2Fwp%2Fv2%2Fmedia&parent=504035"}],"wp:term":[{"taxonomy":"category","embeddable":true,"href":"https:\/\/arantv.az\/index.php?rest_route=%2Fwp%2Fv2%2Fcategories&post=504035"},{"taxonomy":"post_tag","embeddable":true,"href":"https:\/\/arantv.az\/index.php?rest_route=%2Fwp%2Fv2%2Ftags&post=504035"}],"curies":[{"name":"wp","href":"https:\/\/api.w.org\/{rel}","templated":true}]}}