{"id":50405,"date":"2019-04-12T14:00:01","date_gmt":"2019-04-12T11:00:01","guid":{"rendered":"http:\/\/arantv.az\/?p=50405"},"modified":"2019-04-12T14:00:01","modified_gmt":"2019-04-12T11:00:01","slug":"sabranda-uc-usaq-anasi-intihar-etdi","status":"publish","type":"post","link":"https:\/\/arantv.az\/?p=50405","title":{"rendered":"\u015eabranda \u00fc\u00e7 u\u015faq anas\u0131 intihar etdi"},"content":{"rendered":"<p>\u015eabranda 29 ya\u015fl\u0131 qad\u0131n intihar edib.<\/p>\n<p><b>ARANTV.AZ <\/b>x\u0259b\u0259r verir ki, hadis\u0259\u00a0\u015eabran rayonunda qeyd\u0259 al\u0131n\u0131b.<\/p>\n<p>Rayonun X\u0131rdaoymaq k\u0259ndind\u0259 k\u0259nd sakini P\u0259ri \u018fliyeva \u00f6z\u00fcn\u00fc asaraq intihar edib.<\/p>\n<p>P\u0259ri \u018fliyeva ail\u0259li olub. \u00dc\u00e7\u00a0\u00f6vlad\u0131 var.<\/p>\n<p>Faktla ba\u011fl\u0131 ara\u015fd\u0131rma apar\u0131l\u0131r.oxu.az<\/p>\n","protected":false},"excerpt":{"rendered":"<p>\u015eabranda 29 ya\u015fl\u0131 qad\u0131n intihar edib. ARANTV.AZ x\u0259b\u0259r verir ki, hadis\u0259\u00a0\u015eabran rayonunda qeyd\u0259 al\u0131n\u0131b. Rayonun X\u0131rdaoymaq k\u0259ndind\u0259 k\u0259nd sakini P\u0259ri \u018fliyeva \u00f6z\u00fcn\u00fc asaraq intihar edib. P\u0259ri \u018fliyeva ail\u0259li olub. \u00dc\u00e7\u00a0\u00f6vlad\u0131 var. Faktla ba\u011fl\u0131 ara\u015fd\u0131rma apar\u0131l\u0131r.oxu.az<\/p>\n","protected":false},"author":2,"featured_media":50407,"comment_status":"closed","ping_status":"closed","sticky":false,"template":"","format":"standard","meta":{"om_disable_all_campaigns":false,"_monsterinsights_skip_tracking":false,"_monsterinsights_sitenote_active":false,"_monsterinsights_sitenote_note":"","_monsterinsights_sitenote_category":0},"categories":[5],"tags":[],"aioseo_notices":[],"gutentor_comment":0,"rttpg_featured_image_url":{"full":["https:\/\/arantv.az\/wp-content\/uploads\/2019\/04\/411736353.jpg",620,393,false],"landscape":["https:\/\/arantv.az\/wp-content\/uploads\/2019\/04\/411736353.jpg",620,393,false],"portraits":["https:\/\/arantv.az\/wp-content\/uploads\/2019\/04\/411736353.jpg",620,393,false],"thumbnail":["https:\/\/arantv.az\/wp-content\/uploads\/2019\/04\/411736353-150x150.jpg",150,150,true],"medium":["https:\/\/arantv.az\/wp-content\/uploads\/2019\/04\/411736353-300x190.jpg",300,190,true],"large":["https:\/\/arantv.az\/wp-content\/uploads\/2019\/04\/411736353.jpg",620,393,false],"1536x1536":["https:\/\/arantv.az\/wp-content\/uploads\/2019\/04\/411736353.jpg",620,393,false],"2048x2048":["https:\/\/arantv.az\/wp-content\/uploads\/2019\/04\/411736353.jpg",620,393,false],"post-thumbnail":["https:\/\/arantv.az\/wp-content\/uploads\/2019\/04\/411736353-240x172.jpg",240,172,true],"advps-thumb-one":["https:\/\/arantv.az\/wp-content\/uploads\/2019\/04\/411736353.jpg",620,393,false]},"rttpg_author":{"display_name":"V\u00fcsal Rafiqo\u011flu","author_link":"https:\/\/arantv.az\/?author=2"},"rttpg_comment":0,"rttpg_category":"<a href=\"https:\/\/arantv.az\/?cat=5\" rel=\"category\">Hadis\u0259<\/a>","rttpg_excerpt":"\u015eabranda 29 ya\u015fl\u0131 qad\u0131n intihar edib. ARANTV.AZ x\u0259b\u0259r verir ki, hadis\u0259\u00a0\u015eabran rayonunda qeyd\u0259 al\u0131n\u0131b. Rayonun X\u0131rdaoymaq k\u0259ndind\u0259 k\u0259nd sakini P\u0259ri \u018fliyeva \u00f6z\u00fcn\u00fc asaraq intihar edib. P\u0259ri \u018fliyeva ail\u0259li olub. \u00dc\u00e7\u00a0\u00f6vlad\u0131 var. Faktla ba\u011fl\u0131 ara\u015fd\u0131rma apar\u0131l\u0131r.oxu.az","_links":{"self":[{"href":"https:\/\/arantv.az\/index.php?rest_route=\/wp\/v2\/posts\/50405"}],"collection":[{"href":"https:\/\/arantv.az\/index.php?rest_route=\/wp\/v2\/posts"}],"about":[{"href":"https:\/\/arantv.az\/index.php?rest_route=\/wp\/v2\/types\/post"}],"author":[{"embeddable":true,"href":"https:\/\/arantv.az\/index.php?rest_route=\/wp\/v2\/users\/2"}],"replies":[{"embeddable":true,"href":"https:\/\/arantv.az\/index.php?rest_route=%2Fwp%2Fv2%2Fcomments&post=50405"}],"version-history":[{"count":0,"href":"https:\/\/arantv.az\/index.php?rest_route=\/wp\/v2\/posts\/50405\/revisions"}],"wp:featuredmedia":[{"embeddable":true,"href":"https:\/\/arantv.az\/index.php?rest_route=\/wp\/v2\/media\/50407"}],"wp:attachment":[{"href":"https:\/\/arantv.az\/index.php?rest_route=%2Fwp%2Fv2%2Fmedia&parent=50405"}],"wp:term":[{"taxonomy":"category","embeddable":true,"href":"https:\/\/arantv.az\/index.php?rest_route=%2Fwp%2Fv2%2Fcategories&post=50405"},{"taxonomy":"post_tag","embeddable":true,"href":"https:\/\/arantv.az\/index.php?rest_route=%2Fwp%2Fv2%2Ftags&post=50405"}],"curies":[{"name":"wp","href":"https:\/\/api.w.org\/{rel}","templated":true}]}}