{"id":50409,"date":"2019-04-12T14:00:33","date_gmt":"2019-04-12T11:00:33","guid":{"rendered":"http:\/\/arantv.az\/?p=50409"},"modified":"2019-04-12T14:00:33","modified_gmt":"2019-04-12T11:00:33","slug":"m%c9%99kt%c9%99bd%c9%99-x%c9%99sar%c9%99t-alan-sagirdi-x%c9%99st%c9%99xanadan-ev%c9%99-buraxildi-foto","status":"publish","type":"post","link":"https:\/\/arantv.az\/?p=50409","title":{"rendered":"M\u0259kt\u0259bd\u0259 x\u0259sar\u0259t alan \u015fagirdi x\u0259st\u0259xanadan ev\u0259 burax\u0131ld\u0131 &#8211; FOTO"},"content":{"rendered":"<p>Bak\u0131n\u0131n 321 n\u00f6mr\u0259li tam orta m\u0259kt\u0259binin x\u0259sar\u0259t alan \u015fagirdi x\u0259st\u0259xanadan ev\u0259 burax\u0131l\u0131b.<\/p>\n<p>Bunu T\u0259hsil Nazirliyinin \u0130ctimaiyy\u0259tl\u0259 \u0259laq\u0259l\u0259r sektorunun m\u00fcdiri C\u0259sar\u0259t Valehov bildirib.<\/p>\n<div id=\"AdviadNativeVideo0\" class=\"AdviadNativeVideo\"><\/div>\n<p>Bundan \u0259vv\u0259l 1 sayl\u0131 Kliniki Tibbi M\u0259rk\u0259zd\u0259 \u015fagird\u0259 ba\u015f \u00e7\u0259kdiyini dey\u0259n C.Valehov qeyd edib ki, h\u0259kiml\u0259rin r\u0259yin\u0259 g\u00f6r\u0259 7-ci sinif \u015fagirdi Aq\u015fin H\u00fcseynzad\u0259nin sa\u011flaml\u0131\u011f\u0131 il\u0259 ba\u011fl\u0131 x\u00fcsusi problem yoxdur.<\/p>\n<p>Nazirlik r\u0259smisi deyib ki, ara\u015fd\u0131rma apar\u0131ld\u0131qdan sonra \u0259lav\u0259 m\u0259lumat veril\u0259c\u0259k. (trend)<br \/>\n<img class=\"imgbcodecent\" src=\"https:\/\/upload.az\/foto\/arxiv\/1_71555066569.jpg\" alt=\"M\u0259kt\u0259bd\u0259 x\u0259sar\u0259t alan \u015fagirdi x\u0259st\u0259xanadan ev\u0259 burax\u0131ld\u0131 - FOTO\" \/><\/p>\n","protected":false},"excerpt":{"rendered":"<p>Bak\u0131n\u0131n 321 n\u00f6mr\u0259li tam orta m\u0259kt\u0259binin x\u0259sar\u0259t alan \u015fagirdi x\u0259st\u0259xanadan ev\u0259 burax\u0131l\u0131b. Bunu T\u0259hsil Nazirliyinin \u0130ctimaiyy\u0259tl\u0259 \u0259laq\u0259l\u0259r sektorunun m\u00fcdiri C\u0259sar\u0259t Valehov bildirib. Bundan \u0259vv\u0259l 1 sayl\u0131 Kliniki Tibbi M\u0259rk\u0259zd\u0259 \u015fagird\u0259 ba\u015f \u00e7\u0259kdiyini dey\u0259n C.Valehov qeyd edib ki, h\u0259kiml\u0259rin r\u0259yin\u0259 g\u00f6r\u0259 7-ci sinif \u015fagirdi Aq\u015fin H\u00fcseynzad\u0259nin sa\u011flaml\u0131\u011f\u0131 il\u0259 ba\u011fl\u0131 x\u00fcsusi problem yoxdur. Nazirlik r\u0259smisi deyib ki, ara\u015fd\u0131rma apar\u0131ld\u0131qdan sonra \u0259lav\u0259 m\u0259lumat veril\u0259c\u0259k. (trend)<\/p>\n","protected":false},"author":2,"featured_media":50410,"comment_status":"closed","ping_status":"closed","sticky":false,"template":"","format":"standard","meta":{"om_disable_all_campaigns":false,"_monsterinsights_skip_tracking":false,"_monsterinsights_sitenote_active":false,"_monsterinsights_sitenote_note":"","_monsterinsights_sitenote_category":0},"categories":[1],"tags":[],"aioseo_notices":[],"gutentor_comment":0,"rttpg_featured_image_url":{"full":["https:\/\/arantv.az\/wp-content\/uploads\/2019\/04\/1_31555066541.jpg",649,365,false],"landscape":["https:\/\/arantv.az\/wp-content\/uploads\/2019\/04\/1_31555066541.jpg",649,365,false],"portraits":["https:\/\/arantv.az\/wp-content\/uploads\/2019\/04\/1_31555066541.jpg",649,365,false],"thumbnail":["https:\/\/arantv.az\/wp-content\/uploads\/2019\/04\/1_31555066541-150x150.jpg",150,150,true],"medium":["https:\/\/arantv.az\/wp-content\/uploads\/2019\/04\/1_31555066541-300x169.jpg",300,169,true],"large":["https:\/\/arantv.az\/wp-content\/uploads\/2019\/04\/1_31555066541.jpg",640,360,false],"1536x1536":["https:\/\/arantv.az\/wp-content\/uploads\/2019\/04\/1_31555066541.jpg",649,365,false],"2048x2048":["https:\/\/arantv.az\/wp-content\/uploads\/2019\/04\/1_31555066541.jpg",649,365,false],"post-thumbnail":["https:\/\/arantv.az\/wp-content\/uploads\/2019\/04\/1_31555066541-240x172.jpg",240,172,true],"advps-thumb-one":["https:\/\/arantv.az\/wp-content\/uploads\/2019\/04\/1_31555066541.jpg",649,365,false]},"rttpg_author":{"display_name":"V\u00fcsal Rafiqo\u011flu","author_link":"https:\/\/arantv.az\/?author=2"},"rttpg_comment":0,"rttpg_category":"<a href=\"https:\/\/arantv.az\/?cat=1\" rel=\"category\">C\u0259miyy\u0259t<\/a>","rttpg_excerpt":"Bak\u0131n\u0131n 321 n\u00f6mr\u0259li tam orta m\u0259kt\u0259binin x\u0259sar\u0259t alan \u015fagirdi x\u0259st\u0259xanadan ev\u0259 burax\u0131l\u0131b. Bunu T\u0259hsil Nazirliyinin \u0130ctimaiyy\u0259tl\u0259 \u0259laq\u0259l\u0259r sektorunun m\u00fcdiri C\u0259sar\u0259t Valehov bildirib. Bundan \u0259vv\u0259l 1 sayl\u0131 Kliniki Tibbi M\u0259rk\u0259zd\u0259 \u015fagird\u0259 ba\u015f \u00e7\u0259kdiyini dey\u0259n C.Valehov qeyd edib ki, h\u0259kiml\u0259rin r\u0259yin\u0259 g\u00f6r\u0259 7-ci sinif \u015fagirdi Aq\u015fin H\u00fcseynzad\u0259nin sa\u011flaml\u0131\u011f\u0131 il\u0259 ba\u011fl\u0131 x\u00fcsusi problem yoxdur. Nazirlik r\u0259smisi deyib ki,&hellip;","_links":{"self":[{"href":"https:\/\/arantv.az\/index.php?rest_route=\/wp\/v2\/posts\/50409"}],"collection":[{"href":"https:\/\/arantv.az\/index.php?rest_route=\/wp\/v2\/posts"}],"about":[{"href":"https:\/\/arantv.az\/index.php?rest_route=\/wp\/v2\/types\/post"}],"author":[{"embeddable":true,"href":"https:\/\/arantv.az\/index.php?rest_route=\/wp\/v2\/users\/2"}],"replies":[{"embeddable":true,"href":"https:\/\/arantv.az\/index.php?rest_route=%2Fwp%2Fv2%2Fcomments&post=50409"}],"version-history":[{"count":0,"href":"https:\/\/arantv.az\/index.php?rest_route=\/wp\/v2\/posts\/50409\/revisions"}],"wp:featuredmedia":[{"embeddable":true,"href":"https:\/\/arantv.az\/index.php?rest_route=\/wp\/v2\/media\/50410"}],"wp:attachment":[{"href":"https:\/\/arantv.az\/index.php?rest_route=%2Fwp%2Fv2%2Fmedia&parent=50409"}],"wp:term":[{"taxonomy":"category","embeddable":true,"href":"https:\/\/arantv.az\/index.php?rest_route=%2Fwp%2Fv2%2Fcategories&post=50409"},{"taxonomy":"post_tag","embeddable":true,"href":"https:\/\/arantv.az\/index.php?rest_route=%2Fwp%2Fv2%2Ftags&post=50409"}],"curies":[{"name":"wp","href":"https:\/\/api.w.org\/{rel}","templated":true}]}}