{"id":50412,"date":"2019-04-12T14:03:24","date_gmt":"2019-04-12T11:03:24","guid":{"rendered":"http:\/\/arantv.az\/?p=50412"},"modified":"2019-04-12T14:03:24","modified_gmt":"2019-04-12T11:03:24","slug":"bdu-nun-mu%c9%99llimini-gull%c9%99dil%c9%99r-ancaq-sonra-aydin-oldu-ki-deputat-c%c9%99miyy%c9%99t%c9%99-s%c9%99sl%c9%99ndi","status":"publish","type":"post","link":"https:\/\/arantv.az\/?p=50412","title":{"rendered":"&#8220;BDU-nun m\u00fc\u0259llimini g\u00fcll\u0259dil\u0259r, ancaq sonra ayd\u0131n oldu ki&#8230;&#8221; &#8211; Deputat c\u0259miyy\u0259t\u0259 s\u0259sl\u0259ndi"},"content":{"rendered":"<p>&#8220;Bak\u0131 D\u00f6vl\u0259t Universitetind\u0259 70-ci ill\u0259rd\u0259 bir Q\u0259nb\u0259r adl\u0131 bir m\u00fc\u0259llim d\u0259rs deyib. O vaxtlar bir t\u0259l\u0259b\u0259 q\u0131z\u0131 \u00f6ld\u00fcr\u00fcb meyidini Yasamaldak\u0131 Qanl\u0131 g\u00f6l\u0259 at\u0131blar. Onunla m\u00fcnasib\u0259ti oldu\u011fundan \u015f\u00fcbh\u0259l\u0259nib, m\u00fc\u0259llimi h\u0259bs\u0259 atd\u0131lar v\u0259 \u00f6l\u00fcm h\u00f6km\u00fc verib g\u00fcll\u0259l\u0259dirl\u0259r&#8221;.<\/p>\n<div id=\"AdviadNativeVideo0\" class=\"AdviadNativeVideo\"><\/div>\n<p><b>ARANTV.AZ\u00a0<\/b>x\u0259b\u0259r verir ki, bunu deputat Fazil Mustafa sosial \u015f\u0259b\u0259k\u0259d\u0259ki \u00f6z\u00fcn\u00fcn \u015f\u0259xsi s\u0259hf\u0259sind\u0259 yaz\u0131b.<\/p>\n<p>O, bildirib ki, bir ne\u00e7\u0259 ild\u0259n sonra ayd\u0131n oldu ki, q\u0131z\u0131 \u00f6z \u0259misi o\u011flu q\u0259tl\u0259 yetir\u0259r\u0259k izi itirm\u0259k \u00fc\u00e7\u00fcn g\u00f6l\u0259 at\u0131bm\u0131\u015f: &#8220;Maraql\u0131 v\u0259 q\u0259rib\u0259 insan olan Q\u0259nb\u0259r m\u00fc\u0259llim g\u00fcll\u0259l\u0259ndikd\u0259n sonra anla\u015f\u0131ld\u0131 ki, g\u00fcnahs\u0131z imi\u015f. T\u0259qrib\u0259n ona b\u0259nz\u0259r durum yaran\u0131b. Bir m\u0259kt\u0259bli q\u0131z\u0131m\u0131z m\u0259kt\u0259bd\u0259 intihar ed\u0259r\u0259k b\u00fct\u00fcn c\u0259miyy\u0259td\u0259 haql\u0131 olaraq \u00fcz\u00fcnt\u00fc yarad\u0131b. Kimi m\u0259kt\u0259b direktorunu, kimi d\u0259 valideyni, kimi d\u0259 hans\u0131sa bir m\u0259kt\u0259bli o\u011flan\u0131 v\u0259 ya o\u011flanlar\u0131 intihar\u0131n s\u0259b\u0259bkar\u0131 kimi m\u00fc\u0259yy\u0259nl\u0259\u015fdirib.Bu g\u00fcn M\u0259tbuat \u015euras\u0131n\u0131n t\u0259dbirind\u0259 d\u0259 bunlar\u0131 q\u0259sd ed\u0259r\u0259k s\u00f6yl\u0259dim ki, istintaq\u0131n ilkin n\u0259tic\u0259sind\u0259n sonra kim g\u00fcnahkard\u0131rsa, onlar\u0131n c\u0259zaland\u0131r\u0131lmas\u0131 daha do\u011fru olard\u0131. Ona g\u00f6r\u0259 d\u0259 m\u0259kt\u0259b direktorunun v\u0259 ya m\u00fc\u0259llimin, yaxud valideynin v\u0259 ya hans\u0131sa m\u0259kt\u0259blinin h\u0259d\u0259f se\u00e7ilm\u0259si do\u011fru deyil. \u0130ndi bax\u0131ram ki, &#8220;M\u0259kt\u0259b direktorunun i\u015fd\u0259n \u00e7\u0131xar\u0131lmas\u0131n\u0131 do\u011fru hesab etmir\u0259m&#8221; ba\u015fl\u0131\u011f\u0131 il\u0259 payla\u015f\u0131mlar ed\u0259r\u0259k bir s\u00fcr\u00fc s\u00f6z\u00fcn b\u00fct\u00fcn m\u0259nas\u0131na danaba\u015f biz\u0259 \u0259xlaq d\u0259rsi ke\u00e7m\u0259y\u0259 \u00e7al\u0131\u015f\u0131rlar&#8221;.<\/p>\n<p>Deputat qeyd edib ki, \u00e7\u0131x\u0131\u015f\u0131m\u0131z\u0131n m\u0259tni problemin mahiyy\u0259tinin a\u00e7\u0131lmas\u0131na y\u00f6n\u0259ldiyi halda, bir c\u00fcml\u0259ni h\u0259mi\u015f\u0259ki kimi ba\u015fl\u0131\u011fa \u00e7\u0131xar\u0131b t\u0259hqiramiz r\u0259y yazan nadanlara qar\u015f\u0131 yen\u0259 d\u0259 haql\u0131 m\u00f6vqeyimi ortaya qoymaqdan m\u0259mnunluq duyuram: &#8220;M\u0259n onlara h\u00fcquq d\u0259rsind\u0259n dan\u0131\u015f\u0131ram, y\u0259ni burada b\u00fct\u00fcn subyektl\u0259rin davran\u0131\u015f\u0131na h\u00fcquqi qiym\u0259t verilm\u0259lidir, s\u0259s yaz\u0131s\u0131 da, intihara s\u0259b\u0259b olan motivl\u0259r d\u0259 istintaq orqan\u0131 t\u0259r\u0259find\u0259n qiym\u0259tl\u0259ndirilm\u0259lidir. Sonra direktoru n\u0259inki i\u015fd\u0259n \u00e7\u0131xarmaq, g\u00fcnah\u0131 s\u00fcbut oluunarsa, h\u0259bs edib a\u011f\u0131r c\u0259za da verm\u0259k olar. H\u0259l\u0259 h\u0259kiml\u0259rin \u00f6z pe\u015f\u0259 borcuna m\u00fcnasib\u0259ti d\u0259 konkret hadis\u0259d\u0259 qiym\u0259t verilm\u0259si vacib amill\u0259rd\u0259n biridir. Yaxud ba\u015fqa bir \u015f\u0259xs g\u00fcnahkard\u0131rsa, yen\u0259 d\u0259 eyni qaydada qanunun t\u0259l\u0259bl\u0259ri yerin\u0259 g\u0259tirilm\u0259lidir. Yar\u011f\u0131s\u0131z infazdan \u00e7ox zaman gileyl\u0259n\u0259n, iqtidar\u0131 buna g\u00f6r\u0259 ittiham ed\u0259n insanlar\u0131n \u00e7oxusu x\u00fcsusi canf\u0259\u015fanl\u0131qla yar\u011f\u0131s\u0131z infaza b\u0259ra\u0259t qazand\u0131r\u0131rlar. Bu c\u00fcr emosional yana\u015fmalar \u0259slind\u0259 i\u015fin \u0259sl mahiyy\u0259tinin a\u00e7\u0131lmas\u0131na mane olur v\u0259 \u0259ks halda r\u0259hm\u0259tlik Q\u0259nb\u0259r m\u00fc\u0259llimin taleyin\u0259 b\u0259nz\u0259r bir durumla qar\u015f\u0131-qar\u015f\u0131ya qala bil\u0259rik. Buradan \u00e7\u0131xar\u0131las\u0131 \u0259n m\u00fch\u00fcm d\u0259rs valideyn-m\u0259kt\u0259b m\u00fcnasib\u0259tl\u0259rinin sa\u011flamla\u015fd\u0131r\u0131lmas\u0131 yollar\u0131n\u0131n ictimai m\u00fczakir\u0259y\u0259 \u00e7\u0131xar\u0131lmas\u0131 v\u0259 optimal \u00fcnsiyy\u0259t formalar\u0131n\u0131n tap\u0131lmas\u0131d\u0131r&#8221;.big.az<\/p>\n","protected":false},"excerpt":{"rendered":"<p>&#8220;Bak\u0131 D\u00f6vl\u0259t Universitetind\u0259 70-ci ill\u0259rd\u0259 bir Q\u0259nb\u0259r adl\u0131 bir m\u00fc\u0259llim d\u0259rs deyib. O vaxtlar bir t\u0259l\u0259b\u0259 q\u0131z\u0131 \u00f6ld\u00fcr\u00fcb meyidini Yasamaldak\u0131 Qanl\u0131 g\u00f6l\u0259 at\u0131blar. Onunla m\u00fcnasib\u0259ti oldu\u011fundan \u015f\u00fcbh\u0259l\u0259nib, m\u00fc\u0259llimi h\u0259bs\u0259 atd\u0131lar v\u0259 \u00f6l\u00fcm h\u00f6km\u00fc verib g\u00fcll\u0259l\u0259dirl\u0259r&#8221;. ARANTV.AZ\u00a0x\u0259b\u0259r verir ki, bunu deputat Fazil Mustafa sosial \u015f\u0259b\u0259k\u0259d\u0259ki \u00f6z\u00fcn\u00fcn \u015f\u0259xsi s\u0259hf\u0259sind\u0259 yaz\u0131b. O, bildirib ki, bir ne\u00e7\u0259 ild\u0259n sonra ayd\u0131n oldu ki, q\u0131z\u0131 \u00f6z \u0259misi o\u011flu q\u0259tl\u0259 yetir\u0259r\u0259k izi itirm\u0259k \u00fc\u00e7\u00fcn g\u00f6l\u0259 at\u0131bm\u0131\u015f: &#8220;Maraql\u0131 v\u0259 q\u0259rib\u0259 insan olan Q\u0259nb\u0259r m\u00fc\u0259llim g\u00fcll\u0259l\u0259ndikd\u0259n sonra anla\u015f\u0131ld\u0131 ki, g\u00fcnahs\u0131z imi\u015f. T\u0259qrib\u0259n ona b\u0259nz\u0259r durum yaran\u0131b. Bir m\u0259kt\u0259bli q\u0131z\u0131m\u0131z&hellip;<\/p>\n","protected":false},"author":2,"featured_media":50413,"comment_status":"closed","ping_status":"closed","sticky":false,"template":"","format":"standard","meta":{"om_disable_all_campaigns":false,"_monsterinsights_skip_tracking":false,"_monsterinsights_sitenote_active":false,"_monsterinsights_sitenote_note":"","_monsterinsights_sitenote_category":0},"categories":[1],"tags":[],"aioseo_notices":[],"gutentor_comment":0,"rttpg_featured_image_url":{"full":["https:\/\/arantv.az\/wp-content\/uploads\/2019\/04\/1_11555066471.jpg",549,373,false],"landscape":["https:\/\/arantv.az\/wp-content\/uploads\/2019\/04\/1_11555066471.jpg",549,373,false],"portraits":["https:\/\/arantv.az\/wp-content\/uploads\/2019\/04\/1_11555066471.jpg",549,373,false],"thumbnail":["https:\/\/arantv.az\/wp-content\/uploads\/2019\/04\/1_11555066471-150x150.jpg",150,150,true],"medium":["https:\/\/arantv.az\/wp-content\/uploads\/2019\/04\/1_11555066471-300x204.jpg",300,204,true],"large":["https:\/\/arantv.az\/wp-content\/uploads\/2019\/04\/1_11555066471.jpg",549,373,false],"1536x1536":["https:\/\/arantv.az\/wp-content\/uploads\/2019\/04\/1_11555066471.jpg",549,373,false],"2048x2048":["https:\/\/arantv.az\/wp-content\/uploads\/2019\/04\/1_11555066471.jpg",549,373,false],"post-thumbnail":["https:\/\/arantv.az\/wp-content\/uploads\/2019\/04\/1_11555066471-240x172.jpg",240,172,true],"advps-thumb-one":["https:\/\/arantv.az\/wp-content\/uploads\/2019\/04\/1_11555066471.jpg",549,373,false]},"rttpg_author":{"display_name":"V\u00fcsal Rafiqo\u011flu","author_link":"https:\/\/arantv.az\/?author=2"},"rttpg_comment":0,"rttpg_category":"<a href=\"https:\/\/arantv.az\/?cat=1\" rel=\"category\">C\u0259miyy\u0259t<\/a>","rttpg_excerpt":"&#8220;Bak\u0131 D\u00f6vl\u0259t Universitetind\u0259 70-ci ill\u0259rd\u0259 bir Q\u0259nb\u0259r adl\u0131 bir m\u00fc\u0259llim d\u0259rs deyib. O vaxtlar bir t\u0259l\u0259b\u0259 q\u0131z\u0131 \u00f6ld\u00fcr\u00fcb meyidini Yasamaldak\u0131 Qanl\u0131 g\u00f6l\u0259 at\u0131blar. Onunla m\u00fcnasib\u0259ti oldu\u011fundan \u015f\u00fcbh\u0259l\u0259nib, m\u00fc\u0259llimi h\u0259bs\u0259 atd\u0131lar v\u0259 \u00f6l\u00fcm h\u00f6km\u00fc verib g\u00fcll\u0259l\u0259dirl\u0259r&#8221;. ARANTV.AZ\u00a0x\u0259b\u0259r verir ki, bunu deputat Fazil Mustafa sosial \u015f\u0259b\u0259k\u0259d\u0259ki \u00f6z\u00fcn\u00fcn \u015f\u0259xsi s\u0259hf\u0259sind\u0259 yaz\u0131b. O, bildirib ki, bir ne\u00e7\u0259 ild\u0259n sonra&hellip;","_links":{"self":[{"href":"https:\/\/arantv.az\/index.php?rest_route=\/wp\/v2\/posts\/50412"}],"collection":[{"href":"https:\/\/arantv.az\/index.php?rest_route=\/wp\/v2\/posts"}],"about":[{"href":"https:\/\/arantv.az\/index.php?rest_route=\/wp\/v2\/types\/post"}],"author":[{"embeddable":true,"href":"https:\/\/arantv.az\/index.php?rest_route=\/wp\/v2\/users\/2"}],"replies":[{"embeddable":true,"href":"https:\/\/arantv.az\/index.php?rest_route=%2Fwp%2Fv2%2Fcomments&post=50412"}],"version-history":[{"count":0,"href":"https:\/\/arantv.az\/index.php?rest_route=\/wp\/v2\/posts\/50412\/revisions"}],"wp:featuredmedia":[{"embeddable":true,"href":"https:\/\/arantv.az\/index.php?rest_route=\/wp\/v2\/media\/50413"}],"wp:attachment":[{"href":"https:\/\/arantv.az\/index.php?rest_route=%2Fwp%2Fv2%2Fmedia&parent=50412"}],"wp:term":[{"taxonomy":"category","embeddable":true,"href":"https:\/\/arantv.az\/index.php?rest_route=%2Fwp%2Fv2%2Fcategories&post=50412"},{"taxonomy":"post_tag","embeddable":true,"href":"https:\/\/arantv.az\/index.php?rest_route=%2Fwp%2Fv2%2Ftags&post=50412"}],"curies":[{"name":"wp","href":"https:\/\/api.w.org\/{rel}","templated":true}]}}