{"id":50415,"date":"2019-04-12T14:04:09","date_gmt":"2019-04-12T11:04:09","guid":{"rendered":"http:\/\/arantv.az\/?p=50415"},"modified":"2019-04-12T14:04:09","modified_gmt":"2019-04-12T11:04:09","slug":"%c9%99li-h%c9%99s%c9%99nov-az%c9%99rbaycan-v%c9%99-boyuk-britaniya-arasinda-munasib%c9%99tl%c9%99r-avropa-olk%c9%99l%c9%99ri-ucun-bir-numun%c9%99dir","status":"publish","type":"post","link":"https:\/\/arantv.az\/?p=50415","title":{"rendered":"\u018fli H\u0259s\u0259nov: Az\u0259rbaycan v\u0259 B\u00f6y\u00fck Britaniya aras\u0131nda m\u00fcnasib\u0259tl\u0259r Avropa \u00f6lk\u0259l\u0259ri \u00fc\u00e7\u00fcn bir n\u00fcmun\u0259dir"},"content":{"rendered":"<p>Az\u0259rbaycan v\u0259 B\u00f6y\u00fck Britaniya aras\u0131nda m\u00fcnasib\u0259tl\u0259r Avropa \u00f6lk\u0259l\u0259ri \u00fc\u00e7\u00fcn bir n\u00fcmun\u0259dir.<\/p>\n<p><b>ARANTV.AZ\u00a0<\/b>\u00a0trend-\u0259 istinad\u0259n x\u0259b\u0259r verir ki, bunu Az\u0259rbaycan Prezidentinin ictimai-siyasi m\u0259s\u0259l\u0259l\u0259r \u00fczr\u0259 k\u00f6m\u0259k\u00e7isi \u018fli H\u0259s\u0259nov &#8220;Az\u0259rbaycan v\u0259 B\u00f6y\u00fck Britaniya \u0259m\u0259kda\u015fl\u0131\u011f\u0131n\u0131n 100 illiyi&#8221; kitab\u0131n\u0131n t\u0259qdimat m\u0259rasimind\u0259 \u00e7\u0131x\u0131\u015f\u0131 zaman\u0131 deyib.<\/p>\n<p>\u018f.H\u0259s\u0259nov qeyd edib ki, Az\u0259rbaycan v\u0259 B\u00f6y\u00fck Britaniya aras\u0131nda diplomatik \u0259laq\u0259l\u0259rd\u0259n tutmu\u015f iqtisadi, siyasi v\u0259 ticar\u0259t \u0259laq\u0259l\u0259rin\u0259 q\u0259d\u0259r b\u00fct\u00fcn sah\u0259l\u0259ri \u0259hat\u0259 ed\u0259n \u0259m\u0259kda\u015fl\u0131\u011f\u0131n tarixi 100 ill\u0259 \u00f6l\u00e7\u00fcl\u00fcr: &#8220;Amma tarixd\u0259n d\u0259 b\u0259llidir ki, Az\u0259rbaycanla B\u00f6y\u00fck Britaniya aras\u0131nda \u0259laq\u0259l\u0259rin tarixi daha q\u0259dim\u0259 gedib \u00e7\u0131x\u0131r. \u018flb\u0259tt\u0259, sistemli \u0259laq\u0259l\u0259rd\u0259n s\u00f6hb\u0259t gedirs\u0259, bu \u0259laq\u0259l\u0259rin 100 illiyini qeyd etm\u0259k olar. B\u00f6y\u00fck Britaniya il\u0259 Az\u0259rbaycan aras\u0131nda \u0259laq\u0259l\u0259rin tarixi salnam\u0259l\u0259rd\u0259 t\u0259xmin\u0259n 16-17-ci \u0259srl\u0259r\u0259 gedib \u00e7\u0131x\u0131r. H\u0259l\u0259 B\u00f6y\u00fck Britaniya Krali\u00e7as\u0131 Elizabet T\u00fcdor \u00f6z el\u00e7isi il\u0259 S\u0259f\u0259vi \u015eah\u0131 T\u0259hmasib\u0259 m\u0259ktub g\u00f6nd\u0259rmi\u015fdi. Bununla da Britaniya il\u0259 S\u0259f\u0259vil\u0259r aras\u0131nda diplomatik v\u0259 iqtisadi m\u00fcnasib\u0259tl\u0259r yaranm\u0131\u015fd\u0131&#8221;.<\/p>\n<div id=\"AdviadNativeVideo0\" class=\"AdviadNativeVideo\"><\/div>\n<p>Prezidentin k\u00f6m\u0259k\u00e7isi bildirib ki, Az\u0259rbaycan Xalq C\u00fcmhuriyy\u0259ti d\u00f6vr\u00fcnd\u0259 B\u00f6y\u00fck Britaniyan\u0131n general-qubernatoru Tiflisd\u0259 otursa da, tez-tez Bak\u0131ya g\u0259lir, Az\u0259rbaycanla g\u0259l\u0259c\u0259k siyasi, iqtisadi m\u00fcnasib\u0259tl\u0259ri t\u0259nziml\u0259yirdi v\u0259 Britaniya faktiki olaraq Xalq C\u00fcmhuriyy\u0259tini tan\u0131m\u0131\u015fd\u0131: &#8220;Sonrak\u0131 d\u00f6vrd\u0259 Xalq C\u00fcmhuriyy\u0259tinin s\u00fcqutu n\u0259tic\u0259sind\u0259 art\u0131q B\u00f6y\u00fck Britaniya-Az\u0259rbaycan deyil, B\u00f6y\u00fck Britaniya-SSR\u0130 m\u00fcnasib\u0259tl\u0259ri \u00e7\u0259r\u00e7iv\u0259sind\u0259 Britaniya il\u0259 m\u00fcnasib\u0259tl\u0259r qurduq. Az\u0259rbaycan\u0131n m\u00fcst\u0259qillik d\u00f6vr\u00fc m\u00fcnasib\u0259tl\u0259rimizi tam geni\u015f spektrd\u0259 \u0259hat\u0259 edir. 1993-c\u00fc ilin iyun ay\u0131nda Az\u0259rbaycanda xalq\u0131n t\u0259kidi il\u0259 hakimiyy\u0259t\u0259 qay\u0131dan \u00fcmummilli lider Heyd\u0259r \u018fliyevin q\u0259bul etdiyi ilk s\u0259fir m\u0259hz B\u00f6y\u00fck Britaniya s\u0259firi oldu. H\u0259min ilin iyul ay\u0131n\u0131n sonunda B\u00f6y\u00fck Britaniyan\u0131n Bak\u0131dak\u0131 s\u0259firi il\u0259 \u00fcmummili lider Heyd\u0259r \u018fliyev aras\u0131nda geni\u015f bir g\u00f6r\u00fc\u015f ke\u00e7irildi&#8221;.<\/p>\n<p>\u018f.H\u0259s\u0259nov \u0259lav\u0259 edib ki, o zaman B\u00f6y\u00fck Britaniya BMT T\u0259hl\u00fck\u0259sizlik \u015euras\u0131n\u0131n s\u0259dri idi v\u0259 T\u0259hl\u00fck\u0259sizlik \u015euras\u0131n\u0131n 853-c\u00fc q\u0259tnam\u0259sinin q\u0259bul olunmas\u0131 birba\u015fa B\u00f6y\u00fck Britaniyan\u0131n t\u0259\u015f\u0259bb\u00fcs\u00fc il\u0259 onun s\u0259drliyi d\u00f6vr\u00fcnd\u0259 ba\u015f tutdu: &#8220;BMT T\u0259hl\u00fck\u0259sizlik \u015euras\u0131n\u0131n Da\u011fl\u0131q Qaraba\u011f m\u00fcnaqi\u015f\u0259sinin nizamlanmas\u0131 il\u0259 ba\u011fl\u0131 q\u0259bul etdiyi 4 q\u0259tnam\u0259y\u0259 diqq\u0259t yetirs\u0259k g\u00f6r\u0259rik ki, m\u0259hz 853-c\u00fc q\u0259tnam\u0259 \u0259n d\u0259qiq ifad\u0259 il\u0259 erm\u0259ni i\u015f\u011fal\u00e7\u0131 q\u00fcvv\u0259l\u0259rinin Az\u0259rbaycan\u0131n i\u015f\u011fal edilmi\u015f torpaqlar\u0131ndan qeyd-\u015f\u0259rtsiz \u00e7xar\u0131lmas\u0131n\u0131 t\u0259l\u0259b edir&#8221;.<\/p>\n<p>Onun s\u00f6zl\u0259rin\u0259 g\u00f6r\u0259, bundan sonra BP-nin Az\u0259rbaycanda s\u00f6z\u00fcn h\u0259qiqi m\u0259nas\u0131nda tarix yaratmas\u0131 d\u00f6vr\u00fc ba\u015flay\u0131r: &#8220;BP Az\u0259rbaycan\u0131n enerji sektoruna \u0259n \u00e7ox s\u0259rmay\u0259 qoyan xarici \u015firk\u0259tdir. BP Az\u0259rbaycanla B\u00f6y\u00fck Britaniya aras\u0131nda \u0259laq\u0259l\u0259rin strateji s\u0259viyy\u0259y\u0259 y\u00fcks\u0259lm\u0259sind\u0259 m\u00fch\u00fcm rol oynay\u0131b. \u00dcmumiyy\u0259tl\u0259, B\u00f6y\u00fck Britaniya Az\u0259rbaycan\u0131n Avropada \u0259n b\u00f6y\u00fck t\u0259r\u0259fda\u015f\u0131d\u0131r. \u0130ki \u00f6lk\u0259 aras\u0131nda b\u00fct\u00fcn sah\u0259l\u0259rd\u0259 strateji m\u00fcnasib\u0259tl\u0259r var v\u0259 bu g\u00fcn iqtisadi, siyasi, sosial v\u0259 dig\u0259r sah\u0259l\u0259rd\u0259ki m\u00fcnasib\u0259tl\u0259r Avropa \u00f6lk\u0259l\u0259ri \u00fc\u00e7\u00fcn bir n\u00fcmun\u0259dir, bir standartd\u0131r&#8221;.<\/p>\n<p>Prezidentin k\u00f6m\u0259k\u00e7isi bildirib: &#8220;D\u00fc\u015f\u00fcn\u00fcr\u00fck ki, B\u00f6y\u00fck Britaniya Erm\u0259nistan-Az\u0259rbaycan Da\u011fl\u0131q Qaraba\u011f m\u00fcnaqi\u015f\u0259sinin nizamlanmas\u0131 m\u0259s\u0259l\u0259sind\u0259 indiy\u0259 q\u0259d\u0259r oynad\u0131\u011f\u0131 rolu bundan sonra da oynayacaq, Az\u0259rbaycan\u0131n haqq m\u00f6vqeyinin beyn\u0259lxalq al\u0259md\u0259 tan\u0131nmas\u0131na, i\u015f\u011fal edilmi\u015f torpaqlar\u0131m\u0131z\u0131n azad edilm\u0259sin\u0259, Az\u0259rbaycan\u0131n bir milyondan art\u0131q qa\u00e7q\u0131n v\u0259 m\u0259cburi k\u00f6\u00e7k\u00fcn\u00fcn\u00fcn \u00f6z do\u011fma torpaqlar\u0131na qay\u0131tmas\u0131na \u00f6z d\u0259st\u0259yini g\u00f6st\u0259r\u0259c\u0259k&#8221;.<\/p>\n","protected":false},"excerpt":{"rendered":"<p>Az\u0259rbaycan v\u0259 B\u00f6y\u00fck Britaniya aras\u0131nda m\u00fcnasib\u0259tl\u0259r Avropa \u00f6lk\u0259l\u0259ri \u00fc\u00e7\u00fcn bir n\u00fcmun\u0259dir. ARANTV.AZ\u00a0\u00a0trend-\u0259 istinad\u0259n x\u0259b\u0259r verir ki, bunu Az\u0259rbaycan Prezidentinin ictimai-siyasi m\u0259s\u0259l\u0259l\u0259r \u00fczr\u0259 k\u00f6m\u0259k\u00e7isi \u018fli H\u0259s\u0259nov &#8220;Az\u0259rbaycan v\u0259 B\u00f6y\u00fck Britaniya \u0259m\u0259kda\u015fl\u0131\u011f\u0131n\u0131n 100 illiyi&#8221; kitab\u0131n\u0131n t\u0259qdimat m\u0259rasimind\u0259 \u00e7\u0131x\u0131\u015f\u0131 zaman\u0131 deyib. \u018f.H\u0259s\u0259nov qeyd edib ki, Az\u0259rbaycan v\u0259 B\u00f6y\u00fck Britaniya aras\u0131nda diplomatik \u0259laq\u0259l\u0259rd\u0259n tutmu\u015f iqtisadi, siyasi v\u0259 ticar\u0259t \u0259laq\u0259l\u0259rin\u0259 q\u0259d\u0259r b\u00fct\u00fcn sah\u0259l\u0259ri \u0259hat\u0259 ed\u0259n \u0259m\u0259kda\u015fl\u0131\u011f\u0131n tarixi 100 ill\u0259 \u00f6l\u00e7\u00fcl\u00fcr: &#8220;Amma tarixd\u0259n d\u0259 b\u0259llidir ki, Az\u0259rbaycanla B\u00f6y\u00fck Britaniya aras\u0131nda \u0259laq\u0259l\u0259rin tarixi daha q\u0259dim\u0259 gedib \u00e7\u0131x\u0131r. \u018flb\u0259tt\u0259, sistemli \u0259laq\u0259l\u0259rd\u0259n s\u00f6hb\u0259t gedirs\u0259, bu \u0259laq\u0259l\u0259rin 100 illiyini qeyd&hellip;<\/p>\n","protected":false},"author":2,"featured_media":50416,"comment_status":"closed","ping_status":"closed","sticky":false,"template":"","format":"standard","meta":{"om_disable_all_campaigns":false,"_monsterinsights_skip_tracking":false,"_monsterinsights_sitenote_active":false,"_monsterinsights_sitenote_note":"","_monsterinsights_sitenote_category":0},"categories":[1],"tags":[],"aioseo_notices":[],"gutentor_comment":0,"rttpg_featured_image_url":{"full":["https:\/\/arantv.az\/wp-content\/uploads\/2019\/04\/1555060633_untitled-1.jpg",600,300,false],"landscape":["https:\/\/arantv.az\/wp-content\/uploads\/2019\/04\/1555060633_untitled-1.jpg",600,300,false],"portraits":["https:\/\/arantv.az\/wp-content\/uploads\/2019\/04\/1555060633_untitled-1.jpg",600,300,false],"thumbnail":["https:\/\/arantv.az\/wp-content\/uploads\/2019\/04\/1555060633_untitled-1-150x150.jpg",150,150,true],"medium":["https:\/\/arantv.az\/wp-content\/uploads\/2019\/04\/1555060633_untitled-1-300x150.jpg",300,150,true],"large":["https:\/\/arantv.az\/wp-content\/uploads\/2019\/04\/1555060633_untitled-1.jpg",600,300,false],"1536x1536":["https:\/\/arantv.az\/wp-content\/uploads\/2019\/04\/1555060633_untitled-1.jpg",600,300,false],"2048x2048":["https:\/\/arantv.az\/wp-content\/uploads\/2019\/04\/1555060633_untitled-1.jpg",600,300,false],"post-thumbnail":["https:\/\/arantv.az\/wp-content\/uploads\/2019\/04\/1555060633_untitled-1-240x172.jpg",240,172,true],"advps-thumb-one":["https:\/\/arantv.az\/wp-content\/uploads\/2019\/04\/1555060633_untitled-1.jpg",600,300,false]},"rttpg_author":{"display_name":"V\u00fcsal Rafiqo\u011flu","author_link":"https:\/\/arantv.az\/?author=2"},"rttpg_comment":0,"rttpg_category":"<a href=\"https:\/\/arantv.az\/?cat=1\" rel=\"category\">C\u0259miyy\u0259t<\/a>","rttpg_excerpt":"Az\u0259rbaycan v\u0259 B\u00f6y\u00fck Britaniya aras\u0131nda m\u00fcnasib\u0259tl\u0259r Avropa \u00f6lk\u0259l\u0259ri \u00fc\u00e7\u00fcn bir n\u00fcmun\u0259dir. ARANTV.AZ\u00a0\u00a0trend-\u0259 istinad\u0259n x\u0259b\u0259r verir ki, bunu Az\u0259rbaycan Prezidentinin ictimai-siyasi m\u0259s\u0259l\u0259l\u0259r \u00fczr\u0259 k\u00f6m\u0259k\u00e7isi \u018fli H\u0259s\u0259nov &#8220;Az\u0259rbaycan v\u0259 B\u00f6y\u00fck Britaniya \u0259m\u0259kda\u015fl\u0131\u011f\u0131n\u0131n 100 illiyi&#8221; kitab\u0131n\u0131n t\u0259qdimat m\u0259rasimind\u0259 \u00e7\u0131x\u0131\u015f\u0131 zaman\u0131 deyib. \u018f.H\u0259s\u0259nov qeyd edib ki, Az\u0259rbaycan v\u0259 B\u00f6y\u00fck Britaniya aras\u0131nda diplomatik \u0259laq\u0259l\u0259rd\u0259n tutmu\u015f iqtisadi, siyasi v\u0259 ticar\u0259t \u0259laq\u0259l\u0259rin\u0259&hellip;","_links":{"self":[{"href":"https:\/\/arantv.az\/index.php?rest_route=\/wp\/v2\/posts\/50415"}],"collection":[{"href":"https:\/\/arantv.az\/index.php?rest_route=\/wp\/v2\/posts"}],"about":[{"href":"https:\/\/arantv.az\/index.php?rest_route=\/wp\/v2\/types\/post"}],"author":[{"embeddable":true,"href":"https:\/\/arantv.az\/index.php?rest_route=\/wp\/v2\/users\/2"}],"replies":[{"embeddable":true,"href":"https:\/\/arantv.az\/index.php?rest_route=%2Fwp%2Fv2%2Fcomments&post=50415"}],"version-history":[{"count":0,"href":"https:\/\/arantv.az\/index.php?rest_route=\/wp\/v2\/posts\/50415\/revisions"}],"wp:featuredmedia":[{"embeddable":true,"href":"https:\/\/arantv.az\/index.php?rest_route=\/wp\/v2\/media\/50416"}],"wp:attachment":[{"href":"https:\/\/arantv.az\/index.php?rest_route=%2Fwp%2Fv2%2Fmedia&parent=50415"}],"wp:term":[{"taxonomy":"category","embeddable":true,"href":"https:\/\/arantv.az\/index.php?rest_route=%2Fwp%2Fv2%2Fcategories&post=50415"},{"taxonomy":"post_tag","embeddable":true,"href":"https:\/\/arantv.az\/index.php?rest_route=%2Fwp%2Fv2%2Ftags&post=50415"}],"curies":[{"name":"wp","href":"https:\/\/api.w.org\/{rel}","templated":true}]}}