{"id":50421,"date":"2019-04-12T14:05:41","date_gmt":"2019-04-12T11:05:41","guid":{"rendered":"http:\/\/arantv.az\/?p=50421"},"modified":"2019-04-12T14:05:41","modified_gmt":"2019-04-12T11:05:41","slug":"sagird-onu-mu%c9%99llimin-doyduyunu-t%c9%99sdiql%c9%99di-yeni-m%c9%99kt%c9%99b-qalmaqali","status":"publish","type":"post","link":"https:\/\/arantv.az\/?p=50421","title":{"rendered":"\u015eagird onu m\u00fc\u0259llimin d\u00f6yd\u00fcy\u00fcn\u00fc T\u018fSD\u0130QL\u018fD\u0130 &#8211; Yeni m\u0259kt\u0259b QALMAQALI"},"content":{"rendered":"<p>&#8220;321 n\u00f6mr\u0259li tam orta m\u0259kt\u0259bin VII sinif \u015fagirdi \u0259vv\u0259lc\u0259 \u00f6z\u00fcn\u00fc pis hiss etdiyini des\u0259 d\u0259, sonradan m\u00fc\u0259llim t\u0259r\u0259find\u0259n d\u00f6y\u00fcld\u00fcy\u00fcn\u00fc bildirib&#8221;.<\/p>\n<p><b>ARANTV.AZ\u00a0<\/b>x\u0259b\u0259r verir ki, bu bar\u0259d\u0259 Lent.az-a 1 Sayl\u0131 Kliniki Tibbi M\u0259rk\u0259zd\u0259n (Sema\u015fko) m\u0259lumat verilib.<\/p>\n<p>X\u0259b\u0259rd\u0259 qeyd olunub ki, u\u015fa\u011f\u0131n onunla birlikd\u0259 g\u0259l\u0259n atas\u0131 da \u00f6vlad\u0131n\u0131n d\u00f6y\u00fcld\u00fcy\u00fcn\u00fc deyib: \u201cU\u015faqla birlikd\u0259 5-6 adam g\u0259lmi\u015fdi. T\u0259hsil Nazirliyinin, h\u00fcquq-m\u00fchafiz\u0259 orqanlar\u0131n\u0131n \u0259m\u0259kda\u015flar\u0131 da x\u0259st\u0259xanada idi. U\u015fa\u011f\u0131n m\u00fcayin\u0259l\u0259rini apard\u0131q. V\u0259ziyy\u0259ti normal idi, amma x\u0259st\u0259xanada n\u0259zar\u0259t alt\u0131nda qalmas\u0131n\u0131 t\u00f6vsiy\u0259 ets\u0259k d\u0259, atas\u0131 imza ataraq \u00f6vlad\u0131n\u0131 apard\u0131\u201d: &#8211; dey\u0259 x\u0259st\u0259xanadan bildirildi.<\/p>\n<div id=\"AdviadNativeVideo0\" class=\"AdviadNativeVideo\"><\/div>\n<p>M\u0259s\u0259l\u0259 il\u0259 ba\u011fl\u0131 321 n\u00f6mr\u0259li tam orta m\u0259kt\u0259bd\u0259n Lent.az-a veril\u0259n m\u0259lumatda qeyd olunur ki, aprelin 12-si saat t\u0259xmin\u0259n 11:30 rad\u0259l\u0259rind\u0259 m\u0259kt\u0259bin VII sinif \u015fagirdi (m\u00fcvafiq s\u0259b\u0259bl\u0259r\u0259 g\u00f6r\u0259 \u015fagirdin ad\u0131 qeyd olunmur) riyaziyyat d\u0259rsind\u0259 \u00f6z\u00fcn\u00fc pis hiss edib v\u0259 y\u0131x\u0131l\u0131b.<br \/>\nQeyd olunub ki, sinif r\u0259hb\u0259ri \u015fagirdin do\u011fma xalas\u0131d\u0131r. Hadis\u0259 olan kimi d\u0259rhal \u015fagirdin valideynl\u0259rin\u0259 d\u0259 m\u0259lumat verilib.<\/p>\n<p>&#8220;M\u0259kt\u0259b\u0259 t\u0259cili-tibbi yard\u0131m \u00e7a\u011f\u0131r\u0131l\u0131b. \u015eagirdin atas\u0131 da u\u015faqla x\u0259st\u0259xanaya gedib&#8221;.<\/p>\n<p>Bildirilir ki, \u015fagirdin g\u00fccl\u00fc ba\u015f a\u011fr\u0131lar\u0131 oldu\u011fu \u00fc\u00e7\u00fcn, valideyn bununla ba\u011fl\u0131 d\u0259f\u0259l\u0259rl\u0259 h\u0259kim\u0259 m\u00fcraci\u0259t edib.<\/p>\n","protected":false},"excerpt":{"rendered":"<p>&#8220;321 n\u00f6mr\u0259li tam orta m\u0259kt\u0259bin VII sinif \u015fagirdi \u0259vv\u0259lc\u0259 \u00f6z\u00fcn\u00fc pis hiss etdiyini des\u0259 d\u0259, sonradan m\u00fc\u0259llim t\u0259r\u0259find\u0259n d\u00f6y\u00fcld\u00fcy\u00fcn\u00fc bildirib&#8221;. ARANTV.AZ\u00a0x\u0259b\u0259r verir ki, bu bar\u0259d\u0259 Lent.az-a 1 Sayl\u0131 Kliniki Tibbi M\u0259rk\u0259zd\u0259n (Sema\u015fko) m\u0259lumat verilib. X\u0259b\u0259rd\u0259 qeyd olunub ki, u\u015fa\u011f\u0131n onunla birlikd\u0259 g\u0259l\u0259n atas\u0131 da \u00f6vlad\u0131n\u0131n d\u00f6y\u00fcld\u00fcy\u00fcn\u00fc deyib: \u201cU\u015faqla birlikd\u0259 5-6 adam g\u0259lmi\u015fdi. T\u0259hsil Nazirliyinin, h\u00fcquq-m\u00fchafiz\u0259 orqanlar\u0131n\u0131n \u0259m\u0259kda\u015flar\u0131 da x\u0259st\u0259xanada idi. U\u015fa\u011f\u0131n m\u00fcayin\u0259l\u0259rini apard\u0131q. V\u0259ziyy\u0259ti normal idi, amma x\u0259st\u0259xanada n\u0259zar\u0259t alt\u0131nda qalmas\u0131n\u0131 t\u00f6vsiy\u0259 ets\u0259k d\u0259, atas\u0131 imza ataraq \u00f6vlad\u0131n\u0131 apard\u0131\u201d: &#8211; dey\u0259 x\u0259st\u0259xanadan bildirildi. M\u0259s\u0259l\u0259 il\u0259 ba\u011fl\u0131 321 n\u00f6mr\u0259li tam orta&hellip;<\/p>\n","protected":false},"author":2,"featured_media":50422,"comment_status":"closed","ping_status":"closed","sticky":false,"template":"","format":"standard","meta":{"om_disable_all_campaigns":false,"_monsterinsights_skip_tracking":false,"_monsterinsights_sitenote_active":false,"_monsterinsights_sitenote_note":"","_monsterinsights_sitenote_category":0},"categories":[23],"tags":[],"aioseo_notices":[],"gutentor_comment":0,"rttpg_featured_image_url":{"full":["https:\/\/arantv.az\/wp-content\/uploads\/2019\/04\/1555063987_401346.jpg",650,487,false],"landscape":["https:\/\/arantv.az\/wp-content\/uploads\/2019\/04\/1555063987_401346.jpg",650,487,false],"portraits":["https:\/\/arantv.az\/wp-content\/uploads\/2019\/04\/1555063987_401346.jpg",650,487,false],"thumbnail":["https:\/\/arantv.az\/wp-content\/uploads\/2019\/04\/1555063987_401346-150x150.jpg",150,150,true],"medium":["https:\/\/arantv.az\/wp-content\/uploads\/2019\/04\/1555063987_401346-300x225.jpg",300,225,true],"large":["https:\/\/arantv.az\/wp-content\/uploads\/2019\/04\/1555063987_401346.jpg",640,480,false],"1536x1536":["https:\/\/arantv.az\/wp-content\/uploads\/2019\/04\/1555063987_401346.jpg",650,487,false],"2048x2048":["https:\/\/arantv.az\/wp-content\/uploads\/2019\/04\/1555063987_401346.jpg",650,487,false],"post-thumbnail":["https:\/\/arantv.az\/wp-content\/uploads\/2019\/04\/1555063987_401346-240x172.jpg",240,172,true],"advps-thumb-one":["https:\/\/arantv.az\/wp-content\/uploads\/2019\/04\/1555063987_401346.jpg",650,487,false]},"rttpg_author":{"display_name":"V\u00fcsal Rafiqo\u011flu","author_link":"https:\/\/arantv.az\/?author=2"},"rttpg_comment":0,"rttpg_category":"<a href=\"https:\/\/arantv.az\/?cat=23\" rel=\"category\">T\u0259hsil<\/a>","rttpg_excerpt":"&#8220;321 n\u00f6mr\u0259li tam orta m\u0259kt\u0259bin VII sinif \u015fagirdi \u0259vv\u0259lc\u0259 \u00f6z\u00fcn\u00fc pis hiss etdiyini des\u0259 d\u0259, sonradan m\u00fc\u0259llim t\u0259r\u0259find\u0259n d\u00f6y\u00fcld\u00fcy\u00fcn\u00fc bildirib&#8221;. ARANTV.AZ\u00a0x\u0259b\u0259r verir ki, bu bar\u0259d\u0259 Lent.az-a 1 Sayl\u0131 Kliniki Tibbi M\u0259rk\u0259zd\u0259n (Sema\u015fko) m\u0259lumat verilib. X\u0259b\u0259rd\u0259 qeyd olunub ki, u\u015fa\u011f\u0131n onunla birlikd\u0259 g\u0259l\u0259n atas\u0131 da \u00f6vlad\u0131n\u0131n d\u00f6y\u00fcld\u00fcy\u00fcn\u00fc deyib: \u201cU\u015faqla birlikd\u0259 5-6 adam g\u0259lmi\u015fdi. T\u0259hsil Nazirliyinin, h\u00fcquq-m\u00fchafiz\u0259&hellip;","_links":{"self":[{"href":"https:\/\/arantv.az\/index.php?rest_route=\/wp\/v2\/posts\/50421"}],"collection":[{"href":"https:\/\/arantv.az\/index.php?rest_route=\/wp\/v2\/posts"}],"about":[{"href":"https:\/\/arantv.az\/index.php?rest_route=\/wp\/v2\/types\/post"}],"author":[{"embeddable":true,"href":"https:\/\/arantv.az\/index.php?rest_route=\/wp\/v2\/users\/2"}],"replies":[{"embeddable":true,"href":"https:\/\/arantv.az\/index.php?rest_route=%2Fwp%2Fv2%2Fcomments&post=50421"}],"version-history":[{"count":0,"href":"https:\/\/arantv.az\/index.php?rest_route=\/wp\/v2\/posts\/50421\/revisions"}],"wp:featuredmedia":[{"embeddable":true,"href":"https:\/\/arantv.az\/index.php?rest_route=\/wp\/v2\/media\/50422"}],"wp:attachment":[{"href":"https:\/\/arantv.az\/index.php?rest_route=%2Fwp%2Fv2%2Fmedia&parent=50421"}],"wp:term":[{"taxonomy":"category","embeddable":true,"href":"https:\/\/arantv.az\/index.php?rest_route=%2Fwp%2Fv2%2Fcategories&post=50421"},{"taxonomy":"post_tag","embeddable":true,"href":"https:\/\/arantv.az\/index.php?rest_route=%2Fwp%2Fv2%2Ftags&post=50421"}],"curies":[{"name":"wp","href":"https:\/\/api.w.org\/{rel}","templated":true}]}}