{"id":504280,"date":"2022-08-10T14:37:02","date_gmt":"2022-08-10T11:37:02","guid":{"rendered":"https:\/\/arantv.az\/?p=504280"},"modified":"2022-08-10T14:37:02","modified_gmt":"2022-08-10T11:37:02","slug":"ilham-%c9%99liyev-v%c9%99-mehriban-%c9%99liyevanin-turkiy%c9%99y%c9%99-s%c9%99f%c9%99ri-basa-catib","status":"publish","type":"post","link":"https:\/\/arantv.az\/?p=504280","title":{"rendered":"\u0130lham \u018fliyev v\u0259 Mehriban \u018fliyevan\u0131n T\u00fcrkiy\u0259y\u0259 s\u0259f\u0259ri ba\u015fa \u00e7at\u0131b"},"content":{"rendered":"<p>Az\u0259rbaycan Respublikas\u0131n\u0131n Prezidenti \u0130lham \u018fliyevin T\u00fcrkiy\u0259 Respublikas\u0131na i\u015fg\u00fczar s\u0259f\u0259ri avqustun 10-da ba\u015fa \u00e7at\u0131b.<\/p>\n<p><a href=\"https:\/\/azertag.az\/xeber\/Prezident_Ilham_Aliyevin_Turkiyeye_isguzar_seferi_basa_chatib-2247479\" target=\"_blank\" rel=\"noopener\">AZ\u018fRTAC<\/a>\u00a0x\u0259b\u0259r verir ki, h\u0259r iki \u00f6lk\u0259nin d\u00f6vl\u0259t bayraqlar\u0131n\u0131n dal\u011faland\u0131\u011f\u0131 Konya \u015f\u0259h\u0259rinin Hava Liman\u0131nda d\u00f6vl\u0259timizin ba\u015f\u00e7\u0131s\u0131n\u0131n \u015f\u0259r\u0259fin\u0259 f\u0259xri qarovul d\u0259st\u0259si d\u00fcz\u00fcl\u00fcb.<\/p>\n<p>Prezident \u0130lham \u018fliyevi v\u0259 Birinci vitse-prezident Mehriban \u018fliyevan\u0131 Konya valisi Vahdettin \u00d6zkan v\u0259 dig\u0259r r\u0259smi \u015f\u0259xsl\u0259r yola sald\u0131lar.<\/p>\n","protected":false},"excerpt":{"rendered":"<p>Az\u0259rbaycan Respublikas\u0131n\u0131n Prezidenti \u0130lham \u018fliyevin T\u00fcrkiy\u0259 Respublikas\u0131na i\u015fg\u00fczar s\u0259f\u0259ri avqustun 10-da ba\u015fa \u00e7at\u0131b. AZ\u018fRTAC\u00a0x\u0259b\u0259r verir ki, h\u0259r iki \u00f6lk\u0259nin d\u00f6vl\u0259t bayraqlar\u0131n\u0131n dal\u011faland\u0131\u011f\u0131 Konya \u015f\u0259h\u0259rinin Hava Liman\u0131nda d\u00f6vl\u0259timizin ba\u015f\u00e7\u0131s\u0131n\u0131n \u015f\u0259r\u0259fin\u0259 f\u0259xri qarovul d\u0259st\u0259si d\u00fcz\u00fcl\u00fcb. Prezident \u0130lham \u018fliyevi v\u0259 Birinci vitse-prezident Mehriban \u018fliyevan\u0131 Konya valisi Vahdettin \u00d6zkan v\u0259 dig\u0259r r\u0259smi \u015f\u0259xsl\u0259r yola sald\u0131lar.<\/p>\n","protected":false},"author":2,"featured_media":504281,"comment_status":"closed","ping_status":"closed","sticky":false,"template":"","format":"standard","meta":{"om_disable_all_campaigns":false,"_monsterinsights_skip_tracking":false,"_monsterinsights_sitenote_active":false,"_monsterinsights_sitenote_note":"","_monsterinsights_sitenote_category":0},"categories":[4],"tags":[],"aioseo_notices":[],"gutentor_comment":0,"rttpg_featured_image_url":{"full":["https:\/\/arantv.az\/wp-content\/uploads\/2022\/08\/22038-y47b6v5P.jpg",620,413,false],"landscape":["https:\/\/arantv.az\/wp-content\/uploads\/2022\/08\/22038-y47b6v5P.jpg",620,413,false],"portraits":["https:\/\/arantv.az\/wp-content\/uploads\/2022\/08\/22038-y47b6v5P.jpg",620,413,false],"thumbnail":["https:\/\/arantv.az\/wp-content\/uploads\/2022\/08\/22038-y47b6v5P-500x280.jpg",500,280,true],"medium":["https:\/\/arantv.az\/wp-content\/uploads\/2022\/08\/22038-y47b6v5P-548x365.jpg",548,365,true],"large":["https:\/\/arantv.az\/wp-content\/uploads\/2022\/08\/22038-y47b6v5P.jpg",620,413,false],"1536x1536":["https:\/\/arantv.az\/wp-content\/uploads\/2022\/08\/22038-y47b6v5P.jpg",620,413,false],"2048x2048":["https:\/\/arantv.az\/wp-content\/uploads\/2022\/08\/22038-y47b6v5P.jpg",620,413,false],"post-thumbnail":["https:\/\/arantv.az\/wp-content\/uploads\/2022\/08\/22038-y47b6v5P-240x172.jpg",240,172,true],"advps-thumb-one":["https:\/\/arantv.az\/wp-content\/uploads\/2022\/08\/22038-y47b6v5P.jpg",620,413,false]},"rttpg_author":{"display_name":"V\u00fcsal Rafiqo\u011flu","author_link":"https:\/\/arantv.az\/?author=2"},"rttpg_comment":0,"rttpg_category":"<a href=\"https:\/\/arantv.az\/?cat=4\" rel=\"category\">Siyas\u0259t<\/a>","rttpg_excerpt":"Az\u0259rbaycan Respublikas\u0131n\u0131n Prezidenti \u0130lham \u018fliyevin T\u00fcrkiy\u0259 Respublikas\u0131na i\u015fg\u00fczar s\u0259f\u0259ri avqustun 10-da ba\u015fa \u00e7at\u0131b. AZ\u018fRTAC\u00a0x\u0259b\u0259r verir ki, h\u0259r iki \u00f6lk\u0259nin d\u00f6vl\u0259t bayraqlar\u0131n\u0131n dal\u011faland\u0131\u011f\u0131 Konya \u015f\u0259h\u0259rinin Hava Liman\u0131nda d\u00f6vl\u0259timizin ba\u015f\u00e7\u0131s\u0131n\u0131n \u015f\u0259r\u0259fin\u0259 f\u0259xri qarovul d\u0259st\u0259si d\u00fcz\u00fcl\u00fcb. Prezident \u0130lham \u018fliyevi v\u0259 Birinci vitse-prezident Mehriban \u018fliyevan\u0131 Konya valisi Vahdettin \u00d6zkan v\u0259 dig\u0259r r\u0259smi \u015f\u0259xsl\u0259r yola sald\u0131lar.","_links":{"self":[{"href":"https:\/\/arantv.az\/index.php?rest_route=\/wp\/v2\/posts\/504280"}],"collection":[{"href":"https:\/\/arantv.az\/index.php?rest_route=\/wp\/v2\/posts"}],"about":[{"href":"https:\/\/arantv.az\/index.php?rest_route=\/wp\/v2\/types\/post"}],"author":[{"embeddable":true,"href":"https:\/\/arantv.az\/index.php?rest_route=\/wp\/v2\/users\/2"}],"replies":[{"embeddable":true,"href":"https:\/\/arantv.az\/index.php?rest_route=%2Fwp%2Fv2%2Fcomments&post=504280"}],"version-history":[{"count":0,"href":"https:\/\/arantv.az\/index.php?rest_route=\/wp\/v2\/posts\/504280\/revisions"}],"wp:featuredmedia":[{"embeddable":true,"href":"https:\/\/arantv.az\/index.php?rest_route=\/wp\/v2\/media\/504281"}],"wp:attachment":[{"href":"https:\/\/arantv.az\/index.php?rest_route=%2Fwp%2Fv2%2Fmedia&parent=504280"}],"wp:term":[{"taxonomy":"category","embeddable":true,"href":"https:\/\/arantv.az\/index.php?rest_route=%2Fwp%2Fv2%2Fcategories&post=504280"},{"taxonomy":"post_tag","embeddable":true,"href":"https:\/\/arantv.az\/index.php?rest_route=%2Fwp%2Fv2%2Ftags&post=504280"}],"curies":[{"name":"wp","href":"https:\/\/api.w.org\/{rel}","templated":true}]}}