{"id":504302,"date":"2022-08-10T15:08:07","date_gmt":"2022-08-10T12:08:07","guid":{"rendered":"https:\/\/arantv.az\/?p=504302"},"modified":"2022-08-10T15:08:07","modified_gmt":"2022-08-10T12:08:07","slug":"heyd%c9%99r-%c9%99liyev-beyn%c9%99lxalq-aeroportunda-enerji-t%c9%99chizatinda-yaranan-fasil%c9%99-il%c9%99-bagli-aciqlama","status":"publish","type":"post","link":"https:\/\/arantv.az\/?p=504302","title":{"rendered":"Heyd\u0259r \u018fliyev Beyn\u0259lxalq Aeroportunda enerji t\u0259chizat\u0131nda yaranan fasil\u0259 il\u0259 ba\u011fl\u0131 A\u00c7IQLAMA"},"content":{"rendered":"<p>Heyd\u0259r \u018fliyev Beyn\u0259lxalq Aeroportunun elektrik enerji t\u0259chizat\u0131nda yaranan fasil\u0259l\u0259rl\u0259 \u0259laq\u0259dar s\u0259rni\u015fin terminallar\u0131n\u0131n elektrik enerjisi il\u0259 t\u0259min olunmas\u0131 \u00fc\u00e7\u00fcn ehtiyat enerji m\u0259nb\u0259sind\u0259n istifad\u0259 edilir.<\/p>\n<div class=\"AdviadNativeVideo\"><\/div>\n<p>Heyd\u0259r \u018fliyev Beyn\u0259lxalq Aeroportunun M\u0259tbuat Xidm\u0259ti m\u0259lumat yay\u0131b.<\/p>\n<p>Bildirilib ki, haz\u0131rda hava liman\u0131n\u0131n m\u00fcvafiq xidm\u0259tl\u0259ri hadis\u0259nin n\u0259tic\u0259l\u0259rinin aradan qald\u0131r\u0131lmas\u0131na ba\u015flay\u0131b.<\/p>\n<p>Qeyd edilib ki, Bak\u0131 hava liman\u0131n\u0131n m\u00fcnt\u0259z\u0259m enerji t\u0259chizat\u0131n\u0131n b\u0259rpas\u0131 \u00fc\u00e7\u00fcn b\u00fct\u00fcn laz\u0131mi add\u0131mlar at\u0131l\u0131r.<\/p>\n","protected":false},"excerpt":{"rendered":"<p>Heyd\u0259r \u018fliyev Beyn\u0259lxalq Aeroportunun elektrik enerji t\u0259chizat\u0131nda yaranan fasil\u0259l\u0259rl\u0259 \u0259laq\u0259dar s\u0259rni\u015fin terminallar\u0131n\u0131n elektrik enerjisi il\u0259 t\u0259min olunmas\u0131 \u00fc\u00e7\u00fcn ehtiyat enerji m\u0259nb\u0259sind\u0259n istifad\u0259 edilir. Heyd\u0259r \u018fliyev Beyn\u0259lxalq Aeroportunun M\u0259tbuat Xidm\u0259ti m\u0259lumat yay\u0131b. Bildirilib ki, haz\u0131rda hava liman\u0131n\u0131n m\u00fcvafiq xidm\u0259tl\u0259ri hadis\u0259nin n\u0259tic\u0259l\u0259rinin aradan qald\u0131r\u0131lmas\u0131na ba\u015flay\u0131b. Qeyd edilib ki, Bak\u0131 hava liman\u0131n\u0131n m\u00fcnt\u0259z\u0259m enerji t\u0259chizat\u0131n\u0131n b\u0259rpas\u0131 \u00fc\u00e7\u00fcn b\u00fct\u00fcn laz\u0131mi add\u0131mlar at\u0131l\u0131r.<\/p>\n","protected":false},"author":2,"featured_media":504303,"comment_status":"closed","ping_status":"closed","sticky":false,"template":"","format":"standard","meta":{"om_disable_all_campaigns":false,"_monsterinsights_skip_tracking":false,"_monsterinsights_sitenote_active":false,"_monsterinsights_sitenote_note":"","_monsterinsights_sitenote_category":0},"categories":[1],"tags":[],"aioseo_notices":[],"gutentor_comment":0,"rttpg_featured_image_url":{"full":["https:\/\/arantv.az\/wp-content\/uploads\/2022\/08\/FotoJet-2022-08-10T154848.723.jpg",620,413,false],"landscape":["https:\/\/arantv.az\/wp-content\/uploads\/2022\/08\/FotoJet-2022-08-10T154848.723.jpg",620,413,false],"portraits":["https:\/\/arantv.az\/wp-content\/uploads\/2022\/08\/FotoJet-2022-08-10T154848.723.jpg",620,413,false],"thumbnail":["https:\/\/arantv.az\/wp-content\/uploads\/2022\/08\/FotoJet-2022-08-10T154848.723-500x280.jpg",500,280,true],"medium":["https:\/\/arantv.az\/wp-content\/uploads\/2022\/08\/FotoJet-2022-08-10T154848.723-548x365.jpg",548,365,true],"large":["https:\/\/arantv.az\/wp-content\/uploads\/2022\/08\/FotoJet-2022-08-10T154848.723.jpg",620,413,false],"1536x1536":["https:\/\/arantv.az\/wp-content\/uploads\/2022\/08\/FotoJet-2022-08-10T154848.723.jpg",620,413,false],"2048x2048":["https:\/\/arantv.az\/wp-content\/uploads\/2022\/08\/FotoJet-2022-08-10T154848.723.jpg",620,413,false],"post-thumbnail":["https:\/\/arantv.az\/wp-content\/uploads\/2022\/08\/FotoJet-2022-08-10T154848.723-240x172.jpg",240,172,true],"advps-thumb-one":["https:\/\/arantv.az\/wp-content\/uploads\/2022\/08\/FotoJet-2022-08-10T154848.723.jpg",620,413,false]},"rttpg_author":{"display_name":"V\u00fcsal Rafiqo\u011flu","author_link":"https:\/\/arantv.az\/?author=2"},"rttpg_comment":0,"rttpg_category":"<a href=\"https:\/\/arantv.az\/?cat=1\" rel=\"category\">C\u0259miyy\u0259t<\/a>","rttpg_excerpt":"Heyd\u0259r \u018fliyev Beyn\u0259lxalq Aeroportunun elektrik enerji t\u0259chizat\u0131nda yaranan fasil\u0259l\u0259rl\u0259 \u0259laq\u0259dar s\u0259rni\u015fin terminallar\u0131n\u0131n elektrik enerjisi il\u0259 t\u0259min olunmas\u0131 \u00fc\u00e7\u00fcn ehtiyat enerji m\u0259nb\u0259sind\u0259n istifad\u0259 edilir. Heyd\u0259r \u018fliyev Beyn\u0259lxalq Aeroportunun M\u0259tbuat Xidm\u0259ti m\u0259lumat yay\u0131b. Bildirilib ki, haz\u0131rda hava liman\u0131n\u0131n m\u00fcvafiq xidm\u0259tl\u0259ri hadis\u0259nin n\u0259tic\u0259l\u0259rinin aradan qald\u0131r\u0131lmas\u0131na ba\u015flay\u0131b. Qeyd edilib ki, Bak\u0131 hava liman\u0131n\u0131n m\u00fcnt\u0259z\u0259m enerji t\u0259chizat\u0131n\u0131n b\u0259rpas\u0131 \u00fc\u00e7\u00fcn b\u00fct\u00fcn&hellip;","_links":{"self":[{"href":"https:\/\/arantv.az\/index.php?rest_route=\/wp\/v2\/posts\/504302"}],"collection":[{"href":"https:\/\/arantv.az\/index.php?rest_route=\/wp\/v2\/posts"}],"about":[{"href":"https:\/\/arantv.az\/index.php?rest_route=\/wp\/v2\/types\/post"}],"author":[{"embeddable":true,"href":"https:\/\/arantv.az\/index.php?rest_route=\/wp\/v2\/users\/2"}],"replies":[{"embeddable":true,"href":"https:\/\/arantv.az\/index.php?rest_route=%2Fwp%2Fv2%2Fcomments&post=504302"}],"version-history":[{"count":0,"href":"https:\/\/arantv.az\/index.php?rest_route=\/wp\/v2\/posts\/504302\/revisions"}],"wp:featuredmedia":[{"embeddable":true,"href":"https:\/\/arantv.az\/index.php?rest_route=\/wp\/v2\/media\/504303"}],"wp:attachment":[{"href":"https:\/\/arantv.az\/index.php?rest_route=%2Fwp%2Fv2%2Fmedia&parent=504302"}],"wp:term":[{"taxonomy":"category","embeddable":true,"href":"https:\/\/arantv.az\/index.php?rest_route=%2Fwp%2Fv2%2Fcategories&post=504302"},{"taxonomy":"post_tag","embeddable":true,"href":"https:\/\/arantv.az\/index.php?rest_route=%2Fwp%2Fv2%2Ftags&post=504302"}],"curies":[{"name":"wp","href":"https:\/\/api.w.org\/{rel}","templated":true}]}}