{"id":504305,"date":"2022-08-10T15:14:25","date_gmt":"2022-08-10T12:14:25","guid":{"rendered":"https:\/\/arantv.az\/?p=504305"},"modified":"2022-08-10T15:14:25","modified_gmt":"2022-08-10T12:14:25","slug":"intihar-ed%c9%99n-lacinin-atasi-ilk-d%c9%99f%c9%99-danisdi-foto","status":"publish","type":"post","link":"https:\/\/arantv.az\/?p=504305","title":{"rendered":"\u0130ntihar ed\u0259n La\u00e7\u0131n\u0131n atas\u0131 ilk d\u0259f\u0259 DANI\u015eDI &#8211; FOTO"},"content":{"rendered":"<p><a title=\"xeberler son xeberler 2022\" href=\"https:\/\/yenixeber.az\/\" target=\"_blank\" rel=\"noopener\">X\u0259b\u0259r<\/a>\u00a0verdiyimiz kimi, \u015e\u0259rur rayonunun Zirv\u0259 k\u0259nd sakini La\u00e7\u0131n \u00dcmman q\u0131z\u0131 Rzayeva imtahan n\u0259tic\u0259l\u0259rinin z\u0259if oldu\u011fu \u00fc\u00e7\u00fcn intihar edib.<\/p>\n<p>M\u0259tbuatda yay\u0131lan m\u0259lumata g\u00f6r\u0259, 17 ya\u015fl\u0131 g\u0259nc intihardan \u0259vv\u0259l sosial \u015f\u0259b\u0259k\u0259d\u0259 payla\u015f\u0131m edib. Payla\u015f\u0131ma \u0259sas\u0259n, ata evd\u0259n \u00e7\u0131xark\u0259n &#8220;M\u0259n i\u015fd\u0259n qay\u0131d\u0131nca \u00f6z\u00fcn\u00fc \u00f6ld\u00fcr&#8221; deyib, \u00f6vlad\u0131 is\u0259 bunu ciddi q\u0259bul edib.<\/p>\n<p><img class=\"imgbcode\" src=\"https:\/\/upload.az\/foto\/arxiv\/2_71660131925.jpg\" alt=\"\u0130ntihar ed\u0259n La\u00e7\u0131n\u0131n atas\u0131 ilk d\u0259f\u0259 DANI\u015eDI - FOTO\" \/>Bununla ba\u011fl\u0131 La\u00e7\u0131n\u0131n atas\u0131 \u00dcmman Rzayev\u00a0<a title=\"en son xeberler 2022\" href=\"https:\/\/sonxeber.az\/\" target=\"_blank\" rel=\"noopener\">Sonxeber.az<\/a>-a a\u00e7\u0131qlama verib.<\/p>\n<div class=\"AdviadNativeVideo\"><\/div>\n<p>O bildirib ki, La\u00e7\u0131n\u0131n telefonu olmay\u0131b, onun ad\u0131ndan bu payla\u015f\u0131m\u0131 kims\u0259 yay\u0131b:<\/p>\n<p>&#8220;La\u00e7\u0131n\u0131n dostlar\u0131 y\u00fcks\u0259k bal toplad\u0131qlar\u0131n\u0131, universitet\u0259 q\u0259bul olduqlar\u0131n\u0131 deyibl\u0259r. \u018fslind\u0259 yalan deyibl\u0259r, dostlar\u0131 da q\u0259bul olmay\u0131blar. La\u00e7\u0131n\u0131n bal\u0131 kollec\u0259 \u00e7at\u0131rd\u0131. Az bal toplama\u011f\u0131 \u00f6z\u00fcn\u0259 yara\u015fd\u0131rmayan La\u00e7\u0131n intihar edib. La\u00e7\u0131n\u0131n anas\u0131 m\u00fc\u0259llim, bibisi tibb bac\u0131s\u0131d\u0131r. \u0130mtahandan sonra La\u00e7\u0131na dedim ki, &#8220;get kollecd\u0259 oxu&#8221;. Hans\u0131 ata \u00f6vlad\u0131na dey\u0259r ki, &#8220;get \u00f6z\u00fcn\u00fc \u00f6ld\u00fcr&#8221;. La\u00e7\u0131n\u0131n ad\u0131ndan kimin bu mesaj\u0131 yayd\u0131\u011f\u0131n\u0131 bilmir\u0259m. Bununla ba\u011fl\u0131 polis\u0259 m\u00fcraci\u0259t etmi\u015f\u0259m, ara\u015fd\u0131r\u0131l\u0131r. D\u00fc\u015fm\u0259nimi m\u0259n d\u0259 tan\u0131y\u0131b c\u0259zas\u0131n\u0131 verm\u0259k ist\u0259yir\u0259m. Bunu pul v\u0259 reytinq xatirin\u0259 edibl\u0259r&#8221;.<\/p>\n<p><img class=\"imgbcode\" src=\"https:\/\/upload.az\/foto\/arxiv\/3_71660131925.jpg\" alt=\"\u0130ntihar ed\u0259n La\u00e7\u0131n\u0131n atas\u0131 ilk d\u0259f\u0259 DANI\u015eDI - FOTO\" \/><img class=\"imgbcode\" src=\"https:\/\/upload.az\/foto\/arxiv\/4_71660131925.jpg\" alt=\"\u0130ntihar ed\u0259n La\u00e7\u0131n\u0131n atas\u0131 ilk d\u0259f\u0259 DANI\u015eDI - FOTO\" \/><img class=\"imgbcode\" src=\"https:\/\/upload.az\/foto\/arxiv\/5_61660131925.jpg\" alt=\"\u0130ntihar ed\u0259n La\u00e7\u0131n\u0131n atas\u0131 ilk d\u0259f\u0259 DANI\u015eDI - FOTO\" \/><img class=\"imgbcode\" src=\"https:\/\/upload.az\/foto\/arxiv\/6_71660131925.jpg\" alt=\"\u0130ntihar ed\u0259n La\u00e7\u0131n\u0131n atas\u0131 ilk d\u0259f\u0259 DANI\u015eDI - FOTO\" \/><\/p>\n","protected":false},"excerpt":{"rendered":"<p>X\u0259b\u0259r\u00a0verdiyimiz kimi, \u015e\u0259rur rayonunun Zirv\u0259 k\u0259nd sakini La\u00e7\u0131n \u00dcmman q\u0131z\u0131 Rzayeva imtahan n\u0259tic\u0259l\u0259rinin z\u0259if oldu\u011fu \u00fc\u00e7\u00fcn intihar edib. M\u0259tbuatda yay\u0131lan m\u0259lumata g\u00f6r\u0259, 17 ya\u015fl\u0131 g\u0259nc intihardan \u0259vv\u0259l sosial \u015f\u0259b\u0259k\u0259d\u0259 payla\u015f\u0131m edib. Payla\u015f\u0131ma \u0259sas\u0259n, ata evd\u0259n \u00e7\u0131xark\u0259n &#8220;M\u0259n i\u015fd\u0259n qay\u0131d\u0131nca \u00f6z\u00fcn\u00fc \u00f6ld\u00fcr&#8221; deyib, \u00f6vlad\u0131 is\u0259 bunu ciddi q\u0259bul edib. Bununla ba\u011fl\u0131 La\u00e7\u0131n\u0131n atas\u0131 \u00dcmman Rzayev\u00a0Sonxeber.az-a a\u00e7\u0131qlama verib. O bildirib ki, La\u00e7\u0131n\u0131n telefonu olmay\u0131b, onun ad\u0131ndan bu payla\u015f\u0131m\u0131 kims\u0259 yay\u0131b: &#8220;La\u00e7\u0131n\u0131n dostlar\u0131 y\u00fcks\u0259k bal toplad\u0131qlar\u0131n\u0131, universitet\u0259 q\u0259bul olduqlar\u0131n\u0131 deyibl\u0259r. \u018fslind\u0259 yalan deyibl\u0259r, dostlar\u0131 da q\u0259bul olmay\u0131blar. La\u00e7\u0131n\u0131n bal\u0131 kollec\u0259 \u00e7at\u0131rd\u0131. Az bal&hellip;<\/p>\n","protected":false},"author":2,"featured_media":504306,"comment_status":"closed","ping_status":"closed","sticky":false,"template":"","format":"standard","meta":{"om_disable_all_campaigns":false,"_monsterinsights_skip_tracking":false,"_monsterinsights_sitenote_active":false,"_monsterinsights_sitenote_note":"","_monsterinsights_sitenote_category":0},"categories":[5],"tags":[],"aioseo_notices":[],"gutentor_comment":0,"rttpg_featured_image_url":{"full":["https:\/\/arantv.az\/wp-content\/uploads\/2022\/08\/1_71660131925.jpg",550,550,false],"landscape":["https:\/\/arantv.az\/wp-content\/uploads\/2022\/08\/1_71660131925.jpg",550,550,false],"portraits":["https:\/\/arantv.az\/wp-content\/uploads\/2022\/08\/1_71660131925.jpg",550,550,false],"thumbnail":["https:\/\/arantv.az\/wp-content\/uploads\/2022\/08\/1_71660131925-500x280.jpg",500,280,true],"medium":["https:\/\/arantv.az\/wp-content\/uploads\/2022\/08\/1_71660131925-365x365.jpg",365,365,true],"large":["https:\/\/arantv.az\/wp-content\/uploads\/2022\/08\/1_71660131925.jpg",550,550,false],"1536x1536":["https:\/\/arantv.az\/wp-content\/uploads\/2022\/08\/1_71660131925.jpg",550,550,false],"2048x2048":["https:\/\/arantv.az\/wp-content\/uploads\/2022\/08\/1_71660131925.jpg",550,550,false],"post-thumbnail":["https:\/\/arantv.az\/wp-content\/uploads\/2022\/08\/1_71660131925-240x172.jpg",240,172,true],"advps-thumb-one":["https:\/\/arantv.az\/wp-content\/uploads\/2022\/08\/1_71660131925.jpg",550,550,false]},"rttpg_author":{"display_name":"V\u00fcsal Rafiqo\u011flu","author_link":"https:\/\/arantv.az\/?author=2"},"rttpg_comment":0,"rttpg_category":"<a href=\"https:\/\/arantv.az\/?cat=5\" rel=\"category\">Hadis\u0259<\/a>","rttpg_excerpt":"X\u0259b\u0259r\u00a0verdiyimiz kimi, \u015e\u0259rur rayonunun Zirv\u0259 k\u0259nd sakini La\u00e7\u0131n \u00dcmman q\u0131z\u0131 Rzayeva imtahan n\u0259tic\u0259l\u0259rinin z\u0259if oldu\u011fu \u00fc\u00e7\u00fcn intihar edib. M\u0259tbuatda yay\u0131lan m\u0259lumata g\u00f6r\u0259, 17 ya\u015fl\u0131 g\u0259nc intihardan \u0259vv\u0259l sosial \u015f\u0259b\u0259k\u0259d\u0259 payla\u015f\u0131m edib. Payla\u015f\u0131ma \u0259sas\u0259n, ata evd\u0259n \u00e7\u0131xark\u0259n &#8220;M\u0259n i\u015fd\u0259n qay\u0131d\u0131nca \u00f6z\u00fcn\u00fc \u00f6ld\u00fcr&#8221; deyib, \u00f6vlad\u0131 is\u0259 bunu ciddi q\u0259bul edib. Bununla ba\u011fl\u0131 La\u00e7\u0131n\u0131n atas\u0131 \u00dcmman Rzayev\u00a0Sonxeber.az-a a\u00e7\u0131qlama&hellip;","_links":{"self":[{"href":"https:\/\/arantv.az\/index.php?rest_route=\/wp\/v2\/posts\/504305"}],"collection":[{"href":"https:\/\/arantv.az\/index.php?rest_route=\/wp\/v2\/posts"}],"about":[{"href":"https:\/\/arantv.az\/index.php?rest_route=\/wp\/v2\/types\/post"}],"author":[{"embeddable":true,"href":"https:\/\/arantv.az\/index.php?rest_route=\/wp\/v2\/users\/2"}],"replies":[{"embeddable":true,"href":"https:\/\/arantv.az\/index.php?rest_route=%2Fwp%2Fv2%2Fcomments&post=504305"}],"version-history":[{"count":0,"href":"https:\/\/arantv.az\/index.php?rest_route=\/wp\/v2\/posts\/504305\/revisions"}],"wp:featuredmedia":[{"embeddable":true,"href":"https:\/\/arantv.az\/index.php?rest_route=\/wp\/v2\/media\/504306"}],"wp:attachment":[{"href":"https:\/\/arantv.az\/index.php?rest_route=%2Fwp%2Fv2%2Fmedia&parent=504305"}],"wp:term":[{"taxonomy":"category","embeddable":true,"href":"https:\/\/arantv.az\/index.php?rest_route=%2Fwp%2Fv2%2Fcategories&post=504305"},{"taxonomy":"post_tag","embeddable":true,"href":"https:\/\/arantv.az\/index.php?rest_route=%2Fwp%2Fv2%2Ftags&post=504305"}],"curies":[{"name":"wp","href":"https:\/\/api.w.org\/{rel}","templated":true}]}}