{"id":504308,"date":"2022-08-10T15:22:26","date_gmt":"2022-08-10T12:22:26","guid":{"rendered":"https:\/\/arantv.az\/?p=504308"},"modified":"2022-08-10T15:22:26","modified_gmt":"2022-08-10T12:22:26","slug":"yay-festd%c9%99-konulluluk-h%c9%99ft%c9%99si-basladi-foto","status":"publish","type":"post","link":"https:\/\/arantv.az\/?p=504308","title":{"rendered":"\u201cYay Fest\u201dd\u0259 \u201cK\u00f6n\u00fcll\u00fcl\u00fck\u201d h\u0259ft\u0259si ba\u015flad\u0131 &#8211; FOTO"},"content":{"rendered":"<p>Avqustun 8-d\u0259 Az\u0259rbaycan\u0131n \u0259n b\u00f6y\u00fck g\u0259ncl\u0259r festival\u0131 olan \u201cYay Fest\u201din d\u00f6rd\u00fcnc\u00fc \u2013 \u201cK\u00f6n\u00fcll\u00fcl\u00fck\u201d h\u0259ft\u0259sinin a\u00e7\u0131l\u0131\u015f\u0131 ba\u015f tutub.<\/p>\n<p>\u00d6lk\u0259nin m\u00fcxt\u0259lif b\u00f6lg\u0259l\u0259rini t\u0259msil ed\u0259n 250-y\u0259 yax\u0131n g\u0259nci bir araya g\u0259tir\u0259n \u201cK\u00f6n\u00fcll\u00fcl\u00fck\u201d h\u0259ft\u0259sinin\u00a0a\u00e7\u0131l\u0131\u015f m\u0259rasimind\u0259 \u00e7\u0131x\u0131\u015f ed\u0259n G\u0259ncl\u0259r Fondunun icra\u00e7\u0131 direktoru F\u0259rid C\u0259f\u0259rov, Az\u0259rbaycan Respublikas\u0131n\u0131n Prezidenti yan\u0131nda V\u0259t\u0259nda\u015flara Xidm\u0259t v\u0259 Sosial \u0130nnovasiyalar \u00fczr\u0259 D\u00f6vl\u0259t Agentliyinin \u0130nsan resurslar\u0131n\u0131n idar\u0259edilm\u0259si \u015f\u00f6b\u0259sinin m\u00fcdir m\u00fcavini F\u0259rid Sad\u0131xl\u0131, D\u00f6vl\u0259t Miqrasiya Xidm\u0259tinin \u0130ctimaiyy\u0259tl\u0259 \u0259laq\u0259l\u0259r idar\u0259sinin r\u0259isi Elnur K\u0259l\u0259nt\u0259rov, t\u0259hsil nazirinin m\u00fc\u015faviri Nicat M\u0259mm\u0259dli, ekologiya nazirinin m\u00fc\u015faviri R\u00fcst\u0259m H\u0259s\u0259nov, K\u0259nd T\u0259s\u0259rr\u00fcfat\u0131 Nazirliyi Aparat\u0131n\u0131n \u0130nsan resurslar\u0131 \u015f\u00f6b\u0259sinin sektor m\u00fcdiri Elnur Atayev v\u0259 Az\u0259rbaycan K\u00f6n\u00fcll\u00fc T\u0259\u015fkilatlar\u0131 \u0130ttifaq\u0131n\u0131n s\u0259dri Yusif V\u0259liyev Az\u0259rbaycan Respublikas\u0131n\u0131n Prezidenti\u00a0<strong>\u0130lham \u018fliyev<\/strong>in r\u0259hb\u0259rliyi il\u0259 \u00f6lk\u0259mizd\u0259 k\u00f6n\u00fcll\u00fc h\u0259r\u0259kat\u0131n\u0131n geni\u015fl\u0259ndirilm\u0259si v\u0259 inki\u015faf\u0131 istiqam\u0259tind\u0259 g\u00f6r\u00fcl\u0259n i\u015fl\u0259r, c\u0259miyy\u0259timizin b\u00fct\u00fcn t\u0259b\u0259q\u0259l\u0259rini \u0259hat\u0259 ed\u0259r\u0259k g\u0259ncl\u0259rimizin h\u0259yat t\u0259rzin\u0259 \u00e7evril\u0259n k\u00f6n\u00fcll\u00fcl\u00fck ruhunun daha geni\u015f v\u00fcs\u0259t almas\u0131 bar\u0259d\u0259 d\u00fc\u015f\u0259rg\u0259 i\u015ftirak\u00e7\u0131lar\u0131na geni\u015f m\u0259lumat verdil\u0259r.<\/p>\n<div class=\"AdviadNativeVideo\"><\/div>\n<p>Qeyd olundu ki, h\u0259yata ke\u00e7iril\u0259n t\u0259dbirl\u0259r n\u0259tic\u0259sind\u0259 y\u00fcz minl\u0259rl\u0259 az\u0259rbaycanl\u0131 g\u0259nc m\u00fcxt\u0259lif sah\u0259l\u0259rd\u0259 k\u00f6n\u00fcll\u00fc qismind\u0259 \u00e7\u0131x\u0131\u015f ed\u0259r\u0259k bilik v\u0259 bacar\u0131qlar\u0131n\u0131 t\u0259kmill\u0259\u015fdirm\u0259k imkan\u0131 qazan\u0131r.<\/p>\n<p>A\u00e7\u0131l\u0131\u015f m\u0259rasiminin r\u0259smi hiss\u0259sinin davam\u0131 olaraq ba\u015f tutan konsert proqram\u0131 \u00e7\u0259r\u00e7iv\u0259sind\u0259 k\u00f6n\u00fcll\u00fcl\u0259rin ifas\u0131nda musiqi kompozisiyalar\u0131 s\u0259sl\u0259ndirilib, milli r\u0259qsl\u0259r v\u0259 teatr tama\u015fas\u0131 n\u00fcmayi\u015f olunub.<\/p>\n<p>\u015eamax\u0131da ke\u00e7iril\u0259n \u00e7ad\u0131r tipli d\u00fc\u015f\u0259rg\u0259 zaman\u0131 g\u0259ncl\u0259rin asud\u0259 vaxtlar\u0131n\u0131 s\u0259m\u0259r\u0259li ke\u00e7irm\u0259l\u0259ri \u00fc\u00e7\u00fcn a\u00e7\u0131q havada m\u00fcxt\u0259lif m\u00f6vzular \u00fczr\u0259 d\u00f6vl\u0259t qurumlar\u0131 v\u0259 \u00f6z\u0259l \u015firk\u0259tl\u0259rin n\u00fcmay\u0259nd\u0259l\u0259rinin i\u015ftirak\u0131 il\u0259 panel m\u00fczakir\u0259l\u0259ri, V\u0259t\u0259n m\u00fcharib\u0259si qazil\u0259ri il\u0259 g\u00f6r\u00fc\u015fl\u0259r, idman, \u0259yl\u0259nc\u0259li, intellektual oyunlar, m\u00fcxt\u0259lif m\u0259s\u0259l\u0259l\u0259ri \u0259hat\u0259 ed\u0259n pe\u015f\u0259kar t\u0259liml\u0259r, \u015eamax\u0131n\u0131n tarixi v\u0259 m\u0259d\u0259ni abid\u0259l\u0259rin\u0259 ziyar\u0259tl\u0259r t\u0259\u015fkil olunacaq. D\u00fc\u015f\u0259rg\u0259 m\u00fcdd\u0259tind\u0259 g\u0259ncl\u0259r \u00fc\u00e7\u00fcn komanda quruculu\u011fu, karyera inki\u015faf\u0131, ideyalar\u0131n realla\u015fd\u0131r\u0131lmas\u0131, g\u0259ncl\u0259r siyas\u0259ti, bloqerlik f\u0259aliyy\u0259ti, \u00f6z\u0259l sektorda k\u00f6n\u00fcll\u00fcl\u00fck v\u0259 aktuall\u0131q k\u0259sb ed\u0259n bir s\u0131ra dig\u0259r m\u0259s\u0259l\u0259l\u0259rl\u0259 ba\u011fl\u0131 t\u0259liml\u0259r t\u0259\u015fkil olunacaq.<\/p>\n<p>19 iyul \u2013 9 sentyabr tarixl\u0259rini \u0259hat\u0259 ed\u0259c\u0259k \u201cYay Fest 2022\u201d festival\u0131 \u00e7\u0259r\u00e7iv\u0259sind\u0259 m\u0259rh\u0259l\u0259li \u015f\u0259kild\u0259 iki mind\u0259n \u00e7ox g\u0259ncin i\u015ftirak\u0131 il\u0259 s\u0259kkiz f\u0259rqli m\u00f6vzu (\u201cT\u0259l\u0259b\u0259lik\u201d, \u201cD\u0259mir Yumruq\u201d, \u201cYarad\u0131c\u0131l\u0131q\u201d, \u201cK\u00f6n\u00fcll\u00fcl\u00fck\u201d, \u201cSDG Camp\u201d, \u201cKaryera ve \u0130nki\u015faf\u201d, \u201c\u0130deyadan Biznes\u0259\u201d v\u0259 \u201cH\u0259mr\u0259ylik\u201d) \u00fczr\u0259 d\u00fc\u015f\u0259rg\u0259l\u0259r ke\u00e7irilm\u0259kd\u0259dir.<\/p>\n<p>Art\u0131q \u00fc\u00e7\u00fcnc\u00fc d\u0259f\u0259 h\u0259yata ke\u00e7iril\u0259n \u201cYay Fest\u201d g\u0259ncl\u0259r festival\u0131 Az\u0259rbaycan Respublikas\u0131 G\u0259ncl\u0259r Fondunun d\u0259st\u0259yi, Az\u0259rbaycan T\u0259l\u0259b\u0259 G\u0259ncl\u0259r T\u0259\u015fkilatlar\u0131 \u0130ttifaq\u0131, Az\u0259rbaycan K\u00f6n\u00fcll\u00fc T\u0259\u015fkilatlar\u0131 \u0130ttifaq\u0131, \u201cCAVAN\u201d G\u0259ncl\u0259r H\u0259r\u0259kat\u0131 \u0130ctimai Birliyi v\u0259 \u201cG\u0259ncl\u0259rin Maarifl\u0259ndirilm\u0259sin\u0259 D\u0259st\u0259k\u201d \u0130ctimai Birliyinin t\u0259\u015fkilat\u00e7\u0131l\u0131\u011f\u0131 il\u0259 ba\u015f tutur.<\/p>\n<p>&nbsp;<\/p>\n<div class=\"gallery\">\n<div class=\"gallery-i\"><img src=\"https:\/\/cdn.oxu.az\/uploads\/W1siZiIsIjIwMjIvMDgvMTAvMTYvMDAvNDMvZjRlZTFmYTYtYTNlMS00NWU3LThjNDgtMDk2Y2YwNTk2Y2FkLzI5ODIwNjM5Nl8xNzk0MzA2NTg0MjQyMjgwXzIyNjgxNzI3NDUzOTQ4NDM5MTVfbi5qcGciXSxbInAiLCJlbmNvZGUiLCJqcGciLCItcXVhbGl0eSA4MCJdLFsicCIsInRodW1iIiwiNTkweDU5MFx1MDAzZSJdXQ?sha=8cc068a76ffb42ba\" alt=\"\" \/><\/p>\n<div class=\"gallery-i-caption\"><\/div>\n<\/div>\n<div class=\"gallery-i\"><img src=\"https:\/\/cdn.oxu.az\/uploads\/W1siZiIsIjIwMjIvMDgvMTAvMTYvMDAvNDMvMTRkNGRkMjYtODExOS00NzNiLWFjZjUtMjRjZGI2NzM1NTljLzI5NzM1NTY1OF83ODY1OTc1MjkxOTAzODlfNTg5NjAyMzMwODk4MTgzNzA5Ml9uLmpwZyJdLFsicCIsImVuY29kZSIsImpwZyIsIi1xdWFsaXR5IDgwIl0sWyJwIiwidGh1bWIiLCI1OTB4NTkwXHUwMDNlIl1d?sha=5a39bb1aa3fa7604\" alt=\"\" \/><\/p>\n<div class=\"gallery-i-caption\"><\/div>\n<\/div>\n<div class=\"gallery-i\"><img src=\"https:\/\/cdn.oxu.az\/uploads\/W1siZiIsIjIwMjIvMDgvMTAvMTYvMDAvNDMvYzA2ZDc1ZTktZWUyYi00Y2FiLTkyOTgtZTQ3NDU5ZTVkNmE2LzI5NjIwMDgzNF8xNDI3NzY5NjUxMDc3NjI4XzUzODk3NTA1MTUxNzkwMjk0MV9uLmpwZyJdLFsicCIsImVuY29kZSIsImpwZyIsIi1xdWFsaXR5IDgwIl0sWyJwIiwidGh1bWIiLCI1OTB4NTkwXHUwMDNlIl1d?sha=9ed6c828fcd90e2d\" alt=\"\" \/><\/p>\n<div class=\"gallery-i-caption\"><\/div>\n<\/div>\n<div class=\"gallery-i\"><img src=\"https:\/\/cdn.oxu.az\/uploads\/W1siZiIsIjIwMjIvMDgvMTAvMTYvMDAvNTQvNGFjOTE3ZmYtZGQyMS00YmJmLTlmZDUtMGY4YzJmMjE2MzU2LzI5Njk2MTkwM182MjU5MTE4ODIyMTE4MTFfMjk5MTc1MTcxNTk0MDE4NjAzMl9uLmpwZyJdLFsicCIsImVuY29kZSIsImpwZyIsIi1xdWFsaXR5IDgwIl0sWyJwIiwidGh1bWIiLCI1OTB4NTkwXHUwMDNlIl1d?sha=577a1f49f45839ff\" alt=\"\" \/><\/p>\n<div class=\"gallery-i-caption\"><\/div>\n<\/div>\n<div class=\"gallery-i\"><img src=\"https:\/\/cdn.oxu.az\/uploads\/W1siZiIsIjIwMjIvMDgvMTAvMTYvMDAvNTQvZTExMDFjNmMtYTE5YS00NzNhLWE2YjUtOWNmYjJiOWZjM2M4LzI5NjEzNTg4N18xMTI0NjUxODk4NDc2NTU3XzU1ODY0MDQ5OTE1MDMzODA3MzRfbi5qcGciXSxbInAiLCJlbmNvZGUiLCJqcGciLCItcXVhbGl0eSA4MCJdLFsicCIsInRodW1iIiwiNTkweDU5MFx1MDAzZSJdXQ?sha=96ef886d4f91d52a\" alt=\"\" \/><\/p>\n<div class=\"gallery-i-caption\"><\/div>\n<\/div>\n<div class=\"gallery-i\"><img src=\"https:\/\/cdn.oxu.az\/uploads\/W1siZiIsIjIwMjIvMDgvMTAvMTYvMDAvNTUvM2EwMjNhNmItMjIyNC00M2I5LTgyNTgtNDkyNWMyMTkyMGU0LzI5NTg4MDA0NF81MjQ5MDAwNDk1MjE4NTczXzQ5MDU2ODcxNTM3NTE1NzM0NjVfbi5qcGciXSxbInAiLCJlbmNvZGUiLCJqcGciLCItcXVhbGl0eSA4MCJdLFsicCIsInRodW1iIiwiNTkweDU5MFx1MDAzZSJdXQ?sha=33dbb8fcedd59407\" alt=\"\" \/><\/div>\n<\/div>\n","protected":false},"excerpt":{"rendered":"<p>Avqustun 8-d\u0259 Az\u0259rbaycan\u0131n \u0259n b\u00f6y\u00fck g\u0259ncl\u0259r festival\u0131 olan \u201cYay Fest\u201din d\u00f6rd\u00fcnc\u00fc \u2013 \u201cK\u00f6n\u00fcll\u00fcl\u00fck\u201d h\u0259ft\u0259sinin a\u00e7\u0131l\u0131\u015f\u0131 ba\u015f tutub. \u00d6lk\u0259nin m\u00fcxt\u0259lif b\u00f6lg\u0259l\u0259rini t\u0259msil ed\u0259n 250-y\u0259 yax\u0131n g\u0259nci bir araya g\u0259tir\u0259n \u201cK\u00f6n\u00fcll\u00fcl\u00fck\u201d h\u0259ft\u0259sinin\u00a0a\u00e7\u0131l\u0131\u015f m\u0259rasimind\u0259 \u00e7\u0131x\u0131\u015f ed\u0259n G\u0259ncl\u0259r Fondunun icra\u00e7\u0131 direktoru F\u0259rid C\u0259f\u0259rov, Az\u0259rbaycan Respublikas\u0131n\u0131n Prezidenti yan\u0131nda V\u0259t\u0259nda\u015flara Xidm\u0259t v\u0259 Sosial \u0130nnovasiyalar \u00fczr\u0259 D\u00f6vl\u0259t Agentliyinin \u0130nsan resurslar\u0131n\u0131n idar\u0259edilm\u0259si \u015f\u00f6b\u0259sinin m\u00fcdir m\u00fcavini F\u0259rid Sad\u0131xl\u0131, D\u00f6vl\u0259t Miqrasiya Xidm\u0259tinin \u0130ctimaiyy\u0259tl\u0259 \u0259laq\u0259l\u0259r idar\u0259sinin r\u0259isi Elnur K\u0259l\u0259nt\u0259rov, t\u0259hsil nazirinin m\u00fc\u015faviri Nicat M\u0259mm\u0259dli, ekologiya nazirinin m\u00fc\u015faviri R\u00fcst\u0259m H\u0259s\u0259nov, K\u0259nd T\u0259s\u0259rr\u00fcfat\u0131 Nazirliyi Aparat\u0131n\u0131n \u0130nsan resurslar\u0131 \u015f\u00f6b\u0259sinin sektor m\u00fcdiri Elnur Atayev v\u0259&hellip;<\/p>\n","protected":false},"author":2,"featured_media":504309,"comment_status":"closed","ping_status":"closed","sticky":false,"template":"","format":"standard","meta":{"om_disable_all_campaigns":false,"_monsterinsights_skip_tracking":false,"_monsterinsights_sitenote_active":false,"_monsterinsights_sitenote_note":"","_monsterinsights_sitenote_category":0},"categories":[19],"tags":[],"aioseo_notices":[],"gutentor_comment":0,"rttpg_featured_image_url":{"full":["https:\/\/arantv.az\/wp-content\/uploads\/2022\/08\/FotoJet-2022-08-10T160007.345.jpg",620,413,false],"landscape":["https:\/\/arantv.az\/wp-content\/uploads\/2022\/08\/FotoJet-2022-08-10T160007.345.jpg",620,413,false],"portraits":["https:\/\/arantv.az\/wp-content\/uploads\/2022\/08\/FotoJet-2022-08-10T160007.345.jpg",620,413,false],"thumbnail":["https:\/\/arantv.az\/wp-content\/uploads\/2022\/08\/FotoJet-2022-08-10T160007.345-500x280.jpg",500,280,true],"medium":["https:\/\/arantv.az\/wp-content\/uploads\/2022\/08\/FotoJet-2022-08-10T160007.345-548x365.jpg",548,365,true],"large":["https:\/\/arantv.az\/wp-content\/uploads\/2022\/08\/FotoJet-2022-08-10T160007.345.jpg",620,413,false],"1536x1536":["https:\/\/arantv.az\/wp-content\/uploads\/2022\/08\/FotoJet-2022-08-10T160007.345.jpg",620,413,false],"2048x2048":["https:\/\/arantv.az\/wp-content\/uploads\/2022\/08\/FotoJet-2022-08-10T160007.345.jpg",620,413,false],"post-thumbnail":["https:\/\/arantv.az\/wp-content\/uploads\/2022\/08\/FotoJet-2022-08-10T160007.345-240x172.jpg",240,172,true],"advps-thumb-one":["https:\/\/arantv.az\/wp-content\/uploads\/2022\/08\/FotoJet-2022-08-10T160007.345.jpg",620,413,false]},"rttpg_author":{"display_name":"V\u00fcsal Rafiqo\u011flu","author_link":"https:\/\/arantv.az\/?author=2"},"rttpg_comment":0,"rttpg_category":"<a href=\"https:\/\/arantv.az\/?cat=19\" rel=\"category\">G\u00fcnd\u0259m<\/a>","rttpg_excerpt":"Avqustun 8-d\u0259 Az\u0259rbaycan\u0131n \u0259n b\u00f6y\u00fck g\u0259ncl\u0259r festival\u0131 olan \u201cYay Fest\u201din d\u00f6rd\u00fcnc\u00fc \u2013 \u201cK\u00f6n\u00fcll\u00fcl\u00fck\u201d h\u0259ft\u0259sinin a\u00e7\u0131l\u0131\u015f\u0131 ba\u015f tutub. \u00d6lk\u0259nin m\u00fcxt\u0259lif b\u00f6lg\u0259l\u0259rini t\u0259msil ed\u0259n 250-y\u0259 yax\u0131n g\u0259nci bir araya g\u0259tir\u0259n \u201cK\u00f6n\u00fcll\u00fcl\u00fck\u201d h\u0259ft\u0259sinin\u00a0a\u00e7\u0131l\u0131\u015f m\u0259rasimind\u0259 \u00e7\u0131x\u0131\u015f ed\u0259n G\u0259ncl\u0259r Fondunun icra\u00e7\u0131 direktoru F\u0259rid C\u0259f\u0259rov, Az\u0259rbaycan Respublikas\u0131n\u0131n Prezidenti yan\u0131nda V\u0259t\u0259nda\u015flara Xidm\u0259t v\u0259 Sosial \u0130nnovasiyalar \u00fczr\u0259 D\u00f6vl\u0259t Agentliyinin \u0130nsan resurslar\u0131n\u0131n idar\u0259edilm\u0259si \u015f\u00f6b\u0259sinin&hellip;","_links":{"self":[{"href":"https:\/\/arantv.az\/index.php?rest_route=\/wp\/v2\/posts\/504308"}],"collection":[{"href":"https:\/\/arantv.az\/index.php?rest_route=\/wp\/v2\/posts"}],"about":[{"href":"https:\/\/arantv.az\/index.php?rest_route=\/wp\/v2\/types\/post"}],"author":[{"embeddable":true,"href":"https:\/\/arantv.az\/index.php?rest_route=\/wp\/v2\/users\/2"}],"replies":[{"embeddable":true,"href":"https:\/\/arantv.az\/index.php?rest_route=%2Fwp%2Fv2%2Fcomments&post=504308"}],"version-history":[{"count":0,"href":"https:\/\/arantv.az\/index.php?rest_route=\/wp\/v2\/posts\/504308\/revisions"}],"wp:featuredmedia":[{"embeddable":true,"href":"https:\/\/arantv.az\/index.php?rest_route=\/wp\/v2\/media\/504309"}],"wp:attachment":[{"href":"https:\/\/arantv.az\/index.php?rest_route=%2Fwp%2Fv2%2Fmedia&parent=504308"}],"wp:term":[{"taxonomy":"category","embeddable":true,"href":"https:\/\/arantv.az\/index.php?rest_route=%2Fwp%2Fv2%2Fcategories&post=504308"},{"taxonomy":"post_tag","embeddable":true,"href":"https:\/\/arantv.az\/index.php?rest_route=%2Fwp%2Fv2%2Ftags&post=504308"}],"curies":[{"name":"wp","href":"https:\/\/api.w.org\/{rel}","templated":true}]}}