{"id":504321,"date":"2022-08-10T15:51:55","date_gmt":"2022-08-10T12:51:55","guid":{"rendered":"https:\/\/arantv.az\/?p=504321"},"modified":"2022-08-10T15:51:55","modified_gmt":"2022-08-10T12:51:55","slug":"ilham-%c9%99liyev-%c9%99lc%c9%99zairin-xarici-isl%c9%99r-v%c9%99-xaricd%c9%99ki-milli-icma-nazirini-q%c9%99bul-edib","status":"publish","type":"post","link":"https:\/\/arantv.az\/?p=504321","title":{"rendered":"\u0130lham \u018fliyev \u018flc\u0259zairin xarici i\u015fl\u0259r v\u0259 xaricd\u0259ki milli icma nazirini q\u0259bul edib"},"content":{"rendered":"<p>Az\u0259rbaycan Respublikas\u0131n\u0131n Prezidenti\u00a0<strong>\u0130lham \u018fliyev<\/strong>\u00a0avqustun 10-da \u018flc\u0259zair Xalq Demokratik Respublikas\u0131n\u0131n xarici i\u015fl\u0259r v\u0259 xaricd\u0259ki milli icma naziri Ramtan Lamamran\u0131 q\u0259bul edib.<\/p>\n<p><a href=\"https:\/\/azertag.az\/xeber\/Prezident_Ilham_Aliyev_Alcezairin_xarici_isler_ve_xaricdeki_milli_icma_nazirini_qebul_edib-2247653\" target=\"_blank\" rel=\"noopener\">AZ\u018fRTAC<\/a>\u00a0x\u0259b\u0259r verir ki, Ramtan Lamamra \u018flc\u0259zair Xalq Demokratik Respublikas\u0131n\u0131n Prezidenti Abdelm\u0259cid Tebbunun salamlar\u0131n\u0131 v\u0259 xo\u015f arzular\u0131n\u0131 d\u00f6vl\u0259timizin ba\u015f\u00e7\u0131s\u0131na \u00e7atd\u0131r\u0131b. Nazir bildirib ki, \u018flc\u0259zair Prezidenti Az\u0259rbaycanda ged\u0259n inki\u015faf prosesl\u0259rini v\u0259 Prezident \u0130lham \u018fliyevin Qo\u015fulmama H\u0259r\u0259kat\u0131na \u00e7ox u\u011furlu r\u0259hb\u0259rliyini b\u00f6y\u00fck maraqla izl\u0259yir.<\/p>\n<div class=\"AdviadNativeVideo\"><\/div>\n<p>Prezident \u0130lham \u018fliyev salamlara v\u0259 xo\u015f s\u00f6zl\u0259r\u0259 g\u00f6r\u0259 minn\u0259tdarl\u0131\u011f\u0131n\u0131 bildirib, onun da salamlar\u0131n\u0131 Abdelm\u0259cid Tebbuna \u00e7atd\u0131rma\u011f\u0131 xahi\u015f edib.<\/p>\n<p>D\u00f6vl\u0259timizin ba\u015f\u00e7\u0131s\u0131 \u018flc\u0259zairin Qo\u015fulma H\u0259r\u0259kat\u0131 \u00e7\u0259r\u00e7iv\u0259sind\u0259 \u00f6lk\u0259mizin ir\u0259li s\u00fcrd\u00fcy\u00fc t\u0259\u015f\u0259bb\u00fcsl\u0259r\u0259, el\u0259c\u0259 d\u0259 Az\u0259rbaycan\u0131n t\u0259\u015fkilata s\u0259drlik m\u00fcdd\u0259tinin uzad\u0131lmas\u0131 il\u0259 ba\u011fl\u0131 q\u0259rara verdiyi d\u0259st\u0259yi y\u00fcks\u0259k qiym\u0259tl\u0259ndirib. Prezident \u0130lham \u018fliyev OPEC+ format\u0131nda da Az\u0259rbaycanla \u018flc\u0259zairin u\u011furlu \u0259m\u0259kda\u015fl\u0131q h\u0259yata ke\u00e7irdiyini vur\u011fulay\u0131b. G\u0259l\u0259c\u0259kd\u0259 \u0259m\u0259kda\u015fl\u0131\u011f\u0131n daha s\u0259m\u0259r\u0259li v\u0259 f\u0259al \u015f\u0259kild\u0259 apar\u0131lmas\u0131 \u00fc\u00e7\u00fcn bir \u00e7ox sah\u0259l\u0259rin m\u00f6vcud oldu\u011funu qeyd ed\u0259n Prezident \u0130lham \u018fliyev iqtisadi, ticar\u0259t, biznes v\u0259 enerji sah\u0259l\u0259rind\u0259 \u0259laq\u0259l\u0259ri geni\u015fl\u0259ndirm\u0259yin z\u0259ruriliyini bildirib.<\/p>\n<p>Prezident \u0130lham \u018fliyev Ramtan Lamamran\u0131n \u00f6lk\u0259miz\u0259 s\u0259f\u0259rinin ikit\u0259r\u0259fli m\u00fcnasib\u0259tl\u0259rin inki\u015faf\u0131na t\u00f6hf\u0259 ver\u0259c\u0259yin\u0259 \u0259minliyini ifad\u0259 edib.<\/p>\n<p>Qonaq bildirib ki, g\u00f6z\u0259l, qarda\u015f \u00f6lk\u0259 olan Az\u0259rbaycana s\u0259f\u0259rd\u0259n m\u0259mnundurlar v\u0259 o, g\u00f6st\u0259ril\u0259n qonaqp\u0259rv\u0259rliy\u0259 g\u00f6r\u0259 t\u0259\u015f\u0259kk\u00fcr edib. \u00d6z n\u00f6vb\u0259sind\u0259 \u0259laq\u0259l\u0259rimizin geni\u015fl\u0259n\u0259c\u0259yin\u0259 \u0259minliyini ifad\u0259 ed\u0259n Ramtan Lamamra \u00f6lk\u0259l\u0259rimizin bir-birin\u0259 g\u00f6st\u0259rdiyi d\u0259st\u0259yi vur\u011fulay\u0131b, Az\u0259rbaycan il\u0259 \u018flc\u0259zair aras\u0131nda qar\u015f\u0131l\u0131ql\u0131 etimad\u0131n m\u00f6vcudlu\u011funu m\u0259mnunluqla qeyd edib v\u0259 bunun bir \u00e7ox sah\u0259l\u0259rd\u0259 \u0259m\u0259kda\u015fl\u0131\u011f\u0131n m\u00f6hk\u0259ml\u0259nm\u0259si \u00fc\u00e7\u00fcn \u00e7ox s\u0259m\u0259r\u0259li n\u0259tic\u0259l\u0259r ver\u0259 bil\u0259c\u0259yini bildirib.<\/p>\n","protected":false},"excerpt":{"rendered":"<p>Az\u0259rbaycan Respublikas\u0131n\u0131n Prezidenti\u00a0\u0130lham \u018fliyev\u00a0avqustun 10-da \u018flc\u0259zair Xalq Demokratik Respublikas\u0131n\u0131n xarici i\u015fl\u0259r v\u0259 xaricd\u0259ki milli icma naziri Ramtan Lamamran\u0131 q\u0259bul edib. AZ\u018fRTAC\u00a0x\u0259b\u0259r verir ki, Ramtan Lamamra \u018flc\u0259zair Xalq Demokratik Respublikas\u0131n\u0131n Prezidenti Abdelm\u0259cid Tebbunun salamlar\u0131n\u0131 v\u0259 xo\u015f arzular\u0131n\u0131 d\u00f6vl\u0259timizin ba\u015f\u00e7\u0131s\u0131na \u00e7atd\u0131r\u0131b. Nazir bildirib ki, \u018flc\u0259zair Prezidenti Az\u0259rbaycanda ged\u0259n inki\u015faf prosesl\u0259rini v\u0259 Prezident \u0130lham \u018fliyevin Qo\u015fulmama H\u0259r\u0259kat\u0131na \u00e7ox u\u011furlu r\u0259hb\u0259rliyini b\u00f6y\u00fck maraqla izl\u0259yir. Prezident \u0130lham \u018fliyev salamlara v\u0259 xo\u015f s\u00f6zl\u0259r\u0259 g\u00f6r\u0259 minn\u0259tdarl\u0131\u011f\u0131n\u0131 bildirib, onun da salamlar\u0131n\u0131 Abdelm\u0259cid Tebbuna \u00e7atd\u0131rma\u011f\u0131 xahi\u015f edib. D\u00f6vl\u0259timizin ba\u015f\u00e7\u0131s\u0131 \u018flc\u0259zairin Qo\u015fulma H\u0259r\u0259kat\u0131 \u00e7\u0259r\u00e7iv\u0259sind\u0259 \u00f6lk\u0259mizin ir\u0259li s\u00fcrd\u00fcy\u00fc t\u0259\u015f\u0259bb\u00fcsl\u0259r\u0259, el\u0259c\u0259 d\u0259&hellip;<\/p>\n","protected":false},"author":2,"featured_media":504322,"comment_status":"closed","ping_status":"closed","sticky":false,"template":"","format":"standard","meta":{"om_disable_all_campaigns":false,"_monsterinsights_skip_tracking":false,"_monsterinsights_sitenote_active":false,"_monsterinsights_sitenote_note":"","_monsterinsights_sitenote_category":0},"categories":[4],"tags":[],"aioseo_notices":[],"gutentor_comment":0,"rttpg_featured_image_url":{"full":["https:\/\/arantv.az\/wp-content\/uploads\/2022\/08\/1660135113508705258_1000x669.jpg",620,413,false],"landscape":["https:\/\/arantv.az\/wp-content\/uploads\/2022\/08\/1660135113508705258_1000x669.jpg",620,413,false],"portraits":["https:\/\/arantv.az\/wp-content\/uploads\/2022\/08\/1660135113508705258_1000x669.jpg",620,413,false],"thumbnail":["https:\/\/arantv.az\/wp-content\/uploads\/2022\/08\/1660135113508705258_1000x669-500x280.jpg",500,280,true],"medium":["https:\/\/arantv.az\/wp-content\/uploads\/2022\/08\/1660135113508705258_1000x669-548x365.jpg",548,365,true],"large":["https:\/\/arantv.az\/wp-content\/uploads\/2022\/08\/1660135113508705258_1000x669.jpg",620,413,false],"1536x1536":["https:\/\/arantv.az\/wp-content\/uploads\/2022\/08\/1660135113508705258_1000x669.jpg",620,413,false],"2048x2048":["https:\/\/arantv.az\/wp-content\/uploads\/2022\/08\/1660135113508705258_1000x669.jpg",620,413,false],"post-thumbnail":["https:\/\/arantv.az\/wp-content\/uploads\/2022\/08\/1660135113508705258_1000x669-240x172.jpg",240,172,true],"advps-thumb-one":["https:\/\/arantv.az\/wp-content\/uploads\/2022\/08\/1660135113508705258_1000x669.jpg",620,413,false]},"rttpg_author":{"display_name":"V\u00fcsal Rafiqo\u011flu","author_link":"https:\/\/arantv.az\/?author=2"},"rttpg_comment":0,"rttpg_category":"<a href=\"https:\/\/arantv.az\/?cat=4\" rel=\"category\">Siyas\u0259t<\/a>","rttpg_excerpt":"Az\u0259rbaycan Respublikas\u0131n\u0131n Prezidenti\u00a0\u0130lham \u018fliyev\u00a0avqustun 10-da \u018flc\u0259zair Xalq Demokratik Respublikas\u0131n\u0131n xarici i\u015fl\u0259r v\u0259 xaricd\u0259ki milli icma naziri Ramtan Lamamran\u0131 q\u0259bul edib. AZ\u018fRTAC\u00a0x\u0259b\u0259r verir ki, Ramtan Lamamra \u018flc\u0259zair Xalq Demokratik Respublikas\u0131n\u0131n Prezidenti Abdelm\u0259cid Tebbunun salamlar\u0131n\u0131 v\u0259 xo\u015f arzular\u0131n\u0131 d\u00f6vl\u0259timizin ba\u015f\u00e7\u0131s\u0131na \u00e7atd\u0131r\u0131b. Nazir bildirib ki, \u018flc\u0259zair Prezidenti Az\u0259rbaycanda ged\u0259n inki\u015faf prosesl\u0259rini v\u0259 Prezident \u0130lham \u018fliyevin Qo\u015fulmama H\u0259r\u0259kat\u0131na \u00e7ox&hellip;","_links":{"self":[{"href":"https:\/\/arantv.az\/index.php?rest_route=\/wp\/v2\/posts\/504321"}],"collection":[{"href":"https:\/\/arantv.az\/index.php?rest_route=\/wp\/v2\/posts"}],"about":[{"href":"https:\/\/arantv.az\/index.php?rest_route=\/wp\/v2\/types\/post"}],"author":[{"embeddable":true,"href":"https:\/\/arantv.az\/index.php?rest_route=\/wp\/v2\/users\/2"}],"replies":[{"embeddable":true,"href":"https:\/\/arantv.az\/index.php?rest_route=%2Fwp%2Fv2%2Fcomments&post=504321"}],"version-history":[{"count":0,"href":"https:\/\/arantv.az\/index.php?rest_route=\/wp\/v2\/posts\/504321\/revisions"}],"wp:featuredmedia":[{"embeddable":true,"href":"https:\/\/arantv.az\/index.php?rest_route=\/wp\/v2\/media\/504322"}],"wp:attachment":[{"href":"https:\/\/arantv.az\/index.php?rest_route=%2Fwp%2Fv2%2Fmedia&parent=504321"}],"wp:term":[{"taxonomy":"category","embeddable":true,"href":"https:\/\/arantv.az\/index.php?rest_route=%2Fwp%2Fv2%2Fcategories&post=504321"},{"taxonomy":"post_tag","embeddable":true,"href":"https:\/\/arantv.az\/index.php?rest_route=%2Fwp%2Fv2%2Ftags&post=504321"}],"curies":[{"name":"wp","href":"https:\/\/api.w.org\/{rel}","templated":true}]}}